{"id":85456,"date":"2025-08-13T06:24:16","date_gmt":"2025-08-13T04:24:16","guid":{"rendered":"https:\/\/www.infokuryr.cz\/n\/?p=85456"},"modified":"2025-08-13T06:24:16","modified_gmt":"2025-08-13T04:24:16","slug":"africane-si-zacali-sve-vlastni-suroviny-prodavat-sami-a-za-svetove-ceny","status":"publish","type":"post","link":"https:\/\/www.infokuryr.cz\/n\/2025\/08\/13\/africane-si-zacali-sve-vlastni-suroviny-prodavat-sami-a-za-svetove-ceny\/","title":{"rendered":"Afri\u010dan\u00e9 si za\u010dali sv\u00e9 vlastn\u00ed suroviny prod\u00e1vat sami a za sv\u011btov\u00e9 ceny"},"content":{"rendered":"<div id=\"fb-root\"><\/div>\n<h3 class=\"entry-title\">Je to antisemitismus, na\u0159\u00edkaj\u00ed zahrani\u010dn\u00ed majitel\u00e9 ta\u017eebn\u00edch konces\u00ed\u2026<\/h3>\n<p>Mali, Siera Leona, Niger maj\u00ed jednu v\u011bc spole\u010dnou.\u00a0<strong>V posledn\u00edch letech se tamn\u00ed spole\u010dnosti zbavily z\u00e1padn\u00ed nadvl\u00e1dy a za\u010daly pod veden\u00edm nov\u00fdch v\u016fdc\u016f prod\u00e1vat sv\u00e9 p\u0159\u00edrodn\u00ed bohatstv\u00ed sami a za sv\u011btov\u00e9 ceny. Nejednou se v t\u011bchto zem\u00edch buduj\u00ed silnice, \u0161koly atd.<\/strong><\/p>\n<p>D\u0159\u00edve to bylo tak, v zemi byla\u00a0<strong>um\u00edst\u011bna ciz\u00ed vojska \u2013 v\u011bt\u0161inou USA, nebo Francie<\/strong>, ale v Mali t\u0159eba i \u010ceska a\u00a0<strong>ta chr\u00e1nila tam\u011bj\u0161\u00ed loutkovou vl\u00e1du p\u0159ed svr\u017een\u00edm. V\u017edy se to d\u011blo pod z\u00e1minkou boje proti \u201eislamist\u016fm, nebo terorist\u016f\u201c. M\u00edstn\u00ed nerostn\u00e9 bohatstv\u00ed pak t\u00e9m\u011b\u0159 zadarmo t\u011b\u017eily zahrani\u010dn\u00ed spole\u010dnosti, kter\u00e9 zem\u00ed neodv\u00e1d\u011bly krom\u011b nepatrn\u00fdch \u00faplatk\u016f loutkov\u00fdm vl\u00e1dc\u016fm nic<\/strong>. Zem\u011b\u00a0<strong>\u017eily v trval\u00e9 chudob\u011b a jejich obyvatelstvo je\u0161t\u011b bylo ponouk\u00e1no k cest\u011b do Evropy, kde m\u011blo p\u0159isp\u011bt k rasov\u00e9 likvidaci b\u011bloch\u016f.<\/strong> Globalista m\u011bl nejenom zlato, ale je\u0161t\u011b p\u0159isp\u00edval k rasov\u00e9 likvidaci b\u011bloch\u016f v Evrop\u011b.<\/p>\n<p>Dnes je to jinak.\u00a0<strong>Tam\u011bj\u0161\u00ed vl\u00e1dy zahrani\u010dn\u00ed firmy a voj\u00e1ky vyhnaly za pomoci rusk\u00fdch jednotek. To rozl\u00edtilo majitele t\u011bch firem, kte\u0159\u00ed za\u010d\u00ednaj\u00ed na\u0159\u00edkat nad \u201eantisemitismem\u201c \u010dernoch\u016f. Ty zahrani\u010dn\u00ed firmy toti\u017e m\u011bly vesm\u011bs \u017eidovsk\u00e9 majitele<\/strong>. Je to hr\u016fza, m\u00edstn\u00ed obyvatel\u00e9 se u\u017e necht\u011bj\u00ed nechat vyko\u0159is\u0165ovat, cht\u011bj\u00ed d\u011bti pos\u00edlat do \u0161koly, m\u00edsto, aby musely skoro zadarmo d\u0159\u00edt ve zlat\u00e9m dole pro zahrani\u010dn\u00ed majitele\u2026.<\/p>\n<p><strong>K \u010desk\u00e9 \u00fa\u010dasti na ochran\u011b zlat\u00e9ho dolu v Mali snad jedna pozn\u00e1mka. Voj\u00e1ky tam poslal tehdej\u0161\u00ed ministr obrany Stropnick\u00fd, majitelem zlat\u00e9ho dolu, kter\u00fd de facto v Mali br\u00e1nili, byl jist\u00fd Peter Munk. Je pochopiteln\u011b n\u00e1hoda, \u017ee oba jsou \u017eidovsk\u00e9ho p\u016fvodu.<\/strong>\u00a0Jen antisemit\u00e9 a nen\u00e1vistn\u00edci p\u0159ipom\u00ednaj\u00ed takov\u00e9 souvislosti! Nic p\u0159ece nesouvis\u00ed s ni\u010d\u00edm, jak zn\u00e1mo\u2026..<\/p>\n<p><a href=\"https:\/\/ceskavec.com\/2025\/08\/africane-si-zacali-sve-vlastni-suroviny-prodavat-sami-a-za-svetove-ceny-je-to-antisemitismus-narikaji-zahranicni-majitele-tazebnich-koncesi\">Joe Nowak,<\/a> Chicago, USA<\/p>\n<p><img decoding=\"async\" loading=\"lazy\" class=\"wp-image-85002 aligncenter\" src=\"http:\/\/www.infokuryr.cz\/n\/wp-content\/uploads\/2025\/08\/Plakat1-212x300.jpg\" alt=\"\" width=\"632\" height=\"894\" srcset=\"https:\/\/www.infokuryr.cz\/n\/wp-content\/uploads\/2025\/08\/Plakat1-212x300.jpg 212w, https:\/\/www.infokuryr.cz\/n\/wp-content\/uploads\/2025\/08\/Plakat1-724x1024.jpg 724w, https:\/\/www.infokuryr.cz\/n\/wp-content\/uploads\/2025\/08\/Plakat1-768x1086.jpg 768w, https:\/\/www.infokuryr.cz\/n\/wp-content\/uploads\/2025\/08\/Plakat1-1086x1536.jpg 1086w, https:\/\/www.infokuryr.cz\/n\/wp-content\/uploads\/2025\/08\/Plakat1-1024x1449.jpg 1024w, https:\/\/www.infokuryr.cz\/n\/wp-content\/uploads\/2025\/08\/Plakat1.jpg 1131w\" sizes=\"(max-width: 632px) 100vw, 632px\" \/><\/p>\n<p>&nbsp;<\/p>\n<p>&nbsp;<\/p>\n","protected":false},"excerpt":{"rendered":"<p>Je to antisemitismus, na\u0159\u00edkaj\u00ed zahrani\u010dn\u00ed majitel\u00e9 ta\u017eebn\u00edch konces\u00ed\u2026 Mali, Siera Leona, Niger maj\u00ed jednu v\u011bc&#8230;<\/p>\n","protected":false},"author":2,"featured_media":83770,"comment_status":"closed","ping_status":"closed","sticky":false,"template":"","format":"standard","meta":[],"categories":[7],"tags":[1271,9636,2310],"_links":{"self":[{"href":"https:\/\/www.infokuryr.cz\/n\/wp-json\/wp\/v2\/posts\/85456"}],"collection":[{"href":"https:\/\/www.infokuryr.cz\/n\/wp-json\/wp\/v2\/posts"}],"about":[{"href":"https:\/\/www.infokuryr.cz\/n\/wp-json\/wp\/v2\/types\/post"}],"author":[{"embeddable":true,"href":"https:\/\/www.infokuryr.cz\/n\/wp-json\/wp\/v2\/users\/2"}],"replies":[{"embeddable":true,"href":"https:\/\/www.infokuryr.cz\/n\/wp-json\/wp\/v2\/comments?post=85456"}],"version-history":[{"count":0,"href":"https:\/\/www.infokuryr.cz\/n\/wp-json\/wp\/v2\/posts\/85456\/revisions"}],"wp:featuredmedia":[{"embeddable":true,"href":"https:\/\/www.infokuryr.cz\/n\/wp-json\/wp\/v2\/media\/83770"}],"wp:attachment":[{"href":"https:\/\/www.infokuryr.cz\/n\/wp-json\/wp\/v2\/media?parent=85456"}],"wp:term":[{"taxonomy":"category","embeddable":true,"href":"https:\/\/www.infokuryr.cz\/n\/wp-json\/wp\/v2\/categories?post=85456"},{"taxonomy":"post_tag","embeddable":true,"href":"https:\/\/www.infokuryr.cz\/n\/wp-json\/wp\/v2\/tags?post=85456"}],"curies":[{"name":"wp","href":"https:\/\/api.w.org\/{rel}","templated":true}]}}