{"id":8542,"date":"2022-02-24T03:38:08","date_gmt":"2022-02-24T02:38:08","guid":{"rendered":"http:\/\/www.infokuryr.cz\/n\/?p=8542"},"modified":"2022-02-24T03:38:08","modified_gmt":"2022-02-24T02:38:08","slug":"vychodocesti-bojovnici-chteji-mir","status":"publish","type":"post","link":"https:\/\/www.infokuryr.cz\/n\/2022\/02\/24\/vychodocesti-bojovnici-chteji-mir\/","title":{"rendered":"V\u00fdchodo\u010de\u0161t\u00ed bojovn\u00edci cht\u011bj\u00ed m\u00edr!"},"content":{"rendered":"<div id=\"fb-root\"><\/div>\n<p>Vyz\u00fdv\u00e1me \u010desk\u00e9 politiky a \u0161irokou ve\u0159ejnost, aby sv\u00fdm aktivn\u00edm p\u0159\u00edstupem zabr\u00e1nili hroz\u00edc\u00ed velk\u00e9 v\u00e1lce. Otev\u0159ete o\u010di, \u010dt\u011bte a sledujte alternativn\u00ed m\u00e9dia, vn\u00edmejte skute\u010dnosti v kontextu s historick\u00fdmi fakty. Vyhodno\u0165te situaci na v\u00fdchod\u011b Ukrajiny sv\u00fdmi smysly.<\/p>\n<p>Ind\u00edcie hledejte na obou stran\u00e1ch. Pokud srovn\u00e1me po\u010d\u00e1tek II. sv\u011btov\u00e9 v\u00e1lky se sou\u010dasnou situac\u00ed, je to velice podobn\u00e9. V \u010cech\u00e1ch byl v porovn\u00e1n\u00ed s ostatn\u00edmi zem\u011bmi pom\u011brn\u011b blahobyt. Na severu ale nar\u016fstalo hn\u011bd\u00e9 nebezpe\u010d\u00ed. Jak N\u011bmecko s\u00edlilo, sv\u011btov\u00ed politici tak\u00e9 tvrdili, \u017ee o \u017e\u00e1dnou hrozbu nejde a ve\u0161ker\u00e9 mezin\u00e1rodn\u00ed spory se vy\u0159e\u0161\u00ed diplomaticky.<\/p>\n<p>Pouze p\u00e1r moudr\u00fdch jedinc\u016f tvrdilo, \u017ee se bl\u00ed\u017e\u00ed velk\u00e1 v\u00e1lka. Kdy\u017e u\u017e bylo jasn\u00e9, \u017ee nacistick\u00e9 N\u011bmecko tou\u017e\u00ed po \u00fazem\u00ed jin\u00fdch st\u00e1t\u016f, za\u010dali z\u00e1padn\u00ed politici d\u011blat \u201emrtv\u00e9 brouky\u201c a z\u00e1snuby s Hitlerem brali jako ide\u00e1ln\u00ed obranu. Ob\u00e1vali se, \u017ee nov\u00e1 filozofie z Ruska ovlivn\u00ed majetkov\u00e9 pom\u011bry na z\u00e1pad\u011b. Situace sou\u010dasn\u00e9 doby je t\u00e9m\u011b\u0159 stejn\u00e1, nebo velmi podobn\u00e1. NATO a USA ztr\u00e1c\u00ed sv\u011btovou dominanci a hegemonii.<\/p>\n<p>Pot\u0159ebuj\u00ed \u00fazemn\u00ed zisky a tak\u00e9 p\u0159\u00edstup k nerostn\u00fdm surovin\u00e1m. Co v\u00edc, pot\u0159ebuj\u00ed si tak\u00e9 zav\u00e1zat dal\u0161\u00ed zem\u011b a zajistit nov\u00e9 toky financ\u00ed. Tomu tak\u00e9, mimo jin\u00e9, slou\u017e\u00ed cel\u00e1 hysterie kolem Ruska. Odst\u0159ihnout Evropu od rusk\u00e9ho levn\u00e9ho plynu a prod\u00e1vat drah\u00fd, americk\u00fd. Dal\u0161\u00ed obrovsk\u00e9 zisky by n\u00e1sledovaly, pokud by se jim poda\u0159il vyvolat v\u00e1le\u010dn\u00fd konflikt. Zbroja\u0159sk\u00fd pr\u016fmysl je jednou z p\u00e1te\u0159\u00ed americk\u00e9 ekonomiky.<\/p>\n<p>D\u00e1le dodejme, \u017ee do roku 1990 diktovaly sv\u011btu pouze USA, \u017e\u00e1dn\u00e1 stabiln\u00ed bipolarita \u010di demokratick\u00e9 multipol\u00e1rn\u00ed veden\u00ed sv\u011bta. Nyn\u00ed, kdy\u017e u\u017e m\u00e1 sv\u011bt dost totalit\u00e1\u0159sk\u00e9ho dikt\u00e1tu USA, jejich hegemonie zanik\u00e1 a ekonomika se ocit\u00e1 v trosk\u00e1ch, hodlaj\u00ed pravd\u011bpodobn\u011b vrhnout sv\u011bt do velk\u00e9 v\u00e1lky. K tomu se jim hod\u00ed situace na v\u00fdchod\u011b Ukrajiny.<\/p>\n<p>Celkov\u011b je Ukrajina st\u00e1t na pokraji zhroucen\u00ed, ovl\u00e1daj\u00ed ho zkorumpovan\u00ed oligarchov\u00e9 se soukrom\u00fdmi arm\u00e1dami. Takov\u00e9 \u00fazem\u00ed je samo o sob\u011b ohniskem nap\u011bt\u00ed a nepokoj\u016f. Je zde obrovsk\u00e9 ekonomick\u00e9, politick\u00e9, n\u00e1bo\u017eensk\u00e9 a etnick\u00e9 nap\u011bt\u00ed, ob\u0159\u00ed ekonomick\u00e9 pot\u00ed\u017ee, zkorumpovan\u00e1 a nev\u00fdkonn\u00e1 ukrajinsk\u00e1 st\u00e1tn\u00ed spr\u00e1va nezvl\u00e1d\u00e1. Pot\u00e9, co zanikl SSSR, nast\u00e1v\u00e1 dlouh\u00fd p\u00e1d Ukrajiny. Je to v\u0161ak \u00fazem\u00ed lid\u00ed odv\u00e1\u017en\u00fdch a dobrosrde\u010dn\u00fdch. Bohu\u017eel le\u017e\u00ed v cest\u011b mocichtiv\u00e9 USA, kter\u00e1 tla\u010d\u00ed Ukrajinu do v\u00e1lky proti Rusku, by\u0165 Zelienskij ani Putin v\u00e1l\u010dit necht\u011bj\u00ed.<\/p>\n<p>Pr\u00e1v\u011b tyto dv\u011b slovansk\u00e9, bratrsk\u00e9 zem\u011b, st\u00e1ly bok po boku ve II. sv\u011btov\u00e9 v\u00e1lce proti nacistick\u00e9mu N\u011bmecku. Je na \u010dase se jasn\u011b vymezit proti agresivn\u00ed politice USA, uk\u00e1zat prstem na v\u00e1le\u010dn\u00e9 \u0161tv\u00e1\u010de a \u0159\u00edci cel\u00e9mu sv\u011btu, \u017ee nechceme \u017e\u00e1dn\u00fd v\u00e1le\u010dn\u00fd konflikt. A u\u017e v\u016fbec ne jadern\u00fd, kde nebude \u017e\u00e1dn\u00e9ho v\u00edt\u011bze, jen sp\u00e1len\u00e1 planeta.<\/p>\n<p>Okresn\u00ed v\u00fdbor \u010cesk\u00e9ho svazu bojovn\u00edk\u016f za svobodu v Hradci Kr\u00e1lov\u00e9. <span class=\"divider\"><br \/>\n<\/span>ING. PECH\u00c1NEK JI\u0158\u00cd a MGR. PATRIK DU\u0160EK<\/p>\n<p>&nbsp;<\/p>\n","protected":false},"excerpt":{"rendered":"<p>Vyz\u00fdv\u00e1me \u010desk\u00e9 politiky a \u0161irokou ve\u0159ejnost, aby sv\u00fdm aktivn\u00edm p\u0159\u00edstupem zabr\u00e1nili hroz\u00edc\u00ed velk\u00e9 v\u00e1lce. Otev\u0159ete&#8230;<\/p>\n","protected":false},"author":2,"featured_media":8249,"comment_status":"closed","ping_status":"closed","sticky":false,"template":"","format":"standard","meta":[],"categories":[6],"tags":[565,811,40],"_links":{"self":[{"href":"https:\/\/www.infokuryr.cz\/n\/wp-json\/wp\/v2\/posts\/8542"}],"collection":[{"href":"https:\/\/www.infokuryr.cz\/n\/wp-json\/wp\/v2\/posts"}],"about":[{"href":"https:\/\/www.infokuryr.cz\/n\/wp-json\/wp\/v2\/types\/post"}],"author":[{"embeddable":true,"href":"https:\/\/www.infokuryr.cz\/n\/wp-json\/wp\/v2\/users\/2"}],"replies":[{"embeddable":true,"href":"https:\/\/www.infokuryr.cz\/n\/wp-json\/wp\/v2\/comments?post=8542"}],"version-history":[{"count":0,"href":"https:\/\/www.infokuryr.cz\/n\/wp-json\/wp\/v2\/posts\/8542\/revisions"}],"wp:featuredmedia":[{"embeddable":true,"href":"https:\/\/www.infokuryr.cz\/n\/wp-json\/wp\/v2\/media\/8249"}],"wp:attachment":[{"href":"https:\/\/www.infokuryr.cz\/n\/wp-json\/wp\/v2\/media?parent=8542"}],"wp:term":[{"taxonomy":"category","embeddable":true,"href":"https:\/\/www.infokuryr.cz\/n\/wp-json\/wp\/v2\/categories?post=8542"},{"taxonomy":"post_tag","embeddable":true,"href":"https:\/\/www.infokuryr.cz\/n\/wp-json\/wp\/v2\/tags?post=8542"}],"curies":[{"name":"wp","href":"https:\/\/api.w.org\/{rel}","templated":true}]}}