{"id":85386,"date":"2025-08-12T00:22:50","date_gmt":"2025-08-11T22:22:50","guid":{"rendered":"https:\/\/www.infokuryr.cz\/n\/?p=85386"},"modified":"2025-08-11T15:34:24","modified_gmt":"2025-08-11T13:34:24","slug":"hruza-bobosikova-shrnula-co-napachal-rakusan-i-tu-nejnovejsi-drzost-nad-kterou-zustava-rozum-stat","status":"publish","type":"post","link":"https:\/\/www.infokuryr.cz\/n\/2025\/08\/12\/hruza-bobosikova-shrnula-co-napachal-rakusan-i-tu-nejnovejsi-drzost-nad-kterou-zustava-rozum-stat\/","title":{"rendered":"Hr\u016fza! Bobo\u0161\u00edkov\u00e1 shrnula, co nap\u00e1chal Raku\u0161an \u2026 i tu nejnov\u011bj\u0161\u00ed drzost, nad kterou z\u016fst\u00e1v\u00e1 rozum st\u00e1t"},"content":{"rendered":"<div id=\"fb-root\"><\/div>\n<p><strong>Na pravideln\u00e9 tiskovce hnut\u00ed Sta\u010dilo! tentokr\u00e1t doplnil Janu Bobo\u0161\u00edkovou jihomoravsk\u00fd kandid\u00e1t David Moss, odborn\u00edk na informatiku, a\u00a0z\u00e1chran\u00e1\u0159 ze st\u0159edn\u00edch \u010cech Jind\u0159ich Havelka, kter\u00fd se v\u011bnuje soci\u00e1ln\u00edm v\u011bcem.<\/strong><\/p>\n<p><iframe loading=\"lazy\" title=\"STA\u010cILO! Jak to je?\ud83c\udf99 Jana Bobo\u0161\u00edkov\u00e1 - Jind\u0159ich Havelka - David Moos\" width=\"640\" height=\"360\" src=\"https:\/\/www.youtube.com\/embed\/0wx1r9i45Vg?feature=oembed\" frameborder=\"0\" allow=\"accelerometer; autoplay; clipboard-write; encrypted-media; gyroscope; picture-in-picture; web-share\" referrerpolicy=\"strict-origin-when-cross-origin\" allowfullscreen><\/iframe><\/p>\n<p>&nbsp;<\/p>\n<p><img decoding=\"async\" loading=\"lazy\" class=\"wp-image-85002 aligncenter\" src=\"http:\/\/www.infokuryr.cz\/n\/wp-content\/uploads\/2025\/08\/Plakat1-212x300.jpg\" alt=\"\" width=\"654\" height=\"925\" srcset=\"https:\/\/www.infokuryr.cz\/n\/wp-content\/uploads\/2025\/08\/Plakat1-212x300.jpg 212w, https:\/\/www.infokuryr.cz\/n\/wp-content\/uploads\/2025\/08\/Plakat1-724x1024.jpg 724w, https:\/\/www.infokuryr.cz\/n\/wp-content\/uploads\/2025\/08\/Plakat1-768x1086.jpg 768w, https:\/\/www.infokuryr.cz\/n\/wp-content\/uploads\/2025\/08\/Plakat1-1086x1536.jpg 1086w, https:\/\/www.infokuryr.cz\/n\/wp-content\/uploads\/2025\/08\/Plakat1-1024x1449.jpg 1024w, https:\/\/www.infokuryr.cz\/n\/wp-content\/uploads\/2025\/08\/Plakat1.jpg 1131w\" sizes=\"(max-width: 654px) 100vw, 654px\" \/><\/p>\n<p>&nbsp;<\/p>\n<p>&nbsp;<\/p>\n","protected":false},"excerpt":{"rendered":"<p>Na pravideln\u00e9 tiskovce hnut\u00ed Sta\u010dilo! tentokr\u00e1t doplnil Janu Bobo\u0161\u00edkovou jihomoravsk\u00fd kandid\u00e1t David Moss, odborn\u00edk na&#8230;<\/p>\n","protected":false},"author":2,"featured_media":85387,"comment_status":"closed","ping_status":"closed","sticky":false,"template":"","format":"standard","meta":[],"categories":[6],"tags":[1842,8084,1370],"_links":{"self":[{"href":"https:\/\/www.infokuryr.cz\/n\/wp-json\/wp\/v2\/posts\/85386"}],"collection":[{"href":"https:\/\/www.infokuryr.cz\/n\/wp-json\/wp\/v2\/posts"}],"about":[{"href":"https:\/\/www.infokuryr.cz\/n\/wp-json\/wp\/v2\/types\/post"}],"author":[{"embeddable":true,"href":"https:\/\/www.infokuryr.cz\/n\/wp-json\/wp\/v2\/users\/2"}],"replies":[{"embeddable":true,"href":"https:\/\/www.infokuryr.cz\/n\/wp-json\/wp\/v2\/comments?post=85386"}],"version-history":[{"count":1,"href":"https:\/\/www.infokuryr.cz\/n\/wp-json\/wp\/v2\/posts\/85386\/revisions"}],"predecessor-version":[{"id":85388,"href":"https:\/\/www.infokuryr.cz\/n\/wp-json\/wp\/v2\/posts\/85386\/revisions\/85388"}],"wp:featuredmedia":[{"embeddable":true,"href":"https:\/\/www.infokuryr.cz\/n\/wp-json\/wp\/v2\/media\/85387"}],"wp:attachment":[{"href":"https:\/\/www.infokuryr.cz\/n\/wp-json\/wp\/v2\/media?parent=85386"}],"wp:term":[{"taxonomy":"category","embeddable":true,"href":"https:\/\/www.infokuryr.cz\/n\/wp-json\/wp\/v2\/categories?post=85386"},{"taxonomy":"post_tag","embeddable":true,"href":"https:\/\/www.infokuryr.cz\/n\/wp-json\/wp\/v2\/tags?post=85386"}],"curies":[{"name":"wp","href":"https:\/\/api.w.org\/{rel}","templated":true}]}}