{"id":8538,"date":"2022-02-24T03:20:19","date_gmt":"2022-02-24T02:20:19","guid":{"rendered":"http:\/\/www.infokuryr.cz\/n\/?p=8538"},"modified":"2022-02-24T03:20:19","modified_gmt":"2022-02-24T02:20:19","slug":"bily-dum-spojene-staty-za-zadneho-scenare-nebudou-bojovat-s-ruskem","status":"publish","type":"post","link":"https:\/\/www.infokuryr.cz\/n\/2022\/02\/24\/bily-dum-spojene-staty-za-zadneho-scenare-nebudou-bojovat-s-ruskem\/","title":{"rendered":"B\u00edl\u00fd d\u016fm: Spojen\u00e9 st\u00e1ty za \u017e\u00e1dn\u00e9ho sc\u00e9n\u00e1\u0159e nebudou bojovat s Ruskem"},"content":{"rendered":"<div id=\"fb-root\"><\/div>\n<p><strong>Administrativa USA za \u017e\u00e1dn\u00e9ho sc\u00e9n\u00e1\u0159e nem\u00e1 v \u00famyslu vyslat americk\u00e9 voj\u00e1ky na Ukrajiny, aby bojovali proti Rusku, ozn\u00e1mila dnes tiskov\u00e1 mluv\u010d\u00ed B\u00edl\u00e9ho domu Jen Psakiov\u00e1. Z\u00e1stupce Pentagonu tak\u00e9 uvedl, \u017ee komunika\u010dn\u00ed kan\u00e1ly mezi arm\u00e1dami USA a Ruska z\u016fst\u00e1vaj\u00ed otev\u0159en\u00e9.<\/strong><\/p>\n<p>\u201eNev\u00edm, kolikr\u00e1t to budu muset je\u0161t\u011b opakovat. Neexistuje \u017e\u00e1dn\u00fd sc\u00e9n\u00e1\u0159, ve kter\u00e9m prezident po\u0161le americk\u00e9 voj\u00e1ky bojovat na Ukrajinu proti Rusku,\u201c uvedla Psakiov\u00e1 na pravideln\u00e9m br\u00edfinku.<\/p>\n<p>Mluv\u010d\u00ed B\u00edl\u00e9ho domu zd\u016fraznila, \u017ee\u00a0Joe Biden\u00a0toto rozhodnut\u00ed za \u017e\u00e1dn\u00fdch okolnost\u00ed nezm\u011bn\u00ed.\u00a0<em>\u201eNebudeme bojovat s Ruskem a nebudeme nasazovat jednotky na Ukrajin\u011b do boje proti Rusku,\u201c<\/em>\u00a0potvrdila mluv\u010d\u00ed B\u00edl\u00e9ho domu.<\/p>\n<p>Americk\u00e1 arm\u00e1da\u00a0udr\u017euje otev\u0159en\u00e9 komunika\u010dn\u00ed kan\u00e1ly se sv\u00fdmi rusk\u00fdmi prot\u011bj\u0161ky a nem\u00e1 d\u016fvod se domn\u00edvat, \u017ee budou zav\u0159eny uprost\u0159ed eskalace kolem Ukrajiny, uvedl mluv\u010d\u00ed Pentagonu John Kirby.<\/p>\n<p>\u201eNevid\u00edme \u017e\u00e1dn\u00e9 p\u0159\u00edznaky toho, \u017ee by tyto komunika\u010dn\u00ed kan\u00e1ly byly zav\u0159en\u00e9,\u201c uvedl John Kirby.<\/p>\n<p>Kirby p\u0159ipomn\u011bl ned\u00e1vn\u00e9 kontakty mezi ministry obrany a n\u00e1\u010deln\u00edky gener\u00e1ln\u00edch \u0161t\u00e1b\u016f obou zem\u00ed.<\/p>\n<p><strong>Situace na Donbasu<\/strong><\/p>\n<p>Situace v LLR a DLR se vyhrotila, ukrajinsk\u00e1 arm\u00e1da ost\u0159eluje \u00fazem\u00ed republik, evakuace obyvatelstva pokra\u010duje. V sobotu 19. \u00fanora podepsali p\u0159edstavitel\u00e9\u00a0<strong>DLR a LLR<\/strong>\u00a0dekrety o v\u0161eobecn\u00e9 mobilizaci.<\/p>\n<p>Rusk\u00fd prezident Vladimir Putin v pond\u011bl\u00ed po mimo\u0159\u00e1dn\u00e9m velk\u00e9m zased\u00e1n\u00ed Rady bezpe\u010dnosti promluvil k rusk\u00fdm ob\u010dan\u016fm a \u0159ekl, \u017ee pova\u017euje za nutn\u00e9 p\u0159ijmout rozhodnut\u00ed o okam\u017eit\u00e9m uzn\u00e1n\u00ed suverenity\u00a0LLR a DLR, proto\u017ee ti, kdo se vydali cestou krveprolit\u00ed, n\u00e1sil\u00ed a bezpr\u00e1v\u00ed, neuzn\u00e1vaj\u00ed a nebudou uzn\u00e1vat \u017e\u00e1dn\u00e9 jin\u00e9 \u0159e\u0161en\u00ed konfliktu v Donbasu ne\u017e vojensk\u00e9. Bezprost\u0159edn\u011b po projevu prezident v Kremlu podepsal\u00a0dekrety o uzn\u00e1n\u00ed LLR a DLR.<\/p>\n<p>Jak \u0159ekl\u00a0rusk\u00fd prezident\u00a0ve sv\u00e9m projevu k Rus\u016fm ohledn\u011b situace na Ukrajin\u011b, sankce proti Rusku budou i nad\u00e1le uvalov\u00e1ny tak jako tak &#8211; z\u00e1minka se najde nebo vymysl\u00ed, stane se tak bez ohledu na situaci na Ukrajin\u011b, prost\u011b proto, \u017ee existujeme.<\/p>\n<p><a href=\"https:\/\/cz.sputniknews.com\/20220223\/bily-dum-spojene-staty-za-zadneho-scenare-nebudou-bojovat-s-ruskem-17772767.html\">ZDROJ<\/a><\/p>\n<p>&nbsp;<\/p>\n","protected":false},"excerpt":{"rendered":"<p>Administrativa USA za \u017e\u00e1dn\u00e9ho sc\u00e9n\u00e1\u0159e nem\u00e1 v \u00famyslu vyslat americk\u00e9 voj\u00e1ky na Ukrajiny, aby bojovali&#8230;<\/p>\n","protected":false},"author":2,"featured_media":2059,"comment_status":"closed","ping_status":"closed","sticky":false,"template":"","format":"standard","meta":[],"categories":[7],"tags":[26,37,40,352],"_links":{"self":[{"href":"https:\/\/www.infokuryr.cz\/n\/wp-json\/wp\/v2\/posts\/8538"}],"collection":[{"href":"https:\/\/www.infokuryr.cz\/n\/wp-json\/wp\/v2\/posts"}],"about":[{"href":"https:\/\/www.infokuryr.cz\/n\/wp-json\/wp\/v2\/types\/post"}],"author":[{"embeddable":true,"href":"https:\/\/www.infokuryr.cz\/n\/wp-json\/wp\/v2\/users\/2"}],"replies":[{"embeddable":true,"href":"https:\/\/www.infokuryr.cz\/n\/wp-json\/wp\/v2\/comments?post=8538"}],"version-history":[{"count":0,"href":"https:\/\/www.infokuryr.cz\/n\/wp-json\/wp\/v2\/posts\/8538\/revisions"}],"wp:featuredmedia":[{"embeddable":true,"href":"https:\/\/www.infokuryr.cz\/n\/wp-json\/wp\/v2\/media\/2059"}],"wp:attachment":[{"href":"https:\/\/www.infokuryr.cz\/n\/wp-json\/wp\/v2\/media?parent=8538"}],"wp:term":[{"taxonomy":"category","embeddable":true,"href":"https:\/\/www.infokuryr.cz\/n\/wp-json\/wp\/v2\/categories?post=8538"},{"taxonomy":"post_tag","embeddable":true,"href":"https:\/\/www.infokuryr.cz\/n\/wp-json\/wp\/v2\/tags?post=8538"}],"curies":[{"name":"wp","href":"https:\/\/api.w.org\/{rel}","templated":true}]}}