{"id":8536,"date":"2022-02-24T03:13:00","date_gmt":"2022-02-24T02:13:00","guid":{"rendered":"http:\/\/www.infokuryr.cz\/n\/?p=8536"},"modified":"2022-02-24T03:13:00","modified_gmt":"2022-02-24T02:13:00","slug":"reforma-rady-bezpecnosti-osn-by-mela-nejprve-zvysit-hlas-rozvojovych-zemi","status":"publish","type":"post","link":"https:\/\/www.infokuryr.cz\/n\/2022\/02\/24\/reforma-rady-bezpecnosti-osn-by-mela-nejprve-zvysit-hlas-rozvojovych-zemi\/","title":{"rendered":"Reforma Rady bezpe\u010dnosti OSN by m\u011bla nejprve zv\u00fd\u0161it hlas rozvojov\u00fdch zem\u00ed"},"content":{"rendered":"<div id=\"fb-root\"><\/div>\n<p>\u010clen \u010d\u00ednsk\u00e9 St\u00e1tn\u00ed rady a ministr zahrani\u010dn\u00edch v\u011bc\u00ed Wang Yi (Wang I) se v pond\u011bl\u00ed v Pekingu prost\u0159ednictv\u00edm videa setkal se spolup\u0159edsedy mezivl\u00e1dn\u00edho mechanismu pro jedn\u00e1n\u00ed o reform\u011b Rady bezpe\u010dnosti p\u0159i 76. Valn\u00e9m zased\u00e1n\u00ed OSN, s katarsk\u00fdm z\u00e1stupcem v OSN a d\u00e1nsk\u00fdm z\u00e1stupcem v OSN. V sou\u010dasn\u00e9m neklidn\u00e9m mezin\u00e1rodn\u00edm prost\u0159ed\u00ed vy\u017eaduje Rada bezpe\u010dnosti OSN reformu pro zv\u00fd\u0161en\u00ed schopnosti a \u00fa\u010dinnosti, aby l\u00e9pe plnila svou odpov\u011bdnost v r\u00e1mci Charty OSN. \u010c\u00edna v\u017edy podporuje pot\u0159ebnou reformu Rady bezpe\u010dnosti OSN a st\u00e1le o to usiluje.<\/p>\n<p>Wang Yi \u0159ekl, \u017ee reforma Rady bezpe\u010dnosti OSN by m\u011bla nejd\u0159\u00edve zv\u00fd\u0161it zastoupen\u00ed a hlas rozvojov\u00fdch zem\u00ed, aby v\u00edce zem\u00ed, zejm\u00e9na mal\u00fdch a st\u0159edn\u00edch zem\u00ed, m\u011blo v\u00edce p\u0159\u00edle\u017eitost\u00ed k \u00fa\u010dasti na rozhodov\u00e1n\u00ed Rady bezpe\u010dnosti OSN, co\u017e je jak p\u016fvodn\u00ed c\u00edl reformy, tak i sm\u011br reformy.<\/p>\n<p>Wang Yi dodal, \u017ee reforma Rady bezpe\u010dnosti OSN je systematick\u00fd projekt a mus\u00ed dodr\u017eovat bal\u00ed\u010dek \u0159e\u0161en\u00ed, kter\u00fd se t\u00fdk\u00e1 p\u011bti kategori\u00ed ot\u00e1zek. Reforma by m\u011bla dos\u00e1hnout konsenzu a trvat na veden\u00ed \u010dlensk\u00fdch st\u00e1t\u016f, kter\u00e9 odr\u00e1\u017e\u00ed konsenzus \u010dlensk\u00fdch st\u00e1t\u016f a v\u00fdsledky jsou p\u0159ijaty \u010dlensk\u00fdmi st\u00e1ty. Je nutn\u00e9 dodr\u017eovat hlavn\u00ed roli jedn\u00e1n\u00ed mezi vl\u00e1dami.<br \/>\nWang Yi si p\u0159eje, aby spolup\u0159edsedov\u00e9 pos\u00edlili vz\u00e1jemn\u00e9 porozum\u011bn\u00ed ohledn\u011b r\u016fzn\u00fdch stanovisek a podpo\u0159ili stabiln\u00ed pokrok reformy spr\u00e1vn\u00fdm sm\u011brem z hlediska dlouhodob\u00e9ho rozvoje a spole\u010dn\u00e9ho z\u00e1jmu v\u0161ech \u010dlen\u016f Rady bezpe\u010dnosti OSN.<\/p>\n<p>Oba p\u0159edsedov\u00e9 vysoce ocenili \u010d\u00ednsk\u00e9 \u00fasil\u00ed o h\u00e1jen\u00ed mnohostrannosti a pos\u00edlen\u00ed mezin\u00e1rodn\u00ed spolupr\u00e1cev r\u00e1mci OSN, a pogratulovali \u010c\u00edn\u011b k obrovsk\u00e9mu \u00fasp\u011bchu Zimn\u00edch olympijsk\u00fdch her v Pekingu 2022. Reforma Rady bezpe\u010dnosti OSN je komplikovan\u00e1 a citliv\u00e1. Pln\u011b vyslechnou n\u00e1vrhy \u010dlensk\u00fdch zem\u00ed, budouroz\u0161i\u0159ovat konsenzus a zmen\u0161ovat neshody. Jsou ochotni pos\u00edlit komunikaci a koordinaci mezi \u010dlensk\u00fdmi zem\u011bmi Rady bezpe\u010dnosti OSN, v\u010detn\u011b \u010c\u00edny, a podpo\u0159it stabiln\u00ed reformn\u00ed proces.<\/p>\n<p><img decoding=\"async\" loading=\"lazy\" class=\"alignnone size-full wp-image-1185\" src=\"http:\/\/www.infokuryr.cz\/n\/wp-content\/uploads\/2021\/04\/kuryr-podpis.png\" alt=\"\" width=\"84\" height=\"24\" \/><\/p>\n<p>&nbsp;<\/p>\n","protected":false},"excerpt":{"rendered":"<p>\u010clen \u010d\u00ednsk\u00e9 St\u00e1tn\u00ed rady a ministr zahrani\u010dn\u00edch v\u011bc\u00ed Wang Yi (Wang I) se v pond\u011bl\u00ed&#8230;<\/p>\n","protected":false},"author":2,"featured_media":1740,"comment_status":"closed","ping_status":"closed","sticky":false,"template":"","format":"standard","meta":[],"categories":[7],"tags":[186,1408,855],"_links":{"self":[{"href":"https:\/\/www.infokuryr.cz\/n\/wp-json\/wp\/v2\/posts\/8536"}],"collection":[{"href":"https:\/\/www.infokuryr.cz\/n\/wp-json\/wp\/v2\/posts"}],"about":[{"href":"https:\/\/www.infokuryr.cz\/n\/wp-json\/wp\/v2\/types\/post"}],"author":[{"embeddable":true,"href":"https:\/\/www.infokuryr.cz\/n\/wp-json\/wp\/v2\/users\/2"}],"replies":[{"embeddable":true,"href":"https:\/\/www.infokuryr.cz\/n\/wp-json\/wp\/v2\/comments?post=8536"}],"version-history":[{"count":0,"href":"https:\/\/www.infokuryr.cz\/n\/wp-json\/wp\/v2\/posts\/8536\/revisions"}],"wp:featuredmedia":[{"embeddable":true,"href":"https:\/\/www.infokuryr.cz\/n\/wp-json\/wp\/v2\/media\/1740"}],"wp:attachment":[{"href":"https:\/\/www.infokuryr.cz\/n\/wp-json\/wp\/v2\/media?parent=8536"}],"wp:term":[{"taxonomy":"category","embeddable":true,"href":"https:\/\/www.infokuryr.cz\/n\/wp-json\/wp\/v2\/categories?post=8536"},{"taxonomy":"post_tag","embeddable":true,"href":"https:\/\/www.infokuryr.cz\/n\/wp-json\/wp\/v2\/tags?post=8536"}],"curies":[{"name":"wp","href":"https:\/\/api.w.org\/{rel}","templated":true}]}}