{"id":8535,"date":"2022-02-24T03:10:32","date_gmt":"2022-02-24T02:10:32","guid":{"rendered":"http:\/\/www.infokuryr.cz\/n\/?p=8535"},"modified":"2022-02-24T03:10:32","modified_gmt":"2022-02-24T02:10:32","slug":"slepe-proticinske-cinnosti-nepomohou-usa-zlepsit-jejich-konkurenceschopnost","status":"publish","type":"post","link":"https:\/\/www.infokuryr.cz\/n\/2022\/02\/24\/slepe-proticinske-cinnosti-nepomohou-usa-zlepsit-jejich-konkurenceschopnost\/","title":{"rendered":"Slep\u00e9 proti\u010d\u00ednsk\u00e9 \u010dinnosti nepomohou USA zlep\u0161it jejich konkurenceschopnost"},"content":{"rendered":"<div id=\"fb-root\"><\/div>\n<p>17. \u00fanora byl na webov\u00e9 str\u00e1nce americk\u00e9ho m\u00e9dia The Hill zve\u0159ejn\u011bn \u010dl\u00e1nek s n\u00e1zvem Odol\u00e1vat proti\u010d\u00ednsk\u00fdm tendenc\u00edm, ve kter\u00e9m se uv\u00e1d\u00ed, \u017ee politici ve Washingtonu mus\u00ed p\u0159estat pou\u017e\u00edvat \u010c\u00ednu jako \u201eob\u011btn\u00edho ber\u00e1nka\u201c, aby zakryli vlastn\u00ed neschopnost \u0159e\u0161it dom\u00e1c\u00ed probl\u00e9my, a p\u0159estat podn\u011bcovat protiasijsk\u00fd rasismus v ji\u017e tak rozd\u011blen\u00e9 spole\u010dnosti.<\/p>\n<p>Podle \u010dl\u00e1nku Sn\u011bmovna reprezentant\u016f USA schv\u00e1lila po\u010d\u00e1tkem \u00fanora leto\u0161n\u00edho roku Americk\u00fd z\u00e1kon o hospod\u00e1\u0159sk\u00e9 sout\u011b\u017ei z roku 2022. Tento z\u00e1kon tak\u00e9 obsahuje n\u011bkolik n\u00e1vrh\u016f, kter\u00e9 se t\u00fdkaj\u00ed takzvan\u00e9 \u201e\u010d\u00ednsk\u00e9 ot\u00e1zky\u201c, a to nejen s c\u00edlem konkurovat \u010c\u00edn\u011b v oblastech v\u011bdeck\u00e9ho v\u00fdzkumu, technologi\u00ed a dodavatelsk\u00e9ho \u0159et\u011bzce, ale tak\u00e9 obhajuje konfrontaci s \u010c\u00ednou z geopolitick\u00fdch, bezpe\u010dnostn\u00edch a ideologick\u00fdch d\u016fvod\u016f.<\/p>\n<p>\u010cl\u00e1nek v\u011b\u0159\u00ed, \u017ee v sou\u010dasn\u00e9 \u0161kodliv\u00e9 politick\u00e9 atmosf\u00e9\u0159e je t\u0159eba odvaha a moudrost odolat proti\u010d\u00ednsk\u00fdm tendenc\u00edm a p\u0159ijmout aktivn\u00ed opat\u0159en\u00ed na podporu \u010d\u00ednsko-americk\u00e9 spolupr\u00e1ce. Ameri\u010dan\u00e9 a \u010c\u00ed\u0148an\u00e9 maj\u00ed mnoho spole\u010dn\u00fdch z\u00e1jm\u016f a jsou ochotni spolupracovat. Slep\u00e9 proti\u010d\u00ednsk\u00e9 \u010dinnosti nepomohou Spojen\u00fdm st\u00e1t\u016fm zlep\u0161it konkurenceschopnost a nejsou ani v z\u00e1jmu Spojen\u00fdch st\u00e1t\u016f.<\/p>\n<p><img decoding=\"async\" loading=\"lazy\" class=\"alignnone size-full wp-image-1185\" src=\"http:\/\/www.infokuryr.cz\/n\/wp-content\/uploads\/2021\/04\/kuryr-podpis.png\" alt=\"\" width=\"84\" height=\"24\" \/><\/p>\n<p>&nbsp;<\/p>\n","protected":false},"excerpt":{"rendered":"<p>17. \u00fanora byl na webov\u00e9 str\u00e1nce americk\u00e9ho m\u00e9dia The Hill zve\u0159ejn\u011bn \u010dl\u00e1nek s n\u00e1zvem Odol\u00e1vat&#8230;<\/p>\n","protected":false},"author":2,"featured_media":1274,"comment_status":"closed","ping_status":"closed","sticky":false,"template":"","format":"standard","meta":[],"categories":[7],"tags":[30,37],"_links":{"self":[{"href":"https:\/\/www.infokuryr.cz\/n\/wp-json\/wp\/v2\/posts\/8535"}],"collection":[{"href":"https:\/\/www.infokuryr.cz\/n\/wp-json\/wp\/v2\/posts"}],"about":[{"href":"https:\/\/www.infokuryr.cz\/n\/wp-json\/wp\/v2\/types\/post"}],"author":[{"embeddable":true,"href":"https:\/\/www.infokuryr.cz\/n\/wp-json\/wp\/v2\/users\/2"}],"replies":[{"embeddable":true,"href":"https:\/\/www.infokuryr.cz\/n\/wp-json\/wp\/v2\/comments?post=8535"}],"version-history":[{"count":0,"href":"https:\/\/www.infokuryr.cz\/n\/wp-json\/wp\/v2\/posts\/8535\/revisions"}],"wp:featuredmedia":[{"embeddable":true,"href":"https:\/\/www.infokuryr.cz\/n\/wp-json\/wp\/v2\/media\/1274"}],"wp:attachment":[{"href":"https:\/\/www.infokuryr.cz\/n\/wp-json\/wp\/v2\/media?parent=8535"}],"wp:term":[{"taxonomy":"category","embeddable":true,"href":"https:\/\/www.infokuryr.cz\/n\/wp-json\/wp\/v2\/categories?post=8535"},{"taxonomy":"post_tag","embeddable":true,"href":"https:\/\/www.infokuryr.cz\/n\/wp-json\/wp\/v2\/tags?post=8535"}],"curies":[{"name":"wp","href":"https:\/\/api.w.org\/{rel}","templated":true}]}}