{"id":8534,"date":"2022-02-24T03:07:50","date_gmt":"2022-02-24T02:07:50","guid":{"rendered":"http:\/\/www.infokuryr.cz\/n\/?p=8534"},"modified":"2022-02-24T03:07:50","modified_gmt":"2022-02-24T02:07:50","slug":"fialova-lekce-z-bidenspeaku","status":"publish","type":"post","link":"https:\/\/www.infokuryr.cz\/n\/2022\/02\/24\/fialova-lekce-z-bidenspeaku\/","title":{"rendered":"Fialova lekce z Bidenspeaku"},"content":{"rendered":"<div id=\"fb-root\"><\/div>\n<p>Spojen\u00e9 st\u00e1ty v\u010dera neuvalily \u201evelmi tvrd\u00e9\u201c sankce, kter\u00e9 prezident Joe Biden opakovan\u011b sliboval, pokud bude Rusko na Ukrajinu \u201e<a href=\"https:\/\/www.whitehouse.gov\/briefing-room\/speeches-remarks\/2022\/02\/18\/remarks-by-president-biden-providing-an-update-on-russia-and-ukraine-2\/\" target=\"_blank\" rel=\"noopener\">further invade<\/a>\u201c. Spojen\u00e9 st\u00e1ty si \u201evelmi tvrd\u00e9\u201c sankce nech\u00e1vaj\u00ed na\u00a0<a href=\"https:\/\/home.treasury.gov\/news\/press-releases\/jy0602\" target=\"_blank\" rel=\"noopener\">pozd\u011bji<\/a>. T\u00edm se vy\u0159e\u0161ila z\u00e1hadn\u00e1 jazykov\u00e1 ot\u00e1zka. Co p\u0159esn\u011b znamenalo \u201efurther invade\u201c? Bylo to \u201ed\u00e1le napadnout\u201c ve smyslu \u201edal\u0161\u00ed \u00fatok\u201c, anebo \u201ed\u00e1le napadnout\u201c ve smyslu \u201ehloub\u011bji\u201c na \u00fazem\u00ed Ukrajiny? Kdy\u017e Biden v\u010dera prohl\u00e1sil, \u017ee \u201etoto je za\u010d\u00e1tek rusk\u00e9 invaze na Ukrajinu&#8230; A\u00a0jestli Rusko p\u016fjde s\u00a0touto invaz\u00ed d\u00e1le, i\u00a0my jsme p\u0159ipraveni j\u00edt d\u00e1le [se sankcemi],\u201c\u00a0<a href=\"https:\/\/www.whitehouse.gov\/briefing-room\/speeches-remarks\/2022\/02\/22\/remarks-by-president-biden-announcing-response-to-russian-actions-in-ukraine\/\" target=\"_blank\" rel=\"noopener\">nazna\u010dil t\u00edm<\/a>, \u017ee m\u00e1 na mysli napadnout hloub\u011bji na ukrajinsk\u00e9 \u00fazem\u00ed. M\u00e1 se za to, \u017ee v\u010dera uvalen\u00e9 sankce budou m\u00edt jen\u00a0<a href=\"https:\/\/www.reuters.com\/markets\/europe\/western-sanctions-banks-only-scratch-surface-fortress-russia-2022-02-22\/\" target=\"_blank\" rel=\"noopener\">minim\u00e1ln\u00ed dopad<\/a>. Nane\u0161t\u011bst\u00ed kv\u016fli \u010dasov\u00e9mu posunu mezi Prahou a\u00a0Washingtonem musel \u010desk\u00fd premi\u00e9r Petr Fiala komentovat rusk\u00e9 rozm\u00edst\u011bn\u00ed vojsk v\u00a0Don\u011bcku a\u00a0Luhansku d\u0159\u00edve ne\u017e Biden. Fiala po\u017eadoval, aby dopad nov\u00fdch sankc\u00ed byl \u201e<a href=\"https:\/\/www.psp.cz\/eknih\/2021ps\/stenprot\/012schuz\/s012001.htm#r2\" target=\"_blank\" rel=\"noopener\">velmi tvrd\u00fd<\/a>\u201c. Ajaj. To je cena za neznalost Bidenspeaku.<\/p>\n<p><a href=\"https:\/\/www.fsfinalword.cz\/?page=archive&amp;day=2022-02-23&amp;utm_source=utm_source%3Dnewsletter&amp;utm_medium=utm_medium%3De-mail&amp;utm_campaign=utm_campaign%3Dfinal_word_23.2.2022\">Erik Best<\/a><\/p>\n<p><img decoding=\"async\" loading=\"lazy\" class=\"alignnone  wp-image-1179\" src=\"http:\/\/www.infokuryr.cz\/n\/wp-content\/uploads\/2021\/04\/erik-best.jpg\" alt=\"\" width=\"137\" height=\"154\" \/><\/p>\n<p>&nbsp;<\/p>\n","protected":false},"excerpt":{"rendered":"<p>Spojen\u00e9 st\u00e1ty v\u010dera neuvalily \u201evelmi tvrd\u00e9\u201c sankce, kter\u00e9 prezident Joe Biden opakovan\u011b sliboval, pokud bude&#8230;<\/p>\n","protected":false},"author":2,"featured_media":2221,"comment_status":"closed","ping_status":"closed","sticky":false,"template":"","format":"standard","meta":[],"categories":[6],"tags":[72,1497,125],"_links":{"self":[{"href":"https:\/\/www.infokuryr.cz\/n\/wp-json\/wp\/v2\/posts\/8534"}],"collection":[{"href":"https:\/\/www.infokuryr.cz\/n\/wp-json\/wp\/v2\/posts"}],"about":[{"href":"https:\/\/www.infokuryr.cz\/n\/wp-json\/wp\/v2\/types\/post"}],"author":[{"embeddable":true,"href":"https:\/\/www.infokuryr.cz\/n\/wp-json\/wp\/v2\/users\/2"}],"replies":[{"embeddable":true,"href":"https:\/\/www.infokuryr.cz\/n\/wp-json\/wp\/v2\/comments?post=8534"}],"version-history":[{"count":0,"href":"https:\/\/www.infokuryr.cz\/n\/wp-json\/wp\/v2\/posts\/8534\/revisions"}],"wp:featuredmedia":[{"embeddable":true,"href":"https:\/\/www.infokuryr.cz\/n\/wp-json\/wp\/v2\/media\/2221"}],"wp:attachment":[{"href":"https:\/\/www.infokuryr.cz\/n\/wp-json\/wp\/v2\/media?parent=8534"}],"wp:term":[{"taxonomy":"category","embeddable":true,"href":"https:\/\/www.infokuryr.cz\/n\/wp-json\/wp\/v2\/categories?post=8534"},{"taxonomy":"post_tag","embeddable":true,"href":"https:\/\/www.infokuryr.cz\/n\/wp-json\/wp\/v2\/tags?post=8534"}],"curies":[{"name":"wp","href":"https:\/\/api.w.org\/{rel}","templated":true}]}}