{"id":85322,"date":"2025-08-11T00:24:50","date_gmt":"2025-08-10T22:24:50","guid":{"rendered":"https:\/\/www.infokuryr.cz\/n\/?p=85322"},"modified":"2025-08-10T15:41:36","modified_gmt":"2025-08-10T13:41:36","slug":"nacelnik-indickeho-letectva-rika-ze-s-400-zmenil-pravidla-hry-v-konfliktu-s-pakistanem","status":"publish","type":"post","link":"https:\/\/www.infokuryr.cz\/n\/2025\/08\/11\/nacelnik-indickeho-letectva-rika-ze-s-400-zmenil-pravidla-hry-v-konfliktu-s-pakistanem\/","title":{"rendered":"N\u00e1\u010deln\u00edk indick\u00e9ho letectva \u0159\u00edk\u00e1, \u017ee S-400 \u201ezm\u011bnil pravidla hry\u201c v konfliktu s P\u00e1kist\u00e1nem"},"content":{"rendered":"<div id=\"fb-root\"><\/div>\n<p><strong><span>N\u00e1\u010deln\u00edk indick\u00e9ho letectva (IAF) Amar Preet Singh ocenil v\u00fdkon rusk\u00e9ho syst\u00e9mu protivzdu\u0161n\u00e9 obrany dlouh\u00e9ho doletu S-400 b\u011bhem ned\u00e1vn\u00e9ho konfliktu s P\u00e1kist\u00e1nem a ozna\u010dil jej za \u201ezlomov\u00fd moment\u201c.<\/span><\/strong><\/p>\n<p><span>Konflikt vyvolal teroristick\u00fd \u00fatok z 22. dubna na Pahalgam v indick\u00e9m Ka\u0161m\u00edru, za kter\u00fd Nov\u00e9 Dill\u00ed obvinilo Isl\u00e1m\u00e1b\u00e1d.<\/span><\/p>\n<p><span>Situace se vyhrotila 7. kv\u011btna po smrt\u00edc\u00edch indick\u00fdch odvetn\u00fdch \u00faderech proti P\u00e1kist\u00e1nu. Oba okresy si po dobu n\u00e1sleduj\u00edc\u00edch t\u0159\u00ed dn\u016f vym\u011b\u0148ovaly \u00fadery pod\u00e9l kontroln\u00ed linie, de facto hranic ve sporn\u00e9m regionu Ka\u0161m\u00edru a tak\u00e9 na mezin\u00e1rodn\u011b uznan\u00e9 hranici. P\u0159\u00edm\u011b\u0159\u00ed bylo dosa\u017eeno 10. kv\u011btna.<\/span><\/p>\n<p><em>\u201eNa\u0161e syst\u00e9my protivzdu\u0161n\u00e9 obrany odvedly skv\u011blou pr\u00e1ci. Syst\u00e9m S-400, kter\u00fd jsme ned\u00e1vno zakoupili, zm\u011bnil pravidla hry. Dosah tohoto syst\u00e9mu skute\u010dn\u011b dr\u017eel jejich letadla v dostate\u010dn\u00e9 vzd\u00e1lenosti od zbran\u00ed, jako nap\u0159\u00edklad t\u011bch klouzav\u00fdch pum s dlouh\u00fdm doletem, kter\u00e9 maj\u00ed, nebyli schopni pou\u017e\u00edt \u017e\u00e1dnou z nich, proto\u017ee nebyly schopny syst\u00e9m proniknout,\u201c \u0159ekl Singh a pochv\u00e1lil syst\u00e9m protivzdu\u0161n\u00e9 obrany.<\/em><\/p>\n<p><span>V r\u00e1mci dohody v hodnot\u011b 5,43 miliardy dolar\u016f podepsan\u00e9 v roce 2018 z\u00edskala Indie od Ruska \u010dty\u0159i letky syst\u00e9m\u016f S-400. Ka\u017ed\u00e1 letka se skl\u00e1d\u00e1 ze dvou bateri\u00ed. Ka\u017ed\u00e1 baterie, neboli palebn\u00e1 jednotka, je vybavena \u0161esti odpalovac\u00edmi za\u0159\u00edzen\u00edmi, radarem a \u0159\u00eddic\u00edm centrem s a\u017e 128 raketami.<\/span><\/p>\n<p><span>Celkem zem\u011b z\u00edskala 60 odpalovac\u00edch za\u0159\u00edzen\u00ed s p\u0159ibli\u017en\u011b 6 000 raketami, v\u010detn\u011b 9M96E2 s doletem 120 kilometr\u016f, 48N6E2 s doletem 200 kilometr\u016f, 48N6E3 s doletem 240 kilometr\u016f a 40N6E, kter\u00e9 dok\u00e1\u017e\u00ed zas\u00e1hnout c\u00edle a\u017e do vzd\u00e1lenosti 380 kilometr\u016f.<\/span><\/p>\n<p><span>Indick\u00e1 arm\u00e1da aktivovala sv\u00e9 syst\u00e9my S-400 b\u011bhem prvn\u00edho odvetn\u00e9ho \u00fatoku P\u00e1kist\u00e1nu 7. kv\u011btna, p\u0159i\u010dem\u017e k zachycen\u00ed n\u011bkolika typ\u016f vzdu\u0161n\u00fdch c\u00edl\u016f, v\u010detn\u011b raket a dron\u016f, pou\u017eila jak raketu s nejkrat\u0161\u00edm doletem 9M96E2, tak raketu s nejdel\u0161\u00edm doletem 40N6E.<\/span><\/p>\n<p><span>Indick\u00e1 m\u00e9dia chv\u00e1lila v\u00fdkon syst\u00e9mu S-400, kter\u00e9mu se p\u0159ipisuje odra\u017een\u00ed n\u011bkolika p\u00e1kist\u00e1nsk\u00fdch \u00fatok\u016f, v\u010detn\u011b jednoho z nich v posledn\u00ed den konfliktu, jeho\u017e c\u00edlem byla leteck\u00e1 z\u00e1kladna, kde byl jeden takov\u00fd syst\u00e9m nasazen.<\/span><\/p>\n<p><span>Ihned po konfliktu se objevily zpr\u00e1vy, \u017ee Indie jedn\u00e1 s Ruskem o nov\u00e9 dohod\u011b o syst\u00e9mu S-400. Ob\u011b strany potvrdily, \u017ee k takov\u00fdm jedn\u00e1n\u00edm doch\u00e1z\u00ed.<\/span><\/p>\n<p><span>Indie m\u00e1 \u00fadajn\u011b tak\u00e9 z\u00e1jem o modernizaci sv\u00e9 flotily st\u00edha\u010dek Su-30MKI ve spolupr\u00e1ci s Ruskem a tak\u00e9 o po\u0159\u00edzen\u00ed st\u00edha\u010dek Su-35 a Su-57 z t\u00e9to zem\u011b.<\/span><\/p>\n<p><img decoding=\"async\" loading=\"lazy\" class=\"alignnone size-full wp-image-1185\" src=\"http:\/\/www.infokuryr.cz\/n\/wp-content\/uploads\/2021\/04\/kuryr-podpis.png\" alt=\"\" width=\"84\" height=\"24\" \/><\/p>\n<p><img decoding=\"async\" loading=\"lazy\" class=\"wp-image-85002 aligncenter\" src=\"http:\/\/www.infokuryr.cz\/n\/wp-content\/uploads\/2025\/08\/Plakat1-212x300.jpg\" alt=\"\" width=\"612\" height=\"866\" srcset=\"https:\/\/www.infokuryr.cz\/n\/wp-content\/uploads\/2025\/08\/Plakat1-212x300.jpg 212w, https:\/\/www.infokuryr.cz\/n\/wp-content\/uploads\/2025\/08\/Plakat1-724x1024.jpg 724w, https:\/\/www.infokuryr.cz\/n\/wp-content\/uploads\/2025\/08\/Plakat1-768x1086.jpg 768w, https:\/\/www.infokuryr.cz\/n\/wp-content\/uploads\/2025\/08\/Plakat1-1086x1536.jpg 1086w, https:\/\/www.infokuryr.cz\/n\/wp-content\/uploads\/2025\/08\/Plakat1-1024x1449.jpg 1024w, https:\/\/www.infokuryr.cz\/n\/wp-content\/uploads\/2025\/08\/Plakat1.jpg 1131w\" sizes=\"(max-width: 612px) 100vw, 612px\" \/><\/p>\n<p>&nbsp;<\/p>\n","protected":false},"excerpt":{"rendered":"<p>N\u00e1\u010deln\u00edk indick\u00e9ho letectva (IAF) Amar Preet Singh ocenil v\u00fdkon rusk\u00e9ho syst\u00e9mu protivzdu\u0161n\u00e9 obrany dlouh\u00e9ho doletu&#8230;<\/p>\n","protected":false},"author":2,"featured_media":85323,"comment_status":"closed","ping_status":"closed","sticky":false,"template":"","format":"standard","meta":[],"categories":[7],"tags":[79,129,2226],"_links":{"self":[{"href":"https:\/\/www.infokuryr.cz\/n\/wp-json\/wp\/v2\/posts\/85322"}],"collection":[{"href":"https:\/\/www.infokuryr.cz\/n\/wp-json\/wp\/v2\/posts"}],"about":[{"href":"https:\/\/www.infokuryr.cz\/n\/wp-json\/wp\/v2\/types\/post"}],"author":[{"embeddable":true,"href":"https:\/\/www.infokuryr.cz\/n\/wp-json\/wp\/v2\/users\/2"}],"replies":[{"embeddable":true,"href":"https:\/\/www.infokuryr.cz\/n\/wp-json\/wp\/v2\/comments?post=85322"}],"version-history":[{"count":0,"href":"https:\/\/www.infokuryr.cz\/n\/wp-json\/wp\/v2\/posts\/85322\/revisions"}],"wp:featuredmedia":[{"embeddable":true,"href":"https:\/\/www.infokuryr.cz\/n\/wp-json\/wp\/v2\/media\/85323"}],"wp:attachment":[{"href":"https:\/\/www.infokuryr.cz\/n\/wp-json\/wp\/v2\/media?parent=85322"}],"wp:term":[{"taxonomy":"category","embeddable":true,"href":"https:\/\/www.infokuryr.cz\/n\/wp-json\/wp\/v2\/categories?post=85322"},{"taxonomy":"post_tag","embeddable":true,"href":"https:\/\/www.infokuryr.cz\/n\/wp-json\/wp\/v2\/tags?post=85322"}],"curies":[{"name":"wp","href":"https:\/\/api.w.org\/{rel}","templated":true}]}}