{"id":8530,"date":"2022-02-23T15:53:09","date_gmt":"2022-02-23T14:53:09","guid":{"rendered":"http:\/\/www.infokuryr.cz\/n\/?p=8530"},"modified":"2022-02-23T15:53:09","modified_gmt":"2022-02-23T14:53:09","slug":"ukrajina-povolava-do-vojenske-sluzby-zalozniky-od-18-do-60-let","status":"publish","type":"post","link":"https:\/\/www.infokuryr.cz\/n\/2022\/02\/23\/ukrajina-povolava-do-vojenske-sluzby-zalozniky-od-18-do-60-let\/","title":{"rendered":"Ukrajina povol\u00e1v\u00e1 do vojensk\u00e9 slu\u017eby z\u00e1lo\u017en\u00edky od 18 do 60 let"},"content":{"rendered":"<div id=\"fb-root\"><\/div>\n<p><strong>Ukrajina vyz\u00fdv\u00e1 k vojensk\u00e9 slu\u017eb\u011b z\u00e1lo\u017en\u00edky ve v\u011bku od 18 do 60 let, informovala o tom tiskov\u00e1 slu\u017eba gener\u00e1ln\u00edho \u0161t\u00e1bu ukrajinsk\u00fdch ozbrojen\u00fdch sil.<\/strong><\/p>\n<p>\u201eV\u00fdzvy se budou t\u00fdkat z\u00e1lo\u017en\u00edk\u016f od 18 do 60 let. Bude se jednat o d\u016fstojn\u00edky, voj\u00e1ky i podd\u016fstojn\u00edky. Maxim\u00e1ln\u00ed doba slu\u017eby p\u0159edstavuje jeden rok,\u201c uv\u00e1d\u00ed se v publikaci.<\/p>\n<p>P\u0159ipome\u0148me, \u017ee ukrajinsk\u00fd prezident Volodymyr Zelenskyj v\u010dera, 22. \u00fanora, ve sv\u00e9m projevu k n\u00e1rodu ozn\u00e1mil, \u017ee nyn\u00ed nen\u00ed pot\u0159eba v\u0161eobecn\u00e1 mobilizace. Je pot\u0159eba doplnit arm\u00e1du, proto je vyhl\u00e1\u0161ena v\u00fdzva pro z\u00e1lo\u017en\u00edky.<\/p>\n<p>Podle gener\u00e1ln\u00edho \u0161t\u00e1bu z\u00e1lo\u017en\u00edci opera\u010dn\u00ed z\u00e1lohy budou slou\u017eit v t\u011bch vojensk\u00fdch \u00fatvarech a plnit ty \u00fakoly a v r\u00e1mci t\u011bch specializac\u00ed, ve kter\u00fdch absolvovali slu\u017ebu dote\u010f a podepsali smlouvu o slu\u017eb\u011b v opera\u010dn\u00ed z\u00e1loze. Povolan\u00e9mu z\u00e1lo\u017en\u00edkovi bude ponech\u00e1no pracovn\u00ed m\u00edsto a pr\u016fm\u011brn\u00fd m\u011bs\u00ed\u010dn\u00ed plat.<\/p>\n<p><strong>Situace na Donbasu<\/strong><\/p>\n<p>Situace v LLR a DLR se vyhrotila, ukrajinsk\u00e1 arm\u00e1da ost\u0159eluje \u00fazem\u00ed republik, evakuace obyvatelstva pokra\u010duje. V sobotu 19. \u00fanora podepsali p\u0159edstavitel\u00e9\u00a0<strong>DLR a LLR<\/strong>\u00a0dekrety o v\u0161eobecn\u00e9 mobilizaci.<\/p>\n<p>Rusk\u00fd prezident Vladimir Putin v pond\u011bl\u00ed po mimo\u0159\u00e1dn\u00e9m velk\u00e9m zased\u00e1n\u00ed Rady bezpe\u010dnosti promluvil k rusk\u00fdm ob\u010dan\u016fm a \u0159ekl, \u017ee pova\u017euje za nutn\u00e9 p\u0159ijmout rozhodnut\u00ed o okam\u017eit\u00e9m uzn\u00e1n\u00ed suverenity\u00a0LLR a DLR, proto\u017ee ti, kdo se vydali cestou krveprolit\u00ed, n\u00e1sil\u00ed a bezpr\u00e1v\u00ed, neuzn\u00e1vaj\u00ed a nebudou uzn\u00e1vat \u017e\u00e1dn\u00e9 jin\u00e9 \u0159e\u0161en\u00ed konfliktu v Donbasu ne\u017e vojensk\u00e9. Bezprost\u0159edn\u011b po projevu prezident v Kremlu podepsal\u00a0dekrety o uzn\u00e1n\u00ed LLR a DLR.<\/p>\n<p>Jak \u0159ekl\u00a0rusk\u00fd prezident\u00a0ve sv\u00e9m projevu k Rus\u016fm ohledn\u011b situace na Ukrajin\u011b, sankce proti Rusku budou i nad\u00e1le uvalov\u00e1ny tak jako tak &#8211; z\u00e1minka se najde nebo vymysl\u00ed, stane se tak bez ohledu na situaci na Ukrajin\u011b, prost\u011b proto, \u017ee existujeme.<\/p>\n<p><a href=\"https:\/\/cz.sputniknews.com\/20220223\/ukrajina-povolava-do-vojenske-sluzby-zalozniky-od-18-do-60-let-17759233.html\">ZDROJ<\/a><\/p>\n<p>&nbsp;<\/p>\n","protected":false},"excerpt":{"rendered":"<p>Ukrajina vyz\u00fdv\u00e1 k vojensk\u00e9 slu\u017eb\u011b z\u00e1lo\u017en\u00edky ve v\u011bku od 18 do 60 let, informovala o&#8230;<\/p>\n","protected":false},"author":2,"featured_media":6173,"comment_status":"closed","ping_status":"closed","sticky":false,"template":"","format":"standard","meta":[],"categories":[7],"tags":[80,1929,26],"_links":{"self":[{"href":"https:\/\/www.infokuryr.cz\/n\/wp-json\/wp\/v2\/posts\/8530"}],"collection":[{"href":"https:\/\/www.infokuryr.cz\/n\/wp-json\/wp\/v2\/posts"}],"about":[{"href":"https:\/\/www.infokuryr.cz\/n\/wp-json\/wp\/v2\/types\/post"}],"author":[{"embeddable":true,"href":"https:\/\/www.infokuryr.cz\/n\/wp-json\/wp\/v2\/users\/2"}],"replies":[{"embeddable":true,"href":"https:\/\/www.infokuryr.cz\/n\/wp-json\/wp\/v2\/comments?post=8530"}],"version-history":[{"count":0,"href":"https:\/\/www.infokuryr.cz\/n\/wp-json\/wp\/v2\/posts\/8530\/revisions"}],"wp:featuredmedia":[{"embeddable":true,"href":"https:\/\/www.infokuryr.cz\/n\/wp-json\/wp\/v2\/media\/6173"}],"wp:attachment":[{"href":"https:\/\/www.infokuryr.cz\/n\/wp-json\/wp\/v2\/media?parent=8530"}],"wp:term":[{"taxonomy":"category","embeddable":true,"href":"https:\/\/www.infokuryr.cz\/n\/wp-json\/wp\/v2\/categories?post=8530"},{"taxonomy":"post_tag","embeddable":true,"href":"https:\/\/www.infokuryr.cz\/n\/wp-json\/wp\/v2\/tags?post=8530"}],"curies":[{"name":"wp","href":"https:\/\/api.w.org\/{rel}","templated":true}]}}