{"id":85186,"date":"2025-08-08T00:10:42","date_gmt":"2025-08-07T22:10:42","guid":{"rendered":"https:\/\/www.infokuryr.cz\/n\/?p=85186"},"modified":"2025-08-07T16:11:55","modified_gmt":"2025-08-07T14:11:55","slug":"miroslav-petr-o-cem-se-nemluvi-kdyz-jde-o-blackout","status":"publish","type":"post","link":"https:\/\/www.infokuryr.cz\/n\/2025\/08\/08\/miroslav-petr-o-cem-se-nemluvi-kdyz-jde-o-blackout\/","title":{"rendered":"Miroslav Petr: O \u010dem se nemluv\u00ed, kdy\u017e jde o blackout"},"content":{"rendered":"<div id=\"fb-root\"><\/div>\n<p><strong>Majitel ma\u0159i\u010de dostane zaplaceno za to, \u017ee vyroben\u00fd p\u0159ebytek energie zni\u010d\u00ed. N\u011bkdo jin\u00fd dostane dotace za to, \u017ee vyrob\u00ed elektrickou energii z obnoviteln\u00fdch zdroj\u016f-sol\u00e1rky, v\u011btrn\u00edky. Jak mohl spadnout dr\u00e1t, kdy\u017e nebyla \u017e\u00e1dn\u00e1 vich\u0159ice \u010di ork\u00e1n, ale naopak nezvykl\u00e9 vedro? Samoz\u0159ejm\u011b ne\u0161lo o spadl\u00fd dr\u00e1t, ale n\u011bco jako regul\u00e1tor nap\u011bt\u00ed, jako kdy\u017e v\u00e1m &#8222;vypadne&#8220; pojistka doma. Stal se n\u011bkdy opakovan\u00fd backout, kdy\u017e je\u0161t\u011b neexistovalo OZE?<\/strong><\/p>\n<p>V\u00edte, \u017ee Donald zru\u0161il v\u0161echny dotace na OZE? Pardon, jedn\u00e1 se o &#8222;nekorektn\u00ed &#8220; informaci. 12 000 holandsk\u00fdch firem nen\u00ed schopno p\u0159ipojit se do s\u00edt\u011b a za\u010d\u00edt v\u00fdrobu kv\u016fli nedostatku elekt\u0159iny. P\u0159itom tato zem\u011b podporuje v\u00fdrobu elektroaut. Kam se hrabe Kocourkov&#8230;<\/p>\n<p>Loupe\u017en\u00edk Pixla: &#8222;Nemus\u00edme vyr\u00e1b\u011bt \u017e\u00e1dnou elekt\u0159inu, proto\u017ee ji dovezeme.&#8220; Ne\u0159ekl odkud, kdy\u017e sousedn\u00ed N\u011bmecko ni\u010d\u00ed jednu atomku za druhou a spol\u00e9h\u00e1 se na OZE.<\/p>\n<p>L\u00edd\u0159i EU byli na n\u00e1v\u0161t\u011bv\u011b v \u010c\u00edn\u011b nev\u00edtan\u00fdmi hosty. Z leti\u0161t\u011b byli odvezeni oby\u010dejn\u00fdm autobusem, \u010dekali dlouh\u00e9 hodiny, ne\u017e se jim n\u011bkdo v\u011bnuje a nakonec je nechali odv\u00e9zt stejn\u00fdm autobusem. Pamatujete si na monstr\u00f3zn\u00ed a grandi\u00f3zn\u00ed p\u0159iv\u00edt\u00e1n\u00ed britsk\u00e9 kr\u00e1lovny, kter\u00e9 zve\u0159ejnila v\u0161echna sv\u011btov\u00e1 m\u00e9dia?<\/p>\n<p>Rakousko d\u00edky loutkov\u00e9 vl\u00e1d\u011b chce skon\u010dit po mnoha desetilet\u00edch s neutralitou a vstoupit do v\u00e1le\u010dn\u00e9 NATO.<\/p>\n<p>Ma\u010farsko jako jedin\u00e1 zem\u011b EU velmi v\u00fdhodn\u011b spolupracuje s &#8222;krut\u00fdm dikt\u00e1torem ze zaostal\u00e9ho Ruska&#8220;. Soudru\u017ece Lejno se to nel\u00edb\u00ed&#8230;<\/p>\n<p>N\u011bmeck\u00e9 obchody zamykaj\u00ed zbo\u017e\u00ed, proto\u017ee \u010dern\u00fd hmyz krade st\u00e1le v\u00edc. V\u00fdjime\u010dn\u011b tentokr\u00e1t nejde o \u010cechy. Pamatujete dobu, kdy se v Rakousku \u0159\u00edkalo- Co \u010cech, to zlod\u011bj?<\/p>\n<p>Ameri\u010dan\u00e9 demonstruj\u00ed proti ubytov\u00e1n\u00ed &#8222;africk\u00fdch chirurg\u016f&#8220; v luxusn\u00edch hotel\u00edch, samoz\u0159ejm\u011b zdarma, pardon, z dan\u00ed n\u011bmeck\u00fdch obyvatel. Soudruh Nutela se chlub\u00ed, \u017ee pat\u0159\u00edme mezi nejbezpe\u010dn\u011bj\u0161\u00ed zem\u011b na sv\u011bt\u011b. Pokud by, nedej bo\u017ee, vl\u00e1dnul takzvan\u00fd &#8222;profesor&#8220; spolu s Kmotrem- Mafi\u00e1nem je\u0161t\u011b v roce 2027, kdy p\u0159ijdou na &#8222;n\u00e1v\u0161t\u011bvu&#8220; ka\u017ed\u00fd rokem desetitis\u00edce \u010di statis\u00edce vybran\u00fdch krimin\u00e1ln\u00edk\u016f, kter\u00e9 \u017e\u00e1dn\u00e1 zem\u011b nechce, lidumiln\u00fdch \u010dernoch\u016f, pardon, Afroevropan\u016f, budou se i potom chlubit, \u017ee n\u00e1m v\u016fbec nic nehroz\u00ed?<\/p>\n<p>USA tajn\u011b rozm\u00edstila rakety dlouh\u00e9ho doletu bl\u00edzko \u010c\u00edny. Putin kone\u010dn\u011b na opl\u00e1tku obnovil z\u00e1kladnu na Kub\u011b a ve Venezuele. Rusko v cel\u00e9 sv\u00e9 velmi dlouhodob\u00e9 historii nikdy nebylo pora\u017eeno. Rusko a \u010c\u00edna d\u00edky p\u0159ipravovan\u00e9 v\u00e1lce USA proti ob\u011bma zem\u00edm ud\u011blala z obou zem\u00ed p\u0159\u00e1tele. I nejv\u011bt\u0161\u00ed arm\u00e1da na sv\u011bt\u011b nem\u016f\u017ee nikdy porazit sou\u010dasn\u011b dv\u011b atomov\u00e9 velmoci.<\/p>\n<p>Finsko m\u011blo kdysi d\u00edky Rusku v\u00fdbornou ekonomiku. Odklonem od Ruska je z Finska ekonomick\u00e1 troska. Pomohly k tomu sankce proti Rusku na\u0159\u00edzen\u00e9 \u0158\u00ed\u0161\u00ed Velkobruselskou. Jedn\u00edm \u0161krtem skon\u010dila dlouh\u00e1 \u00e9ra oboustrann\u011b v\u00fdhodn\u00e9 spolupr\u00e1ce s Ruskem, obchodu, investic a tolik pro Finsko v\u00fdd\u011ble\u010dn\u00e9ho turistick\u00e9ho ruchu.<\/p>\n<p>V\u00edte, \u017ee u\u017e sedm st\u00e1t\u016f USA zak\u00e1zalo um\u011bl\u00e9 maso Debila Gatese?<\/p>\n<p>Soudru\u017eka Krucifix chce sn\u00ed\u017eit tresty za opakovan\u00e9 kr\u00e1de\u017ee. Cui bono? Kamar\u00e1d\u00ed se snad s n\u011bjak\u00fdmi cik\u00e1ny nebo m\u00e1 v rodin\u011b \u010di mezi p\u0159\u00edbuzn\u00fdmi n\u011bjak\u00e9ho kleptomana? Nechce zru\u0161it rovnou policii a soudy? Nejde o diskriminaci?<\/p>\n<p>Pra\u017esk\u00fd soud op\u011bt \/u\u017e po kolik\u00e1t\u00e9?\/ posunul hlavn\u00ed l\u00ed\u010den\u00ed v kauze Dozimetr. V\u011b\u0159\u00edte na n\u00e1hody? Bude se t\u00fdkat i kauzy s T. Okamurou?<\/p>\n<p>B\u00fdval\u00fd \u010dlen KS\u010c agent soudruh Pepa podepsal z\u00e1kon proti propagaci Komunistick\u00e9 strany a dokonce i proti sati\u0159e. To nedok\u00e1zali ani ti zl\u00ed a \u0161patn\u00ed koman\u010di. Pamatujete si na velmi obl\u00edben\u00fd satirick\u00fd \u010dasopis Dikobraz?<\/p>\n<p><a href=\"https:\/\/www.czechfreepress.cz\/dalsi-blogy\/o-cem-se-nemluvi-kdyz-jde-o-blackout.html\">Miroslav Petr<\/a><\/p>\n<p><img decoding=\"async\" loading=\"lazy\" class=\"wp-image-85002 aligncenter\" src=\"http:\/\/www.infokuryr.cz\/n\/wp-content\/uploads\/2025\/08\/Plakat1-212x300.jpg\" alt=\"\" width=\"682\" height=\"965\" srcset=\"https:\/\/www.infokuryr.cz\/n\/wp-content\/uploads\/2025\/08\/Plakat1-212x300.jpg 212w, https:\/\/www.infokuryr.cz\/n\/wp-content\/uploads\/2025\/08\/Plakat1-724x1024.jpg 724w, https:\/\/www.infokuryr.cz\/n\/wp-content\/uploads\/2025\/08\/Plakat1-768x1086.jpg 768w, https:\/\/www.infokuryr.cz\/n\/wp-content\/uploads\/2025\/08\/Plakat1-1086x1536.jpg 1086w, https:\/\/www.infokuryr.cz\/n\/wp-content\/uploads\/2025\/08\/Plakat1-1024x1449.jpg 1024w, https:\/\/www.infokuryr.cz\/n\/wp-content\/uploads\/2025\/08\/Plakat1.jpg 1131w\" sizes=\"(max-width: 682px) 100vw, 682px\" \/><\/p>\n<p>&nbsp;<\/p>\n","protected":false},"excerpt":{"rendered":"<p>Majitel ma\u0159i\u010de dostane zaplaceno za to, \u017ee vyroben\u00fd p\u0159ebytek energie zni\u010d\u00ed. N\u011bkdo jin\u00fd dostane dotace&#8230;<\/p>\n","protected":false},"author":2,"featured_media":77810,"comment_status":"closed","ping_status":"closed","sticky":false,"template":"","format":"standard","meta":[],"categories":[6],"tags":[9011,1503,122],"_links":{"self":[{"href":"https:\/\/www.infokuryr.cz\/n\/wp-json\/wp\/v2\/posts\/85186"}],"collection":[{"href":"https:\/\/www.infokuryr.cz\/n\/wp-json\/wp\/v2\/posts"}],"about":[{"href":"https:\/\/www.infokuryr.cz\/n\/wp-json\/wp\/v2\/types\/post"}],"author":[{"embeddable":true,"href":"https:\/\/www.infokuryr.cz\/n\/wp-json\/wp\/v2\/users\/2"}],"replies":[{"embeddable":true,"href":"https:\/\/www.infokuryr.cz\/n\/wp-json\/wp\/v2\/comments?post=85186"}],"version-history":[{"count":0,"href":"https:\/\/www.infokuryr.cz\/n\/wp-json\/wp\/v2\/posts\/85186\/revisions"}],"wp:featuredmedia":[{"embeddable":true,"href":"https:\/\/www.infokuryr.cz\/n\/wp-json\/wp\/v2\/media\/77810"}],"wp:attachment":[{"href":"https:\/\/www.infokuryr.cz\/n\/wp-json\/wp\/v2\/media?parent=85186"}],"wp:term":[{"taxonomy":"category","embeddable":true,"href":"https:\/\/www.infokuryr.cz\/n\/wp-json\/wp\/v2\/categories?post=85186"},{"taxonomy":"post_tag","embeddable":true,"href":"https:\/\/www.infokuryr.cz\/n\/wp-json\/wp\/v2\/tags?post=85186"}],"curies":[{"name":"wp","href":"https:\/\/api.w.org\/{rel}","templated":true}]}}