{"id":85129,"date":"2025-08-07T00:30:54","date_gmt":"2025-08-06T22:30:54","guid":{"rendered":"https:\/\/www.infokuryr.cz\/n\/?p=85129"},"modified":"2025-08-06T18:17:45","modified_gmt":"2025-08-06T16:17:45","slug":"marek-rezanka-slichty-uz-bylo-dost","status":"publish","type":"post","link":"https:\/\/www.infokuryr.cz\/n\/2025\/08\/07\/marek-rezanka-slichty-uz-bylo-dost\/","title":{"rendered":"Marek \u0158ezanka: \u0160lichty u\u017e bylo dost\u2026"},"content":{"rendered":"<div id=\"fb-root\"><\/div>\n<p>Komu se z pomysln\u00e9 kuchyn\u011b Fialova kabinetu d\u011blaj\u00ed \u017ealude\u010dn\u00ed v\u0159edy, a zm\u00edn\u011bn\u00fd org\u00e1n se mu z n\u00ed p\u0159\u00edmo zved\u00e1, m\u011bl by o to pe\u010dliv\u011bji vyb\u00edrat, co poz\u0159e p\u0159\u00ed\u0161t\u011b. Zda tou\u017e\u00ed pokra\u010dovat na Folt\u00fdnov\u011b klyst\u00fdru, a utahovat si opasek v z\u00e1jmu p\u0159edra\u017een\u00fdch vojensk\u00fdch zak\u00e1zek, nebo up\u0159ednostn\u00ed funk\u010dn\u00ed zdravotnictv\u00ed, efektivn\u00ed bytovou politiku a mo\u017enost voln\u011b se pod\u011blit o sv\u00e9 n\u00e1zory bez \u201ebonusu\u201c v podob\u011b jejich kriminalizace.<\/p>\n<p>P\u0159i pohledu na sou\u010dasn\u00fd stav na\u0161\u00ed spole\u010dnosti \u010dlov\u011bka napad\u00e1, co by nap\u0159\u00edklad Jan Palach \u0159\u00edkal na:<\/p>\n<p>1) Zamet\u00e1n\u00ed kauz (Bitcoiny, Dozimetr, Taxis)?<br \/>\n2) Z\u0159\u00edzen\u00ed pozice koordin\u00e1tora strategick\u00e9 komunikace, zav\u00e1d\u011bn\u00ed cenzury, d\u011blen\u00ed ob\u010dan\u016f na r\u016fzn\u00e9 kategorie, zastra\u0161ov\u00e1n\u00ed oponent\u016f a jejich kriminalizaci, napad\u00e1n\u00ed opozice a snah\u00e1m ji zru\u0161it v\u010detn\u011b v\u00fdzev k n\u00e1sil\u00ed a ni\u010den\u00ed opozi\u010dn\u00edch st\u00e1nk\u016f? Nemluv\u011b o tom, kdy\u017e \u201ev\u011bhlasn\u00fd\u201c koordin\u00e1tor blazeovan\u011b p\u0159ihl\u00ed\u017e\u00ed ml\u00e1cen\u00ed sv\u00e9ho n\u00e1zorov\u00e9ho odp\u016frce.<br \/>\n3) P\u0159edra\u017een\u00e9 arm\u00e1dn\u00ed zak\u00e1zky, kdy jsou zbran\u011b nad\u0159azeny bydlen\u00ed, zdrav\u00ed \u010di soci\u00e1ln\u00ed p\u00e9\u010di?<\/p>\n<p>Co by \u0159\u00edkal nesmi\u0159iteln\u011b soci\u00e1ln\u011b a ideov\u011b rozd\u011blen\u00e9 spole\u010dnosti ve sv\u011bt\u011b, kde dnes a denn\u011b hroz\u00ed jadern\u00e1 apokalypsa? Lep\u0161\u00ed je snad p\u0159\u00edli\u0161 se nezab\u00fdvat spekulac\u00ed, kolik lid\u00ed by dnes p\u0159i\u0161lo na poh\u0159eb n\u011bkomu, kdo by se na protest proti zdej\u0161\u00edm pom\u011br\u016fm up\u00e1lil, a cht\u011bl tak spole\u010dnost vyburcovat z jej\u00ed letargie. M\u00e9dia by se ji\u017e postarala, aby se o n\u011bm bu\u010f v\u016fbec nemluvilo, nebo aby z\u00edskal n\u00e1lepku tot\u00e1ln\u011b pom\u00fdlen\u00e9ho \u010dlov\u011bka, kter\u00fd zaslou\u017e\u00ed leda politov\u00e1n\u00ed a pohrd\u00e1n\u00ed.<\/p>\n<p>Nad zm\u011bnou menu by m\u011bli p\u0159em\u00fd\u0161let p\u0159edev\u0161\u00edm ti pir\u00e1t\u0161t\u00ed voli\u010di, kte\u0159\u00ed skute\u010dn\u011b cht\u011bj\u00ed soci\u00e1ln\u00ed ot\u00e1zku \u0159e\u0161it, a ne pouze o n\u00ed mluvit. Za \u010dty\u0159i roky vl\u00e1dy se ji\u017e mohli p\u0159esv\u011bd\u010dit, \u017ee tato politika se do programov\u00e9ho prohl\u00e1\u0161en\u00ed Fialovy vl\u00e1dy jednodu\u0161e nevejde. A Pir\u00e1ti v jin\u00e9 ne\u017e Fialov\u011b vl\u00e1d\u011b nezasednou.<\/p>\n<p>To sam\u00e9 plat\u00ed pro pir\u00e1tsk\u00e9 voli\u010de, kte\u0159\u00ed by si p\u0159\u00e1li, aby jejich politi\u010dt\u00ed p\u0159edstavitel\u00e9 nezav\u00edrali ob\u011b o\u010di p\u0159ed hladomorem a genocidou v Gaze (na ni\u017e poukazuje nap\u0159\u00edklad hnut\u00ed Ne na\u0161\u00edm jm\u00e9nem!), nato\u017e, aby toto jedn\u00e1n\u00ed podporovali.<\/p>\n<p>Pir\u00e1tsk\u00fd ministr zahrani\u010d\u00ed sliboval kurs \u00fapln\u011b jin\u00fd, ne\u017e ve Fialov\u011b kabinetu nabral. P\u0159idal se k t\u011bm, jim\u017e na palestinsk\u00e9m civiln\u00edm obyvatelstvu v\u010detn\u011b mal\u00fdch d\u011bt\u00ed nesejde.<br \/>\nTito voli\u010di by si m\u011bli polo\u017eit ot\u00e1zku: Z\u00e1le\u017e\u00ed n\u00e1m na v\u00fd\u0161e zm\u00edn\u011bn\u00fdch t\u00e9matech, nebo na p\u00f3ze, na jak\u00e9 stran\u011b stoj\u00edme? Vol\u00edme obal, nebo obsah? Pokud obsah, pak nelze volit Pir\u00e1ty, ale jejich pokrytectv\u00ed je t\u0159eba \u0159\u00edct Sta\u010dilo! Jedin\u011b hnut\u00ed s t\u00edmto n\u00e1zvem se zde bije za pr\u00e1va soci\u00e1ln\u00ed, a jedin\u011b toto hnut\u00ed v \u010desk\u00e9m politick\u00e9m prost\u0159ed\u00ed apeluje na lidskost v Gaze. Holt nen\u00ed mainstreamem milov\u00e1no, ale to v d\u011bjin\u00e1ch nebyl nikdo, kdo se bral za pr\u00e1va slab\u00fdch a utla\u010dovan\u00fdch a kritizoval nepravosti mocn\u00fdch: Je\u017e\u00ed\u0161 Kristus byl uk\u0159i\u017eov\u00e1n, Mistr Jan Hus up\u00e1len, Rosa Luxemburgov\u00e1 byla zast\u0159elena.<\/p>\n<p>Ka\u017ed\u00fd si mus\u00ed srovnat se sv\u00fdm sv\u011bdom\u00edm, zda mu sta\u010d\u00ed iluze, nebo zda opravdu tou\u017e\u00ed n\u011b\u010deho dos\u00e1hnout.<\/p>\n<p>Dal\u0161\u00ed, kdo by m\u011bli zkoumat sv\u00e9 chut\u011b, jsou voli\u010di hnut\u00ed P\u0159\u00edsaha. Ti by se pana \u0160lachty m\u011bli v prv\u00e9 \u0159ad\u011b zeptat, jak jako podporovatel NATO hodl\u00e1 vyd\u00e1vat p\u011bt procent HDP na zbrojen\u00ed, a sou\u010dasn\u011b financovat zdravotnictv\u00ed, vzd\u011bl\u00e1v\u00e1n\u00ed atd.? Stejn\u011b tak by mu m\u011bli polo\u017eit dotaz, jak se jeho \u00fadajn\u00fd \u010dist\u00fd \u0161t\u00edt slu\u010duje s panem Zimolou a jeho af\u00e9rou s luxusn\u00ed chalupou na \u0160umav\u011b? To m\u00e1 b\u00fdt ta spr\u00e1vn\u00e1 soci\u00e1ln\u011b demokratick\u00e1 tv\u00e1\u0159?<\/p>\n<p>Mo\u017en\u00e1 by se pan \u0160lachta m\u011bl v\u00edce zam\u011b\u0159it na v\u00fdb\u011br p\u0159edstavitel\u016f sv\u00e9ho hnut\u00ed, ne\u017e \u00fato\u010dit na Sta\u010dilo! a vym\u00fd\u0161let si, \u017ee je skrytou koalic\u00ed. Hnut\u00ed Sta\u010dilo! nen\u00ed koalic\u00ed, ale \u0159\u00edd\u00ed se stejn\u00fdm vzorcem, kter\u00fd byl v p\u0159edchoz\u00edch volb\u00e1ch \u00fasp\u011b\u0161n\u011b realizov\u00e1n, nap\u0159\u00edklad u Top09 a STANu. Sta\u010d\u00ed mu tedy dos\u00e1hnout na 5 %. V poslaneck\u00fdch lavic\u00edch zasednou p\u0159\u00edpadn\u011b poslanci za Sta\u010dilo!, nikoli za jednotliv\u00e9 strany. To by ov\u0161em pan \u0160lachta m\u011bl v\u011bd\u011bt, a neztrap\u0148ovat se svou nev\u011bdomost\u00ed (\u010di sp\u00ed\u0161e z\u00e1vist\u00ed, \u017ee v tomto hnut\u00ed nefiguruje, a ve volb\u00e1ch v podstat\u011b nem\u00e1 \u0161anci).<\/p>\n<p>Do t\u0159etice zde m\u00e1me voli\u010de, kte\u0159\u00ed se k urn\u00e1m pravideln\u011b nedostavuj\u00ed. Ti by se m\u011bli sami sebe zeptat, zda je pro n\u011b p\u0159\u00edpadn\u00e9 pokra\u010dov\u00e1n\u00ed Fialova kabinetu \u00fanosn\u00e9. Zda maj\u00ed dost pen\u011bz na emisn\u00ed povolenky a na zbran\u011b, a zda si p\u0159ej\u00ed, aby jejich potomci \u0161li jednou bez st\u0159echy nad hlavou o \u017eebr\u00e1ck\u00e9 holi, ale s \u00falevn\u00fdm pocitem, \u017ee jsou na t\u00e9 spr\u00e1vn\u00e9 stran\u011b?<\/p>\n<p>Lep\u0161\u00ed je se dvakr\u00e1t zeptat ne\u017e bez ptan\u00ed volit. \u010clov\u011bku pak m\u016f\u017ee doj\u00edt, \u017ee u\u017e m\u00e1 nepo\u017eivateln\u00e9 \u0161lichty pln\u00e9 zuby.<\/p>\n<p style=\"text-align: center;\"><em><strong>Kdy\u017e se rod\u00ed hn\u011bd\u00e1\u2026<\/strong><\/em><\/p>\n<p style=\"text-align: center;\"><em>Pochode\u0148 plane, sn\u011bhob\u00edle ho\u0159\u00ed,<\/em><br \/>\n<em>nen\u00ed z t\u011bch tkliv\u00fdch, kdy se nos\u00ed lou\u010de,<\/em><br \/>\n<em>aby si bahno mohlo naporou\u010det.<\/em><br \/>\n<em>V temnu se brod\u00ed pak i profeso\u0159i.<\/em><\/p>\n<p style=\"text-align: center;\"><em>Pochode\u0148 plane, ne\u0161pin\u011bna, \u010dist\u00e1:<\/em><br \/>\n<em>Jin\u00e9 v\u0161ak mohou zapl\u00e1t \u010dir\u00fdm d\u011bsem.<\/em><br \/>\n<em>Dobov\u00e9 heslo: Ten je vinen, jde se\u2026<\/em><br \/>\n<em>Nejhor\u0161\u00ed b\u011bsy nejsou od Mefista.<\/em><\/p>\n<p style=\"text-align: center;\"><em>Sm\u011brovka vymiz\u00ed na v\u0161ech k\u0159i\u017eovatk\u00e1ch.<\/em><br \/>\n<em>Cestu pak nab\u00edz\u00ed jedinou \u2013 je vratk\u00e1.<\/em><br \/>\n<em>Cestu pak nab\u00edz\u00ed \u2013 j\u00edt se po n\u00ed ned\u00e1.<\/em><\/p>\n<p style=\"text-align: center;\"><em>Cukr se pod\u00e1v\u00e1, \u0159et\u011bzy se ch\u0159est\u00ed,<\/em><br \/>\n<em>bi\u010dem se zapr\u00e1sk\u00e1 v\u017edycky na rozcest\u00ed,<\/em><br \/>\n<em>bi\u010dem se zapr\u00e1sk\u00e1, kdy\u017e se rod\u00ed<\/em><br \/>\n<em>hn\u011bd\u00e1\u2026<\/em><\/p>\n<p>P. S. M\u016fj pravideln\u00fd text vyjde op\u011bt v pond\u011bl\u00ed.<\/p>\n<p><a href=\"https:\/\/web.litterate.cz\/slichty-uz-bylo-dost\/\">Marek \u0158ezanka<\/a><\/p>\n<p><img decoding=\"async\" loading=\"lazy\" class=\"alignnone  wp-image-48388\" src=\"http:\/\/www.infokuryr.cz\/n\/wp-content\/uploads\/2024\/03\/marek-rezanka-225x300.jpg\" alt=\"\" width=\"115\" height=\"153\" srcset=\"https:\/\/www.infokuryr.cz\/n\/wp-content\/uploads\/2024\/03\/marek-rezanka-225x300.jpg 225w, https:\/\/www.infokuryr.cz\/n\/wp-content\/uploads\/2024\/03\/marek-rezanka.jpg 603w\" sizes=\"(max-width: 115px) 100vw, 115px\" \/><\/p>\n<p><img decoding=\"async\" loading=\"lazy\" class=\"wp-image-85002 aligncenter\" src=\"http:\/\/www.infokuryr.cz\/n\/wp-content\/uploads\/2025\/08\/Plakat1-212x300.jpg\" alt=\"\" width=\"602\" height=\"852\" srcset=\"https:\/\/www.infokuryr.cz\/n\/wp-content\/uploads\/2025\/08\/Plakat1-212x300.jpg 212w, https:\/\/www.infokuryr.cz\/n\/wp-content\/uploads\/2025\/08\/Plakat1-724x1024.jpg 724w, https:\/\/www.infokuryr.cz\/n\/wp-content\/uploads\/2025\/08\/Plakat1-768x1086.jpg 768w, https:\/\/www.infokuryr.cz\/n\/wp-content\/uploads\/2025\/08\/Plakat1-1086x1536.jpg 1086w, https:\/\/www.infokuryr.cz\/n\/wp-content\/uploads\/2025\/08\/Plakat1-1024x1449.jpg 1024w, https:\/\/www.infokuryr.cz\/n\/wp-content\/uploads\/2025\/08\/Plakat1.jpg 1131w\" sizes=\"(max-width: 602px) 100vw, 602px\" \/><\/p>\n<p>&nbsp;<\/p>\n","protected":false},"excerpt":{"rendered":"<p>Komu se z pomysln\u00e9 kuchyn\u011b Fialova kabinetu d\u011blaj\u00ed \u017ealude\u010dn\u00ed v\u0159edy, a zm\u00edn\u011bn\u00fd org\u00e1n se mu&#8230;<\/p>\n","protected":false},"author":2,"featured_media":85130,"comment_status":"closed","ping_status":"closed","sticky":false,"template":"","format":"standard","meta":[],"categories":[6],"tags":[1042,122,2385,27],"_links":{"self":[{"href":"https:\/\/www.infokuryr.cz\/n\/wp-json\/wp\/v2\/posts\/85129"}],"collection":[{"href":"https:\/\/www.infokuryr.cz\/n\/wp-json\/wp\/v2\/posts"}],"about":[{"href":"https:\/\/www.infokuryr.cz\/n\/wp-json\/wp\/v2\/types\/post"}],"author":[{"embeddable":true,"href":"https:\/\/www.infokuryr.cz\/n\/wp-json\/wp\/v2\/users\/2"}],"replies":[{"embeddable":true,"href":"https:\/\/www.infokuryr.cz\/n\/wp-json\/wp\/v2\/comments?post=85129"}],"version-history":[{"count":0,"href":"https:\/\/www.infokuryr.cz\/n\/wp-json\/wp\/v2\/posts\/85129\/revisions"}],"wp:featuredmedia":[{"embeddable":true,"href":"https:\/\/www.infokuryr.cz\/n\/wp-json\/wp\/v2\/media\/85130"}],"wp:attachment":[{"href":"https:\/\/www.infokuryr.cz\/n\/wp-json\/wp\/v2\/media?parent=85129"}],"wp:term":[{"taxonomy":"category","embeddable":true,"href":"https:\/\/www.infokuryr.cz\/n\/wp-json\/wp\/v2\/categories?post=85129"},{"taxonomy":"post_tag","embeddable":true,"href":"https:\/\/www.infokuryr.cz\/n\/wp-json\/wp\/v2\/tags?post=85129"}],"curies":[{"name":"wp","href":"https:\/\/api.w.org\/{rel}","templated":true}]}}