{"id":85119,"date":"2025-08-07T00:26:53","date_gmt":"2025-08-06T22:26:53","guid":{"rendered":"https:\/\/www.infokuryr.cz\/n\/?p=85119"},"modified":"2025-08-06T17:57:59","modified_gmt":"2025-08-06T15:57:59","slug":"jak-ukrajinske-ss-galizien-cistilo-slovensko-behem-snp","status":"publish","type":"post","link":"https:\/\/www.infokuryr.cz\/n\/2025\/08\/07\/jak-ukrajinske-ss-galizien-cistilo-slovensko-behem-snp\/","title":{"rendered":"Jak Ukrajinsk\u00e9 SS Galizien \u010distilo Slovensko b\u011bhem SNP"},"content":{"rendered":"<div id=\"fb-root\"><\/div>\n<p>Divize &#8222;Galizien&#8220; \u2013 slo\u017een\u00e1 z ukrajinsk\u00fdch dobrovoln\u00edk\u016f b\u011bhem druh\u00e9 sv\u011btov\u00e9 v\u00e1lky \u2013 dodnes vyvol\u00e1v\u00e1 siln\u00e9 emoce. Jedni v n\u00ed vid\u00ed bojovn\u00edky proti tehdej\u0161\u00edmu re\u017eimu, jin\u00ed p\u0159ipom\u00ednaj\u00ed jej\u00ed spojen\u00ed s temnou kapitolou evropsk\u00fdch d\u011bjin. Jak\u00fd byl skute\u010dn\u00fd \u00fa\u010del t\u00e9to jednotky? Pro\u010d je jej\u00ed historie v n\u011bkter\u00fdch zem\u00edch st\u00e1le p\u0159ipom\u00edn\u00e1na? Video je ur\u010deno pro za \u00fa\u010delem vzd\u011bl\u00e1v\u00e1n\u00ed o historii nepodporuje \u017e\u00e1dn\u00e9 zm\u00edn\u011bn\u00e9 ideologii, nebo historick\u00e9 ud\u00e1losti.<\/p>\n<p><iframe loading=\"lazy\" title=\"Jak Ukrajinsk\u00e9 SS Galizien \u010distilo Slovensko b\u011bhem SNP\" width=\"640\" height=\"360\" src=\"https:\/\/www.youtube.com\/embed\/FvRyFO7kXT0?start=341&#038;feature=oembed\" frameborder=\"0\" allow=\"accelerometer; autoplay; clipboard-write; encrypted-media; gyroscope; picture-in-picture; web-share\" referrerpolicy=\"strict-origin-when-cross-origin\" allowfullscreen><\/iframe><\/p>\n<p><img decoding=\"async\" loading=\"lazy\" class=\"alignnone size-full wp-image-1185\" src=\"http:\/\/www.infokuryr.cz\/n\/wp-content\/uploads\/2021\/04\/kuryr-podpis.png\" alt=\"\" width=\"84\" height=\"24\" \/><\/p>\n<p><img decoding=\"async\" loading=\"lazy\" class=\"wp-image-85002 aligncenter\" src=\"http:\/\/www.infokuryr.cz\/n\/wp-content\/uploads\/2025\/08\/Plakat1-212x300.jpg\" alt=\"\" width=\"649\" height=\"918\" srcset=\"https:\/\/www.infokuryr.cz\/n\/wp-content\/uploads\/2025\/08\/Plakat1-212x300.jpg 212w, https:\/\/www.infokuryr.cz\/n\/wp-content\/uploads\/2025\/08\/Plakat1-724x1024.jpg 724w, https:\/\/www.infokuryr.cz\/n\/wp-content\/uploads\/2025\/08\/Plakat1-768x1086.jpg 768w, https:\/\/www.infokuryr.cz\/n\/wp-content\/uploads\/2025\/08\/Plakat1-1086x1536.jpg 1086w, https:\/\/www.infokuryr.cz\/n\/wp-content\/uploads\/2025\/08\/Plakat1-1024x1449.jpg 1024w, https:\/\/www.infokuryr.cz\/n\/wp-content\/uploads\/2025\/08\/Plakat1.jpg 1131w\" sizes=\"(max-width: 649px) 100vw, 649px\" \/><\/p>\n<p>&nbsp;<\/p>\n","protected":false},"excerpt":{"rendered":"<p>Divize &#8222;Galizien&#8220; \u2013 slo\u017een\u00e1 z ukrajinsk\u00fdch dobrovoln\u00edk\u016f b\u011bhem druh\u00e9 sv\u011btov\u00e9 v\u00e1lky \u2013 dodnes vyvol\u00e1v\u00e1 siln\u00e9&#8230;<\/p>\n","protected":false},"author":2,"featured_media":85120,"comment_status":"closed","ping_status":"closed","sticky":false,"template":"","format":"standard","meta":[],"categories":[6],"tags":[1782,203,1635,889],"_links":{"self":[{"href":"https:\/\/www.infokuryr.cz\/n\/wp-json\/wp\/v2\/posts\/85119"}],"collection":[{"href":"https:\/\/www.infokuryr.cz\/n\/wp-json\/wp\/v2\/posts"}],"about":[{"href":"https:\/\/www.infokuryr.cz\/n\/wp-json\/wp\/v2\/types\/post"}],"author":[{"embeddable":true,"href":"https:\/\/www.infokuryr.cz\/n\/wp-json\/wp\/v2\/users\/2"}],"replies":[{"embeddable":true,"href":"https:\/\/www.infokuryr.cz\/n\/wp-json\/wp\/v2\/comments?post=85119"}],"version-history":[{"count":1,"href":"https:\/\/www.infokuryr.cz\/n\/wp-json\/wp\/v2\/posts\/85119\/revisions"}],"predecessor-version":[{"id":85121,"href":"https:\/\/www.infokuryr.cz\/n\/wp-json\/wp\/v2\/posts\/85119\/revisions\/85121"}],"wp:featuredmedia":[{"embeddable":true,"href":"https:\/\/www.infokuryr.cz\/n\/wp-json\/wp\/v2\/media\/85120"}],"wp:attachment":[{"href":"https:\/\/www.infokuryr.cz\/n\/wp-json\/wp\/v2\/media?parent=85119"}],"wp:term":[{"taxonomy":"category","embeddable":true,"href":"https:\/\/www.infokuryr.cz\/n\/wp-json\/wp\/v2\/categories?post=85119"},{"taxonomy":"post_tag","embeddable":true,"href":"https:\/\/www.infokuryr.cz\/n\/wp-json\/wp\/v2\/tags?post=85119"}],"curies":[{"name":"wp","href":"https:\/\/api.w.org\/{rel}","templated":true}]}}