{"id":85081,"date":"2025-08-07T00:15:17","date_gmt":"2025-08-06T22:15:17","guid":{"rendered":"https:\/\/www.infokuryr.cz\/n\/?p=85081"},"modified":"2025-08-06T14:14:45","modified_gmt":"2025-08-06T12:14:45","slug":"petr-imanuelsen-geoinzenyrsky-projekt-o-kterem-jste-nikdy-neslyseli","status":"publish","type":"post","link":"https:\/\/www.infokuryr.cz\/n\/2025\/08\/07\/petr-imanuelsen-geoinzenyrsky-projekt-o-kterem-jste-nikdy-neslyseli\/","title":{"rendered":"Petr Imanuelsen: Geoin\u017een\u00fdrsk\u00fd projekt, o kter\u00e9m jste nikdy nesly\u0161eli"},"content":{"rendered":"<div id=\"fb-root\"><\/div>\n<div class=\"elementor-element elementor-element-1fb4c2c elementor-widget elementor-widget-theme-post-content\" data-id=\"1fb4c2c\" data-element_type=\"widget\" data-widget_type=\"theme-post-content.default\">\n<div class=\"elementor-widget-container\">\n<p><strong>Neuv\u011b\u0159\u00edte, jak ten projekt nazvali&#8230;<\/strong><\/p>\n<p>Mainstreamov\u00e1 m\u00e9dia v\u00e1m pravd\u011bpodobn\u011b \u0159ekla, \u017ee geoin\u017een\u00fdrstv\u00ed je jen \u0161\u00edlen\u00e1 \u201ekrajn\u011b pravicov\u00e1\u201c konspira\u010dn\u00ed teorie, \u017ee?<\/p>\n<p>No, to u\u017e tak nen\u00ed. Ve skute\u010dnosti m\u00e9dia na tuto ot\u00e1zku n\u00e1hle zm\u011bnila n\u00e1zor. U\u017e se na ni nepohl\u00ed\u017eelo jako na n\u011bco, co neexistuje, ale jako na n\u011bco, co se n\u00e1hle d\u011bje, a dokonce i jako na dobrou v\u011bc.<\/p>\n<p>Takhle to s m\u00e9dii obvykle chod\u00ed. Nejd\u0159\u00edv l\u017eou a \u0159\u00edkaj\u00ed, \u017ee se to ned\u011bje. Pak, kdy\u017e to u\u017e nemohou skr\u00fdvat, tak se to stejn\u011b stane a te\u010f je to v po\u0159\u00e1dku.<\/p>\n<p>Ale p\u0159ed p\u00e1r lety se n\u011bco stalo a neuv\u011b\u0159\u00edte, jak tento projekt nazvali.<\/p>\n<p>V roce 2022 se brit\u0161t\u00ed v\u011bdci ze spole\u010dnosti European Astrotech rozhodli vypustit meteorologick\u00fd bal\u00f3n do vysok\u00e9 nadmo\u0159sk\u00e9 v\u00fd\u0161ky, kter\u00fdm se do stratosf\u00e9ry uvolnil oxid si\u0159i\u010dit\u00fd.<\/p>\n<p>Pro\u010d, pt\u00e1te se mo\u017en\u00e1?<\/p>\n<p>Proto\u017ee cht\u011bli ZABLOKOVAT slunce.<\/p>\n<p>Uh\u00e1dnete, jak se tento projekt jmenoval?<\/p>\n<p>Stratosf\u00e9rick\u00fd transport a nukleace aerosol\u016f \u2013 nebo zkr\u00e1cen\u011b \u201esatan\u201c.<\/p>\n<p>Tak\u017ee se doslova vysm\u00edvaj\u00ed lidstvu. Jak m\u016f\u017eou prov\u00e1d\u011bt takov\u00e9 projekty a sna\u017eit se zatemnit slunce pro zbytek lidstva? To se zd\u00e1 b\u00fdt velmi zl\u00e9.<\/p>\n<p>Nejen to, ale tohle v\u0161echno se stalo bez v\u011bdom\u00ed ve\u0159ejnosti, proto\u017ee se o tom v mainstreamov\u00fdch m\u00e9di\u00edch \u0161iroce neinformovalo. Ale te\u010f o tom sly\u0161\u00edte ode m\u011b, tak\u017ee se ur\u010dit\u011b P\u0158IHL\u00c1STE K ODB\u011aRU, pokud jste tak je\u0161t\u011b neu\u010dinili \u2013 nebo se sta\u0148te placen\u00fdm odb\u011bratelem, abyste podpo\u0159ili mou nez\u00e1vislou \u017eurnalistiku!<\/p>\n<p>Dal\u0161\u00ed spole\u010dnost s n\u00e1zvem Make Sunsets tak\u00e9 vypou\u0161t\u011bla do atmosf\u00e9ry oxid si\u0159i\u010dit\u00fd, aby zablokovala slunce. Ud\u011blali to v Mexiku, co\u017e vl\u00e1du pr\u00e1vem nel\u00edbilo a zak\u00e1zala budouc\u00ed geoin\u017een\u00fdrsk\u00e9 experimenty.<\/p>\n<p>Jde o to, \u017ee rozpra\u0161ov\u00e1n\u00ed oxidu si\u0159i\u010dit\u00e9ho do atmosf\u00e9ry by bylo pro \u017eivotn\u00ed prost\u0159ed\u00ed stra\u0161n\u011b \u0161patn\u00e9. Nemluv\u011b o tom, \u017ee blokov\u00e1n\u00ed slunce by bylo velmi \u0161patn\u00e9 pro \u017eivot na Zemi, jak ho zn\u00e1me.<\/p>\n<p>Tak\u017ee to d\u011blaj\u00ed kv\u016fli klimatick\u00fdm zm\u011bn\u00e1m. Ale co v\u0161echny ty sol\u00e1rn\u00ed \u010dl\u00e1nky? Jak maj\u00ed fungovat, kdy\u017e blokuj\u00ed slunce? N\u011bkdo evidentn\u011b nepou\u017e\u00edval mozek. Nebo je to mo\u017en\u00e1 o n\u011b\u010dem jin\u00e9m?<\/p>\n<p>Co p\u0159esn\u011b je to za chemik\u00e1lii, kterou uvol\u0148uj\u00ed? Oxid si\u0159i\u010dit\u00fd je p\u0159i vdechov\u00e1n\u00ed\u00a0<a href=\"https:\/\/pubchem.ncbi.nlm.nih.gov\/compound\/Sulfur-dioxide\" target=\"_blank\" rel=\"noreferrer noopener\" data-type=\"link\" data-id=\"https:\/\/pubchem.ncbi.nlm.nih.gov\/compound\/Sulfur-dioxide\">VELMI toxick\u00fd<\/a>\u00a0a ovliv\u0148uje d\u00fdchac\u00ed syst\u00e9m. M\u016f\u017ee zp\u016fsobit v\u00e1\u017en\u00e9 podr\u00e1\u017ed\u011bn\u00ed nosu, o\u010d\u00ed, krku, plic a k\u016f\u017ee.<\/p>\n<p>Tento oxid si\u0159i\u010dit\u00fd je rozpra\u0161ov\u00e1n do horn\u00edch vrstev atmosf\u00e9ry a vytv\u00e1\u0159\u00ed\u00a0<a href=\"https:\/\/www.sciencedaily.com\/releases\/2020\/07\/200720093238.htm\" target=\"_blank\" rel=\"noreferrer noopener\" data-type=\"link\" data-id=\"https:\/\/www.sciencedaily.com\/releases\/2020\/07\/200720093238.htm\">oblaka kyseliny s\u00edrov\u00e9<\/a>\u00a0. Uh\u00e1dnete, co je kyselina s\u00edrov\u00e1? Je to ta sam\u00e1 l\u00e1tka, kter\u00e1 se nach\u00e1z\u00ed v autobateri\u00edch. Je to doslova kyselina do bateri\u00ed.<\/p>\n<p>Tak\u017ee, aby se zachr\u00e1nilo klima, jsou do atmosf\u00e9ry vh\u00e1n\u011bny mraky kyseliny z bateri\u00ed. Vysoce toxick\u00e1 a vysoce korozivn\u00ed chemik\u00e1lie. To si nedok\u00e1\u017eete p\u0159edstavit.<\/p>\n<p>Tak\u017ee te\u010f m\u00e1me lidi, kte\u0159\u00ed zne\u010di\u0161\u0165uj\u00ed na\u0161i Zemi vypou\u0161t\u011bn\u00edm TOXICK\u00ddCH chemik\u00e1li\u00ed do atmosf\u00e9ry pod rou\u0161kou \u201eklimatick\u00fdch zm\u011bn\u201c.<\/p>\n<p>Fanatici klimatick\u00fdch zm\u011bn nyn\u00ed vypou\u0161t\u00ed do atmosf\u00e9ry mraky kyseliny z bateri\u00ed, aby zachr\u00e1nili planetu. To se nezd\u00e1 moc chytr\u00e9&#8230;<\/p>\n<p>Podle m\u011b je odeb\u00edr\u00e1n\u00ed slunce poru\u0161en\u00edm lidsk\u00fdch pr\u00e1v.<\/p>\n<p>Britsk\u00e1 vl\u00e1da ale nyn\u00ed ozn\u00e1mila pl\u00e1ny na financov\u00e1n\u00ed geoin\u017een\u00fdrsk\u00fdch experiment\u016f ohromuj\u00edc\u00edmi 57 miliony liber.<\/p>\n<p>Financuj\u00ed p\u011bt experiment\u016f, kter\u00e9 budou pravd\u011bpodobn\u011b prob\u00edhat venku. T\u0159i z projekt\u016f zahrnuj\u00ed zesv\u011btlen\u00ed mrak\u016f nad oce\u00e1nem. Jin\u00fdmi slovy, mraky by m\u011bly siln\u011bji odr\u00e1\u017eet slunce, co\u017e znamen\u00e1, \u017ee by m\u011bly slunce blokovat.<\/p>\n<p>Dal\u0161\u00ed projekt, kter\u00fd financuj\u00ed, zahrnuje rozpra\u0161ov\u00e1n\u00ed chemik\u00e1li\u00ed do stratosf\u00e9ry, stejn\u011b jako projekt \u201eSatan\u201c. C\u00edlem je ZABLOKOVAT Slunce.<\/p>\n<p>Nev\u00edm jak vy, ale j\u00e1 chci \u017e\u00edt na Zemi bez n\u011bjak\u00fdch \u0161\u00edlen\u00fdch v\u011bdc\u016f, kte\u0159\u00ed se sna\u017e\u00ed zablokovat Slunce.<\/p>\n<p>Hlavn\u00ed m\u00e9dia o tomto masivn\u00edm \u00fatoku na lidstvo sotva informovala \u2013 ale j\u00e1 ano.<\/p>\n<\/div>\n<\/div>\n<div class=\"elementor-element elementor-element-8c57238 quelle dc-has-condition dc-condition-empty elementor-widget elementor-widget-heading\" data-id=\"8c57238\" data-element_type=\"widget\" data-widget_type=\"heading.default\">\n<div class=\"elementor-widget-container\">\n<h3 class=\"elementor-heading-title elementor-size-default\"><span style=\"font-size: 10pt;\"><a href=\"https:\/\/www.petersweden.org\/p\/shocking-geo-engineering-project?utm_source=post-email-title&amp;publication_id=547128&amp;post_id=170213257&amp;utm_campaign=email-post-title&amp;isFreemail=false&amp;r=pf6gr&amp;triedRedirect=true&amp;utm_medium=email\" target=\"_blank\" rel=\"nofollow noopener\">Zdroj<\/a><\/span><\/h3>\n<p><img decoding=\"async\" loading=\"lazy\" class=\"wp-image-85002 aligncenter\" src=\"http:\/\/www.infokuryr.cz\/n\/wp-content\/uploads\/2025\/08\/Plakat1-212x300.jpg\" alt=\"\" width=\"627\" height=\"887\" srcset=\"https:\/\/www.infokuryr.cz\/n\/wp-content\/uploads\/2025\/08\/Plakat1-212x300.jpg 212w, https:\/\/www.infokuryr.cz\/n\/wp-content\/uploads\/2025\/08\/Plakat1-724x1024.jpg 724w, https:\/\/www.infokuryr.cz\/n\/wp-content\/uploads\/2025\/08\/Plakat1-768x1086.jpg 768w, https:\/\/www.infokuryr.cz\/n\/wp-content\/uploads\/2025\/08\/Plakat1-1086x1536.jpg 1086w, https:\/\/www.infokuryr.cz\/n\/wp-content\/uploads\/2025\/08\/Plakat1-1024x1449.jpg 1024w, https:\/\/www.infokuryr.cz\/n\/wp-content\/uploads\/2025\/08\/Plakat1.jpg 1131w\" sizes=\"(max-width: 627px) 100vw, 627px\" \/><\/p>\n<p>&nbsp;<\/p>\n<\/div>\n<\/div>\n","protected":false},"excerpt":{"rendered":"<p>Neuv\u011b\u0159\u00edte, jak ten projekt nazvali&#8230; Mainstreamov\u00e1 m\u00e9dia v\u00e1m pravd\u011bpodobn\u011b \u0159ekla, \u017ee geoin\u017een\u00fdrstv\u00ed je jen \u0161\u00edlen\u00e1&#8230;<\/p>\n","protected":false},"author":2,"featured_media":51589,"comment_status":"closed","ping_status":"closed","sticky":false,"template":"","format":"standard","meta":[],"categories":[7],"tags":[3546,5404,873,3389],"_links":{"self":[{"href":"https:\/\/www.infokuryr.cz\/n\/wp-json\/wp\/v2\/posts\/85081"}],"collection":[{"href":"https:\/\/www.infokuryr.cz\/n\/wp-json\/wp\/v2\/posts"}],"about":[{"href":"https:\/\/www.infokuryr.cz\/n\/wp-json\/wp\/v2\/types\/post"}],"author":[{"embeddable":true,"href":"https:\/\/www.infokuryr.cz\/n\/wp-json\/wp\/v2\/users\/2"}],"replies":[{"embeddable":true,"href":"https:\/\/www.infokuryr.cz\/n\/wp-json\/wp\/v2\/comments?post=85081"}],"version-history":[{"count":0,"href":"https:\/\/www.infokuryr.cz\/n\/wp-json\/wp\/v2\/posts\/85081\/revisions"}],"wp:featuredmedia":[{"embeddable":true,"href":"https:\/\/www.infokuryr.cz\/n\/wp-json\/wp\/v2\/media\/51589"}],"wp:attachment":[{"href":"https:\/\/www.infokuryr.cz\/n\/wp-json\/wp\/v2\/media?parent=85081"}],"wp:term":[{"taxonomy":"category","embeddable":true,"href":"https:\/\/www.infokuryr.cz\/n\/wp-json\/wp\/v2\/categories?post=85081"},{"taxonomy":"post_tag","embeddable":true,"href":"https:\/\/www.infokuryr.cz\/n\/wp-json\/wp\/v2\/tags?post=85081"}],"curies":[{"name":"wp","href":"https:\/\/api.w.org\/{rel}","templated":true}]}}