{"id":85079,"date":"2025-08-07T00:14:55","date_gmt":"2025-08-06T22:14:55","guid":{"rendered":"https:\/\/www.infokuryr.cz\/n\/?p=85079"},"modified":"2025-08-06T14:08:02","modified_gmt":"2025-08-06T12:08:02","slug":"soukromi-v-ohrozeni-eu-chce-pred-odeslanim-skenovat-kazdou-zpravu","status":"publish","type":"post","link":"https:\/\/www.infokuryr.cz\/n\/2025\/08\/07\/soukromi-v-ohrozeni-eu-chce-pred-odeslanim-skenovat-kazdou-zpravu\/","title":{"rendered":"Soukrom\u00ed v ohro\u017een\u00ed: EU chce p\u0159ed odesl\u00e1n\u00edm skenovat ka\u017edou zpr\u00e1vu"},"content":{"rendered":"<div id=\"fb-root\"><\/div>\n<div class=\"elementor-element elementor-element-1fb4c2c elementor-widget elementor-widget-theme-post-content\" data-id=\"1fb4c2c\" data-element_type=\"widget\" data-widget_type=\"theme-post-content.default\">\n<div class=\"elementor-widget-container\">\n<h3><strong><span>EU obnovuje pl\u00e1n na z\u00e1kaz soukrom\u00fdch zpr\u00e1v<\/span><\/strong><\/h3>\n<p><span>EU se bl\u00ed\u017e\u00ed k nejv\u011bt\u0161\u00edmu experimentu se sledov\u00e1n\u00edm v dob\u011b m\u00edru ve sv\u00e9 historii a pl\u00e1nuje prohledat ka\u017edou soukromou zpr\u00e1vu p\u0159ed jej\u00edm odesl\u00e1n\u00edm.<\/span><\/p>\n<p><span>Evropsk\u00e1 unie se nad\u00e1le pot\u00fdk\u00e1 s kontroverzn\u00edm pl\u00e1nem, kter\u00fd by prom\u011bnil slu\u017eby soukrom\u00fdch zpr\u00e1v v n\u00e1stroje pro sledov\u00e1n\u00ed. Jedn\u00e1n\u00ed o tom, zda by poskytovatel\u00e9 m\u011bli b\u00fdt povinni prov\u011b\u0159ovat v\u0161echny zpr\u00e1vy na p\u0159\u00edtomnost neleg\u00e1ln\u00edho materi\u00e1lu a hl\u00e1sit podez\u0159elou aktivitu org\u00e1n\u016fm \u010dinn\u00fdm v trestn\u00edm \u0159\u00edzen\u00ed, se ji\u017e v\u00edce ne\u017e t\u0159i roky zastavila.<\/span><\/p>\n<p><span>Evropsk\u00e1 komise nad\u00e1le prosazuje v\u0161eobecnou povinnost skenov\u00e1n\u00ed. Evropsk\u00fd parlament naopak trv\u00e1 na tom, \u017ee kontroly by se m\u011bly vztahovat pouze na ne\u0161ifrovan\u00e9 zpr\u00e1vy od osob, kter\u00e9 jsou ji\u017e podez\u0159el\u00e9. Pokusy o dosa\u017een\u00ed dohody opakovan\u011b selhaly, p\u0159i\u010dem\u017e Polsko bylo posledn\u00edm p\u0159edsednictv\u00edm Rady, kter\u00e9 odstoupilo bez dohody.<\/span><\/p>\n<p><span>V \u010dervenci do\u0161lo ke zm\u011bn\u011b na \u010dele Rady EU: D\u00e1nsko se ujalo veden\u00ed a vr\u00e1tilo skenov\u00e1n\u00ed chatu\u00a0<\/span><a href=\"https:\/\/netzpolitik.org\/2025\/internes-protokoll-eu-juristen-kritisieren-daenischen-vorschlag-zur-chatkontrolle\/\" target=\"_blank\" rel=\"noreferrer noopener\" data-type=\"link\" data-id=\"https:\/\/netzpolitik.org\/2025\/internes-protokoll-eu-juristen-kritisieren-daenischen-vorschlag-zur-chatkontrolle\/\"><span>do pop\u0159ed\u00ed legislativn\u00ed pr\u00e1ce<\/span><\/a><span>\u00a0. Koda\u0148 chce z toho ud\u011blat prioritu a hned od za\u010d\u00e1tku p\u0159edlo\u017eila nov\u00fd n\u00e1vrh.<\/span><\/p>\n<p><span>Unikl\u00e9 z\u00e1pisy z \u010dervencov\u00e9ho setk\u00e1n\u00ed ukazuj\u00ed, \u017ee d\u00e1nsk\u00fd text \u00fazce navazuje na p\u0159edchoz\u00ed n\u00e1vrhy Belgie a Ma\u010farska a neposkytuje \u017e\u00e1dn\u00e9 \u00fastupky \u0161ifrovan\u00fdm konverzac\u00edm. Polsk\u00e1 verze, kter\u00e1 by zavedla dobrovoln\u00e9 skenov\u00e1n\u00ed a ponechala \u0161ifrovan\u00e9 chaty na pokoji, byla zru\u0161ena.<\/span><\/p>\n<p><span>Z 27 zem\u00ed EU se b\u011bhem \u010dervencov\u00e9 debaty vyj\u00e1d\u0159ilo 20, kter\u00e9 vznesly \u201ekomplexn\u00ed v\u00fdhradu p\u0159ezkumu\u201c. N\u011bmecko shrnulo atmosf\u00e9ru konstatov\u00e1n\u00edm, \u017ee \u201edom\u00e1c\u00ed n\u00e1lada byla jasn\u00e1\u201c.<\/span><\/p>\n<p><span>It\u00e1lie, \u0160pan\u011blsko a Ma\u010farsko jsou pro povinn\u00e9 skenov\u00e1n\u00ed chat\u016f. Francie by mohla b\u00fdt rozhoduj\u00edc\u00edm faktorem, proto\u017ee blokov\u00e1n\u00ed pl\u00e1nu vy\u017eaduje \u010dty\u0159i zem\u011b zastupuj\u00edc\u00ed alespo\u0148 35 procent populace EU. Pa\u0159\u00ed\u017e se od v\u00e1hav\u00e9 podpory posunula k principi\u00e1ln\u00edmu schv\u00e1len\u00ed.<\/span><\/p>\n<p><span>Jin\u00ed v\u00e1haj\u00ed nebo tuto my\u0161lenku odm\u00edtaj\u00ed. Belgie p\u0159ipou\u0161t\u00ed, \u017ee \u0161ifrovan\u00e9 skenov\u00e1n\u00ed je \u201eobt\u00ed\u017enou ot\u00e1zkou na n\u00e1rodn\u00ed \u00farovni\u201c. Estonsko hl\u00e1s\u00ed \u201en\u00e1rodn\u00ed konflikt mezi bezpe\u010dnostn\u00edmi org\u00e1ny a \u00fa\u0159edn\u00edky pro ochranu osobn\u00edch \u00fadaj\u016f\u201c. Rakousko je v\u00e1z\u00e1no hlasov\u00e1n\u00edm parlamentu proti povinn\u00e9mu skenov\u00e1n\u00ed, co\u017e je postoj, kter\u00fd sd\u00edl\u00ed i Nizozemsko. Lucembursko a Slovinsko zat\u00edm nejsou p\u0159esv\u011bd\u010deny.<\/span><\/p>\n<p><span>Polsko varuje, \u017ee syst\u00e9m oslabuje kybernetickou bezpe\u010dnost a otev\u00edr\u00e1 dve\u0159e \u201e\u00fatok\u016fm ze zahrani\u010d\u00ed\u201c. N\u011bmecko se dva roky stav\u00ed proti \u0161ifrovan\u00e9mu skenov\u00e1n\u00ed, ale dosud nepotvrdilo, zda se nov\u00e1 vl\u00e1da tohoto postoje bude dr\u017eet.<\/span><\/p>\n<p><span>Pr\u00e1vn\u00ed slu\u017eba Rady dosp\u011bla k z\u00e1v\u011bru, \u017ee pl\u00e1n poru\u0161uje z\u00e1kladn\u00ed pr\u00e1va. Jejich postoj z\u016fst\u00e1v\u00e1 stejn\u00fd: \u201eZ\u00e1kladn\u00ed ot\u00e1zky p\u0159\u00edstupu ke komunikaci pro v\u0161echny u\u017eivatele z\u016fst\u00e1vaj\u00ed nezm\u011bn\u011bny.\u201c Zd\u016fraz\u0148uje, \u017ee \u201eskenov\u00e1n\u00ed na stran\u011b klienta p\u0159edstavuje poru\u0161en\u00ed lidsk\u00fdch pr\u00e1v\u201c.<\/span><\/p>\n<p><span>Navzdory let\u016fm varov\u00e1n\u00ed od technolog\u016f, pr\u00e1vn\u00edk\u016f a zast\u00e1nc\u016f soukrom\u00ed se nyn\u00ed zd\u00e1, \u017ee rozhodnut\u00ed z\u00e1vis\u00ed sp\u00ed\u0161e na politice ne\u017e na d\u016fkazech. D\u00e1nsko ji\u017e p\u0159edlo\u017eilo m\u00edrn\u011b revidovan\u00fd n\u00e1vrh. Dal\u0161\u00ed kolo jedn\u00e1n\u00ed v Rad\u011b je napl\u00e1nov\u00e1no na 12. z\u00e1\u0159\u00ed a zast\u00e1nci doufaj\u00ed v kone\u010dn\u00e9 p\u0159ijet\u00ed do 14. \u0159\u00edjna.<\/span><\/p>\n<p><span>Patrick Breyer, b\u00fdval\u00fd poslanec Evropsk\u00e9ho parlamentu za N\u011bmeckou pir\u00e1tskou stranu, \u0159\u00edk\u00e1, \u017ee vl\u00e1dy, kter\u00e9 se br\u00e1nily kontrole chatu, nyn\u00ed v\u00e1haj\u00ed, \u201ei kdy\u017e pl\u00e1n z roku 2025 je je\u0161t\u011b extr\u00e9mn\u011bj\u0161\u00ed\u201c.<\/span><\/p>\n<figure class=\"wp-block-image aligncenter size-large\"><img decoding=\"async\" loading=\"lazy\" class=\"aligncenter\" src=\"https:\/\/reclaimthenet.org\/wp-content\/uploads\/2025\/08\/yG6b1AC0eyfD.jpg\" alt=\"\" width=\"656\" height=\"894\" \/><\/figure>\n<p><span>Pokud se k d\u00e1nsk\u00e9 iniciativ\u011b p\u0159ipoj\u00ed Francie a N\u011bmecko, Evropa by brzy mohla b\u00fdt sv\u011bdkem nejv\u011bt\u0161\u00edho vl\u00e1dou na\u0159\u00edzen\u00e9ho p\u0159ezkumu soukrom\u00e9 komunikace, kter\u00fd by byl proveden p\u0159\u00edmo na za\u0159\u00edzen\u00edch lid\u00ed je\u0161t\u011b p\u0159edt\u00edm, ne\u017e je bude moci ochr\u00e1nit \u0161ifrov\u00e1n\u00ed. Pro mnoh\u00e9 by to znamenalo konec skute\u010dn\u011b soukrom\u00fdch zpr\u00e1v v EU.<\/span><\/p>\n<\/div>\n<\/div>\n<div class=\"elementor-element elementor-element-8c57238 quelle dc-has-condition dc-condition-empty elementor-widget elementor-widget-heading\" data-id=\"8c57238\" data-element_type=\"widget\" data-widget_type=\"heading.default\">\n<div class=\"elementor-widget-container\">\n<h3 class=\"elementor-heading-title elementor-size-default\"><span style=\"font-size: 10pt;\"><a href=\"https:\/\/reclaimthenet.org\/eu-revives-plan-to-ban-private-messaging\" target=\"_blank\" rel=\"nofollow noopener\">Zdroj<\/a><\/span><\/h3>\n<p><img decoding=\"async\" loading=\"lazy\" class=\"wp-image-85002 aligncenter\" src=\"http:\/\/www.infokuryr.cz\/n\/wp-content\/uploads\/2025\/08\/Plakat1-212x300.jpg\" alt=\"\" width=\"580\" height=\"821\" srcset=\"https:\/\/www.infokuryr.cz\/n\/wp-content\/uploads\/2025\/08\/Plakat1-212x300.jpg 212w, https:\/\/www.infokuryr.cz\/n\/wp-content\/uploads\/2025\/08\/Plakat1-724x1024.jpg 724w, https:\/\/www.infokuryr.cz\/n\/wp-content\/uploads\/2025\/08\/Plakat1-768x1086.jpg 768w, https:\/\/www.infokuryr.cz\/n\/wp-content\/uploads\/2025\/08\/Plakat1-1086x1536.jpg 1086w, https:\/\/www.infokuryr.cz\/n\/wp-content\/uploads\/2025\/08\/Plakat1-1024x1449.jpg 1024w, https:\/\/www.infokuryr.cz\/n\/wp-content\/uploads\/2025\/08\/Plakat1.jpg 1131w\" sizes=\"(max-width: 580px) 100vw, 580px\" \/><\/p>\n<p>&nbsp;<\/p>\n<\/div>\n<\/div>\n","protected":false},"excerpt":{"rendered":"<p>EU obnovuje pl\u00e1n na z\u00e1kaz soukrom\u00fdch zpr\u00e1v EU se bl\u00ed\u017e\u00ed k nejv\u011bt\u0161\u00edmu experimentu se sledov\u00e1n\u00edm&#8230;<\/p>\n","protected":false},"author":2,"featured_media":85080,"comment_status":"closed","ping_status":"closed","sticky":false,"template":"","format":"standard","meta":[],"categories":[7],"tags":[41,1430,3693,1996],"_links":{"self":[{"href":"https:\/\/www.infokuryr.cz\/n\/wp-json\/wp\/v2\/posts\/85079"}],"collection":[{"href":"https:\/\/www.infokuryr.cz\/n\/wp-json\/wp\/v2\/posts"}],"about":[{"href":"https:\/\/www.infokuryr.cz\/n\/wp-json\/wp\/v2\/types\/post"}],"author":[{"embeddable":true,"href":"https:\/\/www.infokuryr.cz\/n\/wp-json\/wp\/v2\/users\/2"}],"replies":[{"embeddable":true,"href":"https:\/\/www.infokuryr.cz\/n\/wp-json\/wp\/v2\/comments?post=85079"}],"version-history":[{"count":0,"href":"https:\/\/www.infokuryr.cz\/n\/wp-json\/wp\/v2\/posts\/85079\/revisions"}],"wp:featuredmedia":[{"embeddable":true,"href":"https:\/\/www.infokuryr.cz\/n\/wp-json\/wp\/v2\/media\/85080"}],"wp:attachment":[{"href":"https:\/\/www.infokuryr.cz\/n\/wp-json\/wp\/v2\/media?parent=85079"}],"wp:term":[{"taxonomy":"category","embeddable":true,"href":"https:\/\/www.infokuryr.cz\/n\/wp-json\/wp\/v2\/categories?post=85079"},{"taxonomy":"post_tag","embeddable":true,"href":"https:\/\/www.infokuryr.cz\/n\/wp-json\/wp\/v2\/tags?post=85079"}],"curies":[{"name":"wp","href":"https:\/\/api.w.org\/{rel}","templated":true}]}}