{"id":85072,"date":"2025-08-07T00:11:43","date_gmt":"2025-08-06T22:11:43","guid":{"rendered":"https:\/\/www.infokuryr.cz\/n\/?p=85072"},"modified":"2025-08-06T14:05:03","modified_gmt":"2025-08-06T12:05:03","slug":"nove-informace-potvrzuji-ze-izrael-vedome-povolil-utok-hamasuna-sve-obcany","status":"publish","type":"post","link":"https:\/\/www.infokuryr.cz\/n\/2025\/08\/07\/nove-informace-potvrzuji-ze-izrael-vedome-povolil-utok-hamasuna-sve-obcany\/","title":{"rendered":"Nov\u00e9 informace potvrzuj\u00ed, \u017ee Izrael v\u011bdom\u011b povolil \u00fatok Ham\u00e1suna sv\u00e9 ob\u010dany"},"content":{"rendered":"<div id=\"fb-root\"><\/div>\n<p><strong>Kr\u00e1tce po \u00fatoku Ham\u00e1su na Izrael existovaly dostate\u010dn\u00e9 d\u016fkazy o tom, \u017ee Izrael o pl\u00e1nech v\u011bd\u011bl a \u00fatok povolil. Nyn\u00ed tato podez\u0159en\u00ed potvrzuj\u00ed prohl\u00e1\u0161en\u00ed izraelsk\u00fdch voj\u00e1k\u016f.<\/strong><\/p>\n<p>Kr\u00e1tce po \u00fatoku Ham\u00e1su na Izrael jsem\u00a0<a href=\"https:\/\/web.archive.org\/web\/20231013215412\/https:\/\/anti-spiegel.ru\/2023\/warum-israel-und-die-usa-den-angriff-der-hamas-zugelassen\/\">informoval<\/a>\u00a0, \u017ee existuj\u00ed siln\u00e9 n\u00e1znaky, \u017ee izraelsk\u00e1 vl\u00e1da v\u011bd\u011bla o pl\u00e1nech Ham\u00e1su a \u00famysln\u011b umo\u017enila \u00fatok jako z\u00e1minku pro etnick\u00e9 \u010distky v p\u00e1smu Gazy. Ji\u017e\u00a0<a href=\"https:\/\/web.archive.org\/web\/20231126030318\/https:\/\/www.anti-spiegel.ru\/2023\/die-wahren-gruende-fuer-den-krieg-in-gaza\/\">v listopadu 2023<\/a>\u00a0jsem prok\u00e1zal, \u017ee to bylo pl\u00e1nov\u00e1no od za\u010d\u00e1tku, a proto dne\u0161n\u00ed\u00a0<a href=\"https:\/\/www.spiegel.de\/ausland\/israel-will-gazastreifen-offenbar-vollstaendig-besetzen-a-0cc5a2f5-593a-4640-b262-a7baf93ca0a5\">zpr\u00e1va<\/a>\u00a0, \u017ee Netanjahu na\u0159\u00eddil \u00fapln\u00e9 dobyt\u00ed p\u00e1sma Gazy, nen\u00ed \u017e\u00e1dn\u00fdm p\u0159ekvapen\u00edm.<\/p>\n<p>Izraelsk\u00fd voj\u00e1k nyn\u00ed na parlamentn\u00edm sly\u0161en\u00ed vypov\u011bd\u011bl, \u017ee jeho jednotce bylo zak\u00e1z\u00e1no prov\u00e1d\u011bt rutinn\u00ed hl\u00eddky na m\u00edst\u011b \u00fatoku Ham\u00e1su hned r\u00e1no v den \u00fatoku. Toto prohl\u00e1\u0161en\u00ed potvrzuje tvrzen\u00ed, \u017ee izraelsk\u00e9 veden\u00ed o pl\u00e1novan\u00e9m \u00fatoku v\u011bd\u011blo a v\u011bdom\u011b jej povolilo.<\/p>\n<p>P\u0159ekl\u00e1d\u00e1m zde\u00a0<a href=\"https:\/\/thecradle.co\/articles-id\/32277\">zpr\u00e1vu<\/a>\u00a0o prohl\u00e1\u0161en\u00ed izraelsk\u00e9ho voj\u00e1ka . Odkazy a videa jsem p\u0159evzal z origin\u00e1lu.<\/p>\n<p><em><strong>Za\u010d\u00e1tek p\u0159ekladu:<\/strong>\u00a0\u00a0<\/em><\/p>\n<h2 class=\"wp-block-heading\">Izraelsk\u00fd voj\u00e1k odhalil \u201epodivn\u00fd rozkaz\u201c k zastaven\u00ed hl\u00eddek v p\u00e1smu Gazy 7. \u0159\u00edjna<\/h2>\n<p><strong>Toto odhalen\u00ed posiluje podez\u0159en\u00ed, \u017ee Izrael o \u00fatoku Ham\u00e1su v\u011bd\u011bl p\u0159edem \u2013 a p\u0159esto k n\u011bmu dovolil.<\/strong><\/p>\n<p class=\"has-text-align-center\"><em>od redakce Cradle News Desk<\/em><\/p>\n<p>Izraelsk\u00fd voj\u00e1k uvedl, \u017ee on a jeho spolubojovn\u00edci um\u00edst\u011bn\u00ed na vojensk\u00e9 z\u00e1kladn\u011b pobl\u00ed\u017e p\u00e1sma Gazy dostali r\u00e1no 7. \u0159\u00edjna 2023 rozkaz neprov\u00e1d\u011bt pravideln\u00e9 a obvykl\u00e9 hl\u00eddky pod\u00e9l hrani\u010dn\u00edho plotu, informovala 17. \u010dervence izraelsk\u00e1 m\u00e9dia. \u0160alom \u0160itrit, voj\u00e1k izraelsk\u00e9 brig\u00e1dy Golani, tento rozkaz odhalil na sly\u0161en\u00ed lobbistick\u00e9ho v\u00fdboru z\u00e1lo\u017en\u00edk\u016f v Knesetu.<\/p>\n<figure class=\"wp-block-embed is-type-rich is-provider-twitter wp-block-embed-twitter\">\n<div class=\"wp-block-embed__wrapper\">\n<div class=\"twitter-tweet twitter-tweet-rendered\"><iframe id=\"twitter-widget-0\" class=\"\" title=\"X Post\" src=\"https:\/\/platform.twitter.com\/embed\/Tweet.html?dnt=true&amp;embedId=twitter-widget-0&amp;features=eyJ0ZndfdGltZWxpbmVfbGlzdCI6eyJidWNrZXQiOltdLCJ2ZXJzaW9uIjpudWxsfSwidGZ3X2ZvbGxvd2VyX2NvdW50X3N1bnNldCI6eyJidWNrZXQiOnRydWUsInZlcnNpb24iOm51bGx9LCJ0ZndfdHdlZXRfZWRpdF9iYWNrZW5kIjp7ImJ1Y2tldCI6Im9uIiwidmVyc2lvbiI6bnVsbH0sInRmd19yZWZzcmNfc2Vzc2lvbiI6eyJidWNrZXQiOiJvbiIsInZlcnNpb24iOm51bGx9LCJ0ZndfZm9zbnJfc29mdF9pbnRlcnZlbnRpb25zX2VuYWJsZWQiOnsiYnVja2V0Ijoib24iLCJ2ZXJzaW9uIjpudWxsfSwidGZ3X21peGVkX21lZGlhXzE1ODk3Ijp7ImJ1Y2tldCI6InRyZWF0bWVudCIsInZlcnNpb24iOm51bGx9LCJ0ZndfZXhwZXJpbWVudHNfY29va2llX2V4cGlyYXRpb24iOnsiYnVja2V0IjoxMjA5NjAwLCJ2ZXJzaW9uIjpudWxsfSwidGZ3X3Nob3dfYmlyZHdhdGNoX3Bpdm90c19lbmFibGVkIjp7ImJ1Y2tldCI6Im9uIiwidmVyc2lvbiI6bnVsbH0sInRmd19kdXBsaWNhdGVfc2NyaWJlc190b19zZXR0aW5ncyI6eyJidWNrZXQiOiJvbiIsInZlcnNpb24iOm51bGx9LCJ0ZndfdXNlX3Byb2ZpbGVfaW1hZ2Vfc2hhcGVfZW5hYmxlZCI6eyJidWNrZXQiOiJvbiIsInZlcnNpb24iOm51bGx9LCJ0ZndfdmlkZW9faGxzX2R5bmFtaWNfbWFuaWZlc3RzXzE1MDgyIjp7ImJ1Y2tldCI6InRydWVfYml0cmF0ZSIsInZlcnNpb24iOm51bGx9LCJ0ZndfbGVnYWN5X3RpbWVsaW5lX3N1bnNldCI6eyJidWNrZXQiOnRydWUsInZlcnNpb24iOm51bGx9LCJ0ZndfdHdlZXRfZWRpdF9mcm9udGVuZCI6eyJidWNrZXQiOiJvbiIsInZlcnNpb24iOm51bGx9fQ%3D%3D&amp;frame=false&amp;hideCard=false&amp;hideThread=false&amp;id=1950687058567344499&amp;lang=cs&amp;origin=https%3A%2F%2Fanti-spiegel.ru%2F2025%2Fneue-informationen-bestaetigen-dass-israel-den-angriff-der-hamas-bewusst-zugelassen-hat%2F&amp;sessionId=d73f98e4c75af76ef313c0025376ad7f6905c04e&amp;theme=light&amp;widgetsVersion=2615f7e52b7e0%3A1702314776716&amp;width=550px\" frameborder=\"0\" scrolling=\"no\" allowfullscreen=\"allowfullscreen\" data-tweet-id=\"1950687058567344499\" data-mce-fragment=\"1\"><\/iframe><\/div>\n<\/div>\n<\/figure>\n<p>V dob\u011b, kdy se b\u011b\u017en\u011b konaly pohrani\u010dn\u00ed hl\u00eddky, p\u0159ekra\u010dovali plot bojovn\u00edci z Brig\u00e1d K\u00e1sem, ozbrojen\u00e9ho k\u0159\u00eddla Ham\u00e1su, aby za\u00fato\u010dili na izraelsk\u00e9 arm\u00e1dn\u00ed z\u00e1kladny a osady (kibucy).<\/p>\n<p>\u0160\u00edtrit uvedl, \u017ee noc p\u0159ed \u00fatokem 7. \u0159\u00edjna sed\u011bl u praporov\u00e9 rozhlasov\u00e9 stanice na vojensk\u00e9 z\u00e1kladn\u011b Pega pobl\u00ed\u017e kibucu Be&#8217;eri spolu s dal\u0161\u00edmi dv\u011bma voj\u00e1ky, Jotamem Srorem a Itamarem Ben Jehudou.<\/p>\n<p>\u201eV 5:20 r\u00e1no jsme zrovna ztr\u00e1celi \u010das telefonov\u00e1n\u00edm, kdy\u017e se v r\u00e1diu n\u00e1hle ozvala podivn\u00e1 zpr\u00e1va od velitele m\u00e9ho praporu,\u201c \u0159ekl voj\u00e1k. \u201eA to, co \u0159ekl v r\u00e1diu, zn\u011blo asi takto:\u00a0<em>Nev\u00edm pro\u010d, ale byl vyd\u00e1n rozkaz, \u017ee pod\u00e9l plotu nesm\u00ed b\u00fdt \u017e\u00e1dn\u00e9 hl\u00eddky a\u017e do 9:00.<\/em>\u00a0\u201c<\/p>\n<p>Sheetrit d\u00e1le vysv\u011btlil, \u017ee voj\u00e1ci stanovi\u0161t\u011b obvykle ka\u017ed\u00e9 r\u00e1no hl\u00eddkovali pod\u00e9l hrani\u010dn\u00edho plotu, \u201eproto\u017ee jste sou\u010d\u00e1st\u00ed opera\u010dn\u00edho praporu a to je prost\u011b sou\u010d\u00e1st pr\u00e1ce.\u201c<\/p>\n<p>Ham\u00e1s za\u00fato\u010dil na stanovi\u0161t\u011b Pega b\u011bhem operace al-Aks\u00e1 Flood a zabil tam 14 izraelsk\u00fdch voj\u00e1k\u016f.<\/p>\n<p>Na ot\u00e1zku, zda to byl d\u016fvod, pro\u010d mnoho voj\u00e1k\u016f st\u00e1le spalo, kdy\u017e za\u010dal \u00fatok Ham\u00e1su, Sheetrit odpov\u011bd\u011bl: \u201eNev\u00edm, jak na to odpov\u011bd\u011bt. V na\u0161\u00ed minometn\u00e9 jednotce se za \u00fasvitu ozval poplach, kter\u00fd n\u00e1s probudil. Je mo\u017en\u00e9, \u017ee hl\u00eddkov\u00e9 jednotky dostaly pokyn, aby nevst\u00e1valy. Nev\u00edm. Nechci nic p\u0159edpokl\u00e1dat.\u201c<\/p>\n<p>\u0160\u00edtrit uvedl, \u017ee jednotky um\u00edst\u011bn\u00e9 v Peze byly zodpov\u011bdn\u00e9 za ochranu kibucu Be&#8217;eri, kter\u00fd byl tak\u00e9 napaden.<\/p>\n<p>\u201eBohu\u017eel jsme na tento \u00fakol nebyli schopni. Byly n\u00e1s jen dv\u011b des\u00edtky proti stovk\u00e1m terorist\u016f, 25 proti 150, a tak jsme bohu\u017eel nemohli zas\u00e1hnout. Zdaleka nejsem vojensk\u00fd expert, kter\u00fd by na to mohl d\u00e1t odpov\u011bdi. Situace m\u011b bol\u00ed stejn\u011b jako v\u0161echny ostatn\u00ed,\u201c vysv\u011btlil voj\u00e1k.<\/p>\n<p>Jedna z nejprud\u0161\u00edch bitev se odehr\u00e1la v kibucu Be&#8217;eri, p\u0159i n\u00ed\u017e bylo zabito p\u0159es 100 Izraelc\u016f.<\/p>\n<p>Pot\u00e9, co \u00fatok za\u010dal, izraelsk\u00e9 letectvo pou\u017eilo vrtuln\u00edky Apache, tanky a drony k bombardov\u00e1n\u00ed oblasti kolem kibucu a bl\u00edzk\u00e9 hranice s Gazou, aby zabr\u00e1nilo bojovn\u00edk\u016fm Ham\u00e1su v zajet\u00ed rukojm\u00ed zp\u011bt do Gazy.<\/p>\n<p>V d\u016fsledku t\u011bchto operac\u00ed\u00a0<a href=\"https:\/\/libertarianinstitute.org\/articles\/what-really-happened-on-october-7\/\">izraelsk\u00e9 s\u00edly ve spolupr\u00e1ci s bojovn\u00edky Ham\u00e1su zabily<\/a>\u00a0stovky izraelsk\u00fdch civilist\u016f p\u0159i n\u00e1letech v Be&#8217;eri a dal\u0161\u00edch kibuc\u00edch pod\u00e9l hranice, stejn\u011b jako na\u00a0<a href=\"https:\/\/thecradle.co\/articles-id\/13111\">hudebn\u00edm festivalu Nova<\/a> , na z\u00e1klad\u011b tajn\u00e9 sm\u011brnice zn\u00e1m\u00e9 jako \u201eHannibalova sm\u011brnice\u201c. Zpo\u010d\u00e1tku byla za \u00famrt\u00ed civilist\u016f zcela obvi\u0148ov\u00e1n Ham\u00e1s.<\/p>\n<figure class=\"wp-block-embed is-type-rich is-provider-twitter wp-block-embed-twitter\">\n<div class=\"wp-block-embed__wrapper\">\n<div class=\"twitter-tweet twitter-tweet-rendered\"><iframe id=\"twitter-widget-1\" class=\"\" title=\"X Post\" src=\"https:\/\/platform.twitter.com\/embed\/Tweet.html?dnt=true&amp;embedId=twitter-widget-1&amp;features=eyJ0ZndfdGltZWxpbmVfbGlzdCI6eyJidWNrZXQiOltdLCJ2ZXJzaW9uIjpudWxsfSwidGZ3X2ZvbGxvd2VyX2NvdW50X3N1bnNldCI6eyJidWNrZXQiOnRydWUsInZlcnNpb24iOm51bGx9LCJ0ZndfdHdlZXRfZWRpdF9iYWNrZW5kIjp7ImJ1Y2tldCI6Im9uIiwidmVyc2lvbiI6bnVsbH0sInRmd19yZWZzcmNfc2Vzc2lvbiI6eyJidWNrZXQiOiJvbiIsInZlcnNpb24iOm51bGx9LCJ0ZndfZm9zbnJfc29mdF9pbnRlcnZlbnRpb25zX2VuYWJsZWQiOnsiYnVja2V0Ijoib24iLCJ2ZXJzaW9uIjpudWxsfSwidGZ3X21peGVkX21lZGlhXzE1ODk3Ijp7ImJ1Y2tldCI6InRyZWF0bWVudCIsInZlcnNpb24iOm51bGx9LCJ0ZndfZXhwZXJpbWVudHNfY29va2llX2V4cGlyYXRpb24iOnsiYnVja2V0IjoxMjA5NjAwLCJ2ZXJzaW9uIjpudWxsfSwidGZ3X3Nob3dfYmlyZHdhdGNoX3Bpdm90c19lbmFibGVkIjp7ImJ1Y2tldCI6Im9uIiwidmVyc2lvbiI6bnVsbH0sInRmd19kdXBsaWNhdGVfc2NyaWJlc190b19zZXR0aW5ncyI6eyJidWNrZXQiOiJvbiIsInZlcnNpb24iOm51bGx9LCJ0ZndfdXNlX3Byb2ZpbGVfaW1hZ2Vfc2hhcGVfZW5hYmxlZCI6eyJidWNrZXQiOiJvbiIsInZlcnNpb24iOm51bGx9LCJ0ZndfdmlkZW9faGxzX2R5bmFtaWNfbWFuaWZlc3RzXzE1MDgyIjp7ImJ1Y2tldCI6InRydWVfYml0cmF0ZSIsInZlcnNpb24iOm51bGx9LCJ0ZndfbGVnYWN5X3RpbWVsaW5lX3N1bnNldCI6eyJidWNrZXQiOnRydWUsInZlcnNpb24iOm51bGx9LCJ0ZndfdHdlZXRfZWRpdF9mcm9udGVuZCI6eyJidWNrZXQiOiJvbiIsInZlcnNpb24iOm51bGx9fQ%3D%3D&amp;frame=false&amp;hideCard=false&amp;hideThread=false&amp;id=1726625799737123024&amp;lang=cs&amp;origin=https%3A%2F%2Fanti-spiegel.ru%2F2025%2Fneue-informationen-bestaetigen-dass-israel-den-angriff-der-hamas-bewusst-zugelassen-hat%2F&amp;sessionId=d73f98e4c75af76ef313c0025376ad7f6905c04e&amp;theme=light&amp;widgetsVersion=2615f7e52b7e0%3A1702314776716&amp;width=550px\" frameborder=\"0\" scrolling=\"no\" allowfullscreen=\"allowfullscreen\" data-tweet-id=\"1726625799737123024\" data-mce-fragment=\"1\"><\/iframe><\/div>\n<\/div>\n<\/figure>\n<p>\u201eSna\u017eil jsem se arm\u00e1dy zeptat, pro\u010d a co se tam stalo. Krev m\u00fdch p\u0159\u00e1tel a mnoha dal\u0161\u00edch lid\u00ed v zemi byla prolita v obrovsk\u00e9 trag\u00e9dii a j\u00e1 se sna\u017eil pochopit, pro\u010d a jak se to stalo,\u201c dodal Sheetrit.<\/p>\n<p>Podivn\u00fd p\u0159\u00edkaz k pozastaven\u00ed rutinn\u00edch hl\u00eddek v p\u00e1smu Gazy posiluje podez\u0159en\u00ed, \u017ee izraelsk\u00e9 politick\u00e9 a vojensk\u00e9 veden\u00ed p\u0159edem v\u011bd\u011blo o pl\u00e1nech Ham\u00e1su na \u00fatok \u2013 a p\u0159esto mu dovolilo pokra\u010dovat, aby ospravedlnilo invazi, etnick\u00e9 \u010distky a n\u00e1sledn\u00e9 os\u00eddlen\u00ed p\u00e1sma Gazy na trosk\u00e1ch zni\u010den\u00fdch m\u011bst.<\/p>\n<p>Noc p\u0159ed \u00fatokem, stejn\u011b jako v t\u00fddnech a m\u011bs\u00edc\u00edch p\u0159ed n\u00edm, vojen\u0161t\u00ed a zpravodaj\u0161t\u00ed p\u0159edstavitel\u00e9 ignorovali \u010detn\u00e9 n\u00e1znaky, \u017ee Ham\u00e1s pl\u00e1nuje rozs\u00e1hl\u00fd \u00fatok s c\u00edlem zajmout rukojm\u00ed v\u00fdm\u011bnou za palestinsk\u00e9 v\u011bzn\u011b.<\/p>\n<p>Izraelsk\u00e9 voja\u010dky zodpov\u011bdn\u00e9 za monitorov\u00e1n\u00ed aktivit na hranici Gazy opakovan\u011b bily na poplach a varovaly sv\u00e9 nad\u0159\u00edzen\u00e9 p\u0159ed hroz\u00edc\u00edm \u00fatokem, ale jejich varov\u00e1n\u00ed byla ignorov\u00e1na.<\/p>\n<p>\u201eP\u0159i zp\u011btn\u00e9m pohledu jsme mohli ud\u011blat hodn\u011b, mohli jsme naslouchat pozorovatel\u016fm, mohli jsme zapojit letectvo \u2013 nic z toho se nestalo,\u201c uzav\u0159el Sheetrit.<\/p>\n<p>\u201eTo je to selh\u00e1n\u00ed. Nen\u00ed to selh\u00e1n\u00ed bojovn\u00edk\u016f na m\u00edst\u011b, ale vy\u0161\u0161\u00edch \u00farovn\u00ed arm\u00e1dy \u2013 lid\u00ed, kte\u0159\u00ed se do Eilatu vydali o t\u00fdden d\u0159\u00edve navzdory varov\u00e1n\u00edm a zpravodajsk\u00fdm informac\u00edm.\u201c<\/p>\n<p><em><strong>Konec p\u0159ekladu<\/strong><\/em><\/p>\n<p><a href=\"https:\/\/anti-spiegel.ru\/2025\/neue-informationen-bestaetigen-dass-israel-den-angriff-der-hamas-bewusst-zugelassen-hat\/\">Thomas R\u00f6per<\/a><\/p>\n<p><img decoding=\"async\" loading=\"lazy\" class=\"alignnone wp-image-22016\" src=\"http:\/\/www.infokuryr.cz\/n\/wp-content\/uploads\/2023\/01\/Thomas-Roper-298x300.jpg\" alt=\"\" width=\"146\" height=\"147\" srcset=\"https:\/\/www.infokuryr.cz\/n\/wp-content\/uploads\/2023\/01\/Thomas-Roper-298x300.jpg 298w, https:\/\/www.infokuryr.cz\/n\/wp-content\/uploads\/2023\/01\/Thomas-Roper-150x150.jpg 150w, https:\/\/www.infokuryr.cz\/n\/wp-content\/uploads\/2023\/01\/Thomas-Roper.jpg 596w\" sizes=\"(max-width: 146px) 100vw, 146px\" \/><\/p>\n<p><img decoding=\"async\" loading=\"lazy\" class=\"wp-image-85002 aligncenter\" src=\"http:\/\/www.infokuryr.cz\/n\/wp-content\/uploads\/2025\/08\/Plakat1-212x300.jpg\" alt=\"\" width=\"619\" height=\"876\" srcset=\"https:\/\/www.infokuryr.cz\/n\/wp-content\/uploads\/2025\/08\/Plakat1-212x300.jpg 212w, https:\/\/www.infokuryr.cz\/n\/wp-content\/uploads\/2025\/08\/Plakat1-724x1024.jpg 724w, https:\/\/www.infokuryr.cz\/n\/wp-content\/uploads\/2025\/08\/Plakat1-768x1086.jpg 768w, https:\/\/www.infokuryr.cz\/n\/wp-content\/uploads\/2025\/08\/Plakat1-1086x1536.jpg 1086w, https:\/\/www.infokuryr.cz\/n\/wp-content\/uploads\/2025\/08\/Plakat1-1024x1449.jpg 1024w, https:\/\/www.infokuryr.cz\/n\/wp-content\/uploads\/2025\/08\/Plakat1.jpg 1131w\" sizes=\"(max-width: 619px) 100vw, 619px\" \/><\/p>\n<p>&nbsp;<\/p>\n","protected":false},"excerpt":{"rendered":"<p>Kr\u00e1tce po \u00fatoku Ham\u00e1su na Izrael existovaly dostate\u010dn\u00e9 d\u016fkazy o tom, \u017ee Izrael o pl\u00e1nech&#8230;<\/p>\n","protected":false},"author":2,"featured_media":85073,"comment_status":"closed","ping_status":"closed","sticky":false,"template":"","format":"standard","meta":[],"categories":[7],"tags":[1042,347,9207,723],"_links":{"self":[{"href":"https:\/\/www.infokuryr.cz\/n\/wp-json\/wp\/v2\/posts\/85072"}],"collection":[{"href":"https:\/\/www.infokuryr.cz\/n\/wp-json\/wp\/v2\/posts"}],"about":[{"href":"https:\/\/www.infokuryr.cz\/n\/wp-json\/wp\/v2\/types\/post"}],"author":[{"embeddable":true,"href":"https:\/\/www.infokuryr.cz\/n\/wp-json\/wp\/v2\/users\/2"}],"replies":[{"embeddable":true,"href":"https:\/\/www.infokuryr.cz\/n\/wp-json\/wp\/v2\/comments?post=85072"}],"version-history":[{"count":1,"href":"https:\/\/www.infokuryr.cz\/n\/wp-json\/wp\/v2\/posts\/85072\/revisions"}],"predecessor-version":[{"id":85074,"href":"https:\/\/www.infokuryr.cz\/n\/wp-json\/wp\/v2\/posts\/85072\/revisions\/85074"}],"wp:featuredmedia":[{"embeddable":true,"href":"https:\/\/www.infokuryr.cz\/n\/wp-json\/wp\/v2\/media\/85073"}],"wp:attachment":[{"href":"https:\/\/www.infokuryr.cz\/n\/wp-json\/wp\/v2\/media?parent=85072"}],"wp:term":[{"taxonomy":"category","embeddable":true,"href":"https:\/\/www.infokuryr.cz\/n\/wp-json\/wp\/v2\/categories?post=85072"},{"taxonomy":"post_tag","embeddable":true,"href":"https:\/\/www.infokuryr.cz\/n\/wp-json\/wp\/v2\/tags?post=85072"}],"curies":[{"name":"wp","href":"https:\/\/api.w.org\/{rel}","templated":true}]}}