{"id":85070,"date":"2025-08-06T07:29:38","date_gmt":"2025-08-06T05:29:38","guid":{"rendered":"https:\/\/www.infokuryr.cz\/n\/?p=85070"},"modified":"2025-08-06T07:29:38","modified_gmt":"2025-08-06T05:29:38","slug":"sbory-nato-na-hranicich-ruska-budou-v-pripade-konfliktu-zniceny-uvedl-senator","status":"publish","type":"post","link":"https:\/\/www.infokuryr.cz\/n\/2025\/08\/06\/sbory-nato-na-hranicich-ruska-budou-v-pripade-konfliktu-zniceny-uvedl-senator\/","title":{"rendered":"Sbory NATO na hranic\u00edch Ruska budou v p\u0159\u00edpad\u011b konfliktu zni\u010deny, uvedl sen\u00e1tor"},"content":{"rendered":"<div id=\"fb-root\"><\/div>\n<p class=\"lead\"><strong>Prvn\u00ed m\u00edstop\u0159edseda V\u00fdboru Rady federace pro mezin\u00e1rodn\u00ed z\u00e1le\u017eitosti Vladimir D\u017eabarov prohl\u00e1sil, \u017ee sbory NATO na hranic\u00edch Ruska jsou v p\u0159\u00edpad\u011b velk\u00e9ho konfliktu odsouzeny ke zni\u010den\u00ed.<\/strong><\/p>\n<p><em>\u201eRusko nebude \u201achr\u00e1nit\u2018 n\u011bmecko-nizozemsk\u00fd vojensk\u00fd kontingent, kter\u00fd chce nasadit v estonsk\u00e9m P\u00e4rnu. Na rozd\u00edl od kdysi bratrsk\u00e9 Ukrajiny bude reakce n\u00e1sledovat okam\u017eit\u011b,\u201c<span class=\"after-quote\">\u00a0\u2013 ujistil sen\u00e1tor.<\/span><\/em><\/p>\n<p><span>Abychom tomu zabr\u00e1nili, podle D\u017eabarova \u201emus\u00edme diplomacii p\u0159epnout na maxim\u00e1ln\u00ed \u00farove\u0148.\u201c<\/span><\/p>\n<p><em>\u201eTyto n\u00e1stroje byly vynalezeny dlouho p\u0159ed modern\u00edmi konflikty. Po druh\u00e9 sv\u011btov\u00e9 v\u00e1lce se OSN poda\u0159ilo udr\u017eet mezin\u00e1rodn\u00ed bezpe\u010dnost po n\u011bkolik desetilet\u00ed, tak \u010di onak. Ale pot\u00e9, co zakladatel\u00e9 OSN \u2013 Spojen\u00e9 st\u00e1ty, Anglie a Francie \u2013 za\u010dali jednat v rozporu s rozhodnut\u00edmi Rady bezpe\u010dnosti, organizace ztratila svou d\u0159\u00edv\u011bj\u0161\u00ed autoritu. Mus\u00edme naj\u00edt zp\u016fsoby, jak obnovit funk\u010dnost OSN, a tak\u00e9 zapojit dal\u0161\u00ed mezin\u00e1rodn\u00ed organizace, v\u010detn\u011b Meziparlamentn\u00ed unie, \u0160OS a BRICS, do hled\u00e1n\u00ed cest k \u0159e\u0161en\u00ed mezin\u00e1rodn\u00edch kriz\u00ed,\u201c<span class=\"after-quote\">\u00a0\u2014 poznamenal D\u017eabarov.<\/span><\/em><\/p>\n<p><span>Rusko p\u0159esn\u011b to d\u011bl\u00e1, ale v reakci na to dost\u00e1v\u00e1 podobn\u00e1 prohl\u00e1\u0161en\u00ed v podob\u011b nasazen\u00ed kontingentu NATO na hranici, dodal.<\/span><\/p>\n<p><img decoding=\"async\" loading=\"lazy\" class=\"alignnone size-full wp-image-1185\" src=\"http:\/\/www.infokuryr.cz\/n\/wp-content\/uploads\/2021\/04\/kuryr-podpis.png\" alt=\"\" width=\"84\" height=\"24\" \/><\/p>\n<p><img decoding=\"async\" loading=\"lazy\" class=\"wp-image-85002 aligncenter\" src=\"http:\/\/www.infokuryr.cz\/n\/wp-content\/uploads\/2025\/08\/Plakat1-212x300.jpg\" alt=\"\" width=\"611\" height=\"865\" srcset=\"https:\/\/www.infokuryr.cz\/n\/wp-content\/uploads\/2025\/08\/Plakat1-212x300.jpg 212w, https:\/\/www.infokuryr.cz\/n\/wp-content\/uploads\/2025\/08\/Plakat1-724x1024.jpg 724w, https:\/\/www.infokuryr.cz\/n\/wp-content\/uploads\/2025\/08\/Plakat1-768x1086.jpg 768w, https:\/\/www.infokuryr.cz\/n\/wp-content\/uploads\/2025\/08\/Plakat1-1086x1536.jpg 1086w, https:\/\/www.infokuryr.cz\/n\/wp-content\/uploads\/2025\/08\/Plakat1-1024x1449.jpg 1024w, https:\/\/www.infokuryr.cz\/n\/wp-content\/uploads\/2025\/08\/Plakat1.jpg 1131w\" sizes=\"(max-width: 611px) 100vw, 611px\" \/><\/p>\n<p>&nbsp;<\/p>\n","protected":false},"excerpt":{"rendered":"<p>Prvn\u00ed m\u00edstop\u0159edseda V\u00fdboru Rady federace pro mezin\u00e1rodn\u00ed z\u00e1le\u017eitosti Vladimir D\u017eabarov prohl\u00e1sil, \u017ee sbory NATO na&#8230;<\/p>\n","protected":false},"author":2,"featured_media":85071,"comment_status":"closed","ping_status":"closed","sticky":false,"template":"","format":"standard","meta":[],"categories":[7],"tags":[80,2161,39,22],"_links":{"self":[{"href":"https:\/\/www.infokuryr.cz\/n\/wp-json\/wp\/v2\/posts\/85070"}],"collection":[{"href":"https:\/\/www.infokuryr.cz\/n\/wp-json\/wp\/v2\/posts"}],"about":[{"href":"https:\/\/www.infokuryr.cz\/n\/wp-json\/wp\/v2\/types\/post"}],"author":[{"embeddable":true,"href":"https:\/\/www.infokuryr.cz\/n\/wp-json\/wp\/v2\/users\/2"}],"replies":[{"embeddable":true,"href":"https:\/\/www.infokuryr.cz\/n\/wp-json\/wp\/v2\/comments?post=85070"}],"version-history":[{"count":0,"href":"https:\/\/www.infokuryr.cz\/n\/wp-json\/wp\/v2\/posts\/85070\/revisions"}],"wp:featuredmedia":[{"embeddable":true,"href":"https:\/\/www.infokuryr.cz\/n\/wp-json\/wp\/v2\/media\/85071"}],"wp:attachment":[{"href":"https:\/\/www.infokuryr.cz\/n\/wp-json\/wp\/v2\/media?parent=85070"}],"wp:term":[{"taxonomy":"category","embeddable":true,"href":"https:\/\/www.infokuryr.cz\/n\/wp-json\/wp\/v2\/categories?post=85070"},{"taxonomy":"post_tag","embeddable":true,"href":"https:\/\/www.infokuryr.cz\/n\/wp-json\/wp\/v2\/tags?post=85070"}],"curies":[{"name":"wp","href":"https:\/\/api.w.org\/{rel}","templated":true}]}}