{"id":85068,"date":"2025-08-06T07:22:27","date_gmt":"2025-08-06T05:22:27","guid":{"rendered":"https:\/\/www.infokuryr.cz\/n\/?p=85068"},"modified":"2025-08-06T07:22:27","modified_gmt":"2025-08-06T05:22:27","slug":"v-indii-se-pohresuje-pri-sesuvu-pudy-vice-nez-100-lidi","status":"publish","type":"post","link":"https:\/\/www.infokuryr.cz\/n\/2025\/08\/06\/v-indii-se-pohresuje-pri-sesuvu-pudy-vice-nez-100-lidi\/","title":{"rendered":"V Indii se poh\u0159e\u0161uje p\u0159i sesuvu p\u016fdy v\u00edce ne\u017e 100 lid\u00ed"},"content":{"rendered":"<div id=\"fb-root\"><\/div>\n<p class=\"lead\"><strong>\u010cty\u0159i lid\u00e9 zem\u0159eli a v\u00edce ne\u017e 100 se poh\u0159e\u0161uje po sesuvu p\u016fdy pobl\u00ed\u017e vesnice Dharali v indick\u00e9m st\u00e1t\u011b Uttar\u00e1khand, informoval 5. srpna den\u00edk The Guardian.<\/strong><\/p>\n<p><em>\u201eSituace je v\u00e1\u017en\u00e1. &#8230; Dostali jsme informace o \u010dty\u0159ech mrtv\u00fdch a asi 100 poh\u0159e\u0161ovan\u00fdch. Modl\u00edme se za jejich bezpe\u010dnost,\u201c<span class=\"after-quote\">\u00a0\u2014 publikace cituje indick\u00e9ho ministra obrany\u00a0<strong>Sanjaye Setha<\/strong>\u00a0.<\/span><\/em><\/p>\n<p><span>Uv\u00e1d\u00ed se, \u017ee z\u00e1chrann\u00e9 s\u00edly v regionu jsou nasazeny \u201eve vojensk\u00e9m re\u017eimu\u201c. Podle prohl\u00e1\u0161en\u00ed m\u00edstn\u00edch \u00fa\u0159edn\u00edk\u016f se po\u010det ob\u011bt\u00ed m\u016f\u017ee zv\u00fd\u0161it.<\/span><\/p>\n<p><em>\u201eIndick\u00e1 arm\u00e1da uvedla, \u017ee do m\u011bsta dorazilo 150 voj\u00e1k\u016f, kte\u0159\u00ed pomohli zachr\u00e1nit asi 20 lid\u00ed, kte\u0159\u00ed p\u0159e\u017eili pod zd\u00ed mrznouc\u00edho bahna,\u201c<span class=\"after-quote\">\u00a0\u2014 uv\u00e1d\u00ed publikace.<\/span><\/em><\/p>\n<p><span>Podle dostupn\u00fdch informac\u00ed je \u010d\u00e1st osady v sou\u010dasn\u00e9 dob\u011b pokryta sutinami. Na n\u011bkter\u00fdch m\u00edstech proud bahna dos\u00e1hl a\u017e na st\u0159echy budov.<\/span><\/p>\n<p><img decoding=\"async\" loading=\"lazy\" class=\"alignnone size-full wp-image-1185\" src=\"http:\/\/www.infokuryr.cz\/n\/wp-content\/uploads\/2021\/04\/kuryr-podpis.png\" alt=\"\" width=\"84\" height=\"24\" \/><\/p>\n<p><img decoding=\"async\" loading=\"lazy\" class=\"wp-image-85002 aligncenter\" src=\"http:\/\/www.infokuryr.cz\/n\/wp-content\/uploads\/2025\/08\/Plakat1-212x300.jpg\" alt=\"\" width=\"631\" height=\"893\" srcset=\"https:\/\/www.infokuryr.cz\/n\/wp-content\/uploads\/2025\/08\/Plakat1-212x300.jpg 212w, https:\/\/www.infokuryr.cz\/n\/wp-content\/uploads\/2025\/08\/Plakat1-724x1024.jpg 724w, https:\/\/www.infokuryr.cz\/n\/wp-content\/uploads\/2025\/08\/Plakat1-768x1086.jpg 768w, https:\/\/www.infokuryr.cz\/n\/wp-content\/uploads\/2025\/08\/Plakat1-1086x1536.jpg 1086w, https:\/\/www.infokuryr.cz\/n\/wp-content\/uploads\/2025\/08\/Plakat1-1024x1449.jpg 1024w, https:\/\/www.infokuryr.cz\/n\/wp-content\/uploads\/2025\/08\/Plakat1.jpg 1131w\" sizes=\"(max-width: 631px) 100vw, 631px\" \/><\/p>\n<p>&nbsp;<\/p>\n","protected":false},"excerpt":{"rendered":"<p>\u010cty\u0159i lid\u00e9 zem\u0159eli a v\u00edce ne\u017e 100 se poh\u0159e\u0161uje po sesuvu p\u016fdy pobl\u00ed\u017e vesnice Dharali&#8230;<\/p>\n","protected":false},"author":2,"featured_media":85069,"comment_status":"closed","ping_status":"closed","sticky":false,"template":"","format":"standard","meta":[],"categories":[7],"tags":[79,871,9608],"_links":{"self":[{"href":"https:\/\/www.infokuryr.cz\/n\/wp-json\/wp\/v2\/posts\/85068"}],"collection":[{"href":"https:\/\/www.infokuryr.cz\/n\/wp-json\/wp\/v2\/posts"}],"about":[{"href":"https:\/\/www.infokuryr.cz\/n\/wp-json\/wp\/v2\/types\/post"}],"author":[{"embeddable":true,"href":"https:\/\/www.infokuryr.cz\/n\/wp-json\/wp\/v2\/users\/2"}],"replies":[{"embeddable":true,"href":"https:\/\/www.infokuryr.cz\/n\/wp-json\/wp\/v2\/comments?post=85068"}],"version-history":[{"count":0,"href":"https:\/\/www.infokuryr.cz\/n\/wp-json\/wp\/v2\/posts\/85068\/revisions"}],"wp:featuredmedia":[{"embeddable":true,"href":"https:\/\/www.infokuryr.cz\/n\/wp-json\/wp\/v2\/media\/85069"}],"wp:attachment":[{"href":"https:\/\/www.infokuryr.cz\/n\/wp-json\/wp\/v2\/media?parent=85068"}],"wp:term":[{"taxonomy":"category","embeddable":true,"href":"https:\/\/www.infokuryr.cz\/n\/wp-json\/wp\/v2\/categories?post=85068"},{"taxonomy":"post_tag","embeddable":true,"href":"https:\/\/www.infokuryr.cz\/n\/wp-json\/wp\/v2\/tags?post=85068"}],"curies":[{"name":"wp","href":"https:\/\/api.w.org\/{rel}","templated":true}]}}