{"id":8506,"date":"2022-02-23T04:09:24","date_gmt":"2022-02-23T03:09:24","guid":{"rendered":"http:\/\/www.infokuryr.cz\/n\/?p=8506"},"modified":"2022-02-23T04:09:24","modified_gmt":"2022-02-23T03:09:24","slug":"putin-minske-dohody-jiz-neexistuji-uznali-jsme-dlr-a-llr","status":"publish","type":"post","link":"https:\/\/www.infokuryr.cz\/n\/2022\/02\/23\/putin-minske-dohody-jiz-neexistuji-uznali-jsme-dlr-a-llr\/","title":{"rendered":"Putin: Minsk\u00e9 dohody ji\u017e neexistuj\u00ed, uznali jsme DLR a LLR"},"content":{"rendered":"<div id=\"fb-root\"><\/div>\n<p><strong>Rusk\u00fd prezident Vladimir Putin odpov\u00edd\u00e1 na ot\u00e1zky novin\u00e1\u0159\u016f ohledn\u011b situace na Donbasu. Padly ot\u00e1zky t\u00fdkaj\u00edc\u00ed se pou\u017eit\u00ed ozbrojen\u00fdch sil v zahrani\u010d\u00ed, minsk\u00fdch dohod a hranic DLR a LLR.<\/strong><\/p>\n<p>\u201eMinsk\u00e9 dohody ji\u017e neexistuj\u00ed, uznali jsme DLR a LLR,\u201d zd\u016fraznil prezident RF.<\/p>\n<p>Podle hlavy rusk\u00e9ho st\u00e1tu Evropa nedok\u00e1zala p\u0159inutit Kyjev, aby dodr\u017eoval minsk\u00e9 dohody, tak\u017ee Rusko bylo nuceno p\u0159ijmout rozhodnut\u00ed a uznat DLR a LLR.<\/p>\n<p>18:23 22.02.2022<\/p>\n<p>Rusk\u00fd l\u00eddr vyzdvihl, \u017ee nejlep\u0161\u00edm \u0159e\u0161en\u00edm probl\u00e9mu by bylo, kdyby sou\u010dasn\u00e9 kyjevsk\u00e9 \u00fa\u0159ady samy odm\u00edtly vstoupit do NATO a dodr\u017eovaly neutralitu. Dodal, \u017ee pro normalizaci vztah\u016f mus\u00ed Ukrajina uznat v\u016fli lid\u00ed, kte\u0159\u00ed \u017eij\u00ed v Sevastopolu a na Krymu.<\/p>\n<p>17:52 22.02.2022<\/p>\n<p>Putin na ot\u00e1zku, kam a\u017e jsou rusk\u00e9 jednotky p\u0159ipraveny zaj\u00edt: Nelze p\u0159edv\u00eddat konkr\u00e9tn\u00ed mo\u017en\u00e9 akce, z\u00e1le\u017e\u00ed na situaci.<\/p>\n<p>\u201eNe\u0159ekl jsem, \u017ee na\u0161e jednotky p\u016fjdou na Donbas hned dnes,\u201d zd\u016fraznil Putin.<\/p>\n<p>L\u00eddr RF upozornil, \u017ee Rusko uzn\u00e1v\u00e1 v\u0161echny dokumenty p\u0159ijat\u00e9 v DLR a LLR, kter\u00e9 mimo jin\u00e9 ozna\u010duj\u00ed hranice republik. V\u0161echny spory v t\u00e9to oblasti budou \u0159e\u0161eny m\u00edrov\u00fdm jedn\u00e1n\u00edm. Prezident poznamenal, \u017ee a\u010dkoli je to v sou\u010dasn\u00e9 dob\u011b nemo\u017en\u00e9, bude to mo\u017en\u00e9 v budoucnu.<\/p>\n<p>17:50 22.02.2022<\/p>\n<p>\u201eUkrajina m\u00e1 v\u0161e, aby vy\u0159e\u0161ila v\u0161echny probl\u00e9my s jadern\u00fdmi zbran\u011bmi, chyb\u00ed jen syst\u00e9m obohacov\u00e1n\u00ed uranu, ale to je ot\u00e1zka techniky,\u201d zd\u016fraznil prezident RF.<\/p>\n<p>Podle jeho slov dokonce i objeven\u00ed se taktick\u00fdch jadern\u00fdch zbran\u00ed na Ukrajin\u011b je pro Rusko strategickou hrozbou.<\/p>\n<p>17:50 22.02.2022<\/p>\n<p>Vyslovil n\u00e1zor, \u017ee nejlep\u0161\u00edm \u0159e\u0161en\u00edm probl\u00e9mu by bylo, kdyby sou\u010dasn\u00e9 kyjevsk\u00e9 \u00fa\u0159ady samotn\u00e9 odm\u00edtly vstoupit do NATO a dodr\u017eovaly neutralitu.<\/p>\n<p>17:49 22.02.2022<\/p>\n<p>\u201eO\u010dek\u00e1v\u00e1me, \u017ee v\u0161echny spory na hranici DLR a LLR se vy\u0159e\u0161\u00ed jedn\u00e1n\u00edm, te\u010f to nen\u00ed mo\u017en\u00e9, ale do budoucna to p\u016fjde, \u201d podotkl l\u00eddr rusk\u00e9ho st\u00e1tu.<\/p>\n<p>17:49 22.02.2022<\/p>\n<p>Co se t\u00fd\u010de ot\u00e1zky pou\u017eit\u00ed rusk\u00fdch ozbrojen\u00fdch sil na Donbasu, Rusk\u00e1 federace, podle Putina, spln\u00ed v p\u0159\u00edpad\u011b pot\u0159eby sv\u00e9 z\u00e1vazky.<\/p>\n<p>\u201eV\u010dera jsme podepsali smlouvy a v t\u011bchto dohod\u00e1ch, jak s Don\u011bckou lidovou republikou, tak s Luhanskou lidovou republikou, jsou relevantn\u00ed klauzule, kter\u00e9 \u0159\u00edkaj\u00ed, \u017ee t\u011bmto republik\u00e1m poskytneme p\u0159im\u011b\u0159enou pomoc, v\u010detn\u011b vojensk\u00e9. Vzhledem k tomu, \u017ee tam je konflikt, t\u00edmto rozhodnut\u00edm d\u00e1v\u00e1me najevo, \u017ee v p\u0159\u00edpad\u011b pot\u0159eby spln\u00edme sv\u00e9 z\u00e1vazky.\u201c<\/p>\n<p>Jak poznamenal prezident, Rusko m\u011blo b\u011bhem osmi let z\u00e1jem o dodr\u017eov\u00e1n\u00ed minsk\u00fdch dohod, proto\u017ee byly v\u00fdsledkem kompromisu. Zd\u016fraznil, \u017ee Moskva byla nucena u\u010dinit toto rozhodnut\u00ed, proto\u017ee Evropa nebyla schopn\u00e1 p\u0159inutit Kyjev, aby dodr\u017eoval dohody, kter\u00e9 byly zni\u010deny dlouho p\u0159ed uzn\u00e1n\u00edm suverenity republik. Kyjev nav\u00edc opakovan\u011b prohla\u0161oval, \u017ee sv\u00e9 z\u00e1vazky dodr\u017eovat nehodl\u00e1.<\/p>\n<p>17:47 22.02.2022<\/p>\n<p>Putin k ot\u00e1zce ohledn\u011b hranic DLR a LLR uvedl, \u017ee Rusko, kter\u00e9 uznalo tyto republiky, uznalo v\u0161echny dokumenty, v\u010detn\u011b \u00dastavy, kde jsou vyzna\u010deny jejich hranice.<\/p>\n<p><a href=\"https:\/\/cz.sputniknews.com\/20220222\/putin-minske-dohody-jiz-neexistuji-uznali-jsme-dlr-a-llr-17753606.html\">ZDROJ<\/a><\/p>\n<p>&nbsp;<\/p>\n","protected":false},"excerpt":{"rendered":"<p>Rusk\u00fd prezident Vladimir Putin odpov\u00edd\u00e1 na ot\u00e1zky novin\u00e1\u0159\u016f ohledn\u011b situace na Donbasu. Padly ot\u00e1zky t\u00fdkaj\u00edc\u00ed&#8230;<\/p>\n","protected":false},"author":2,"featured_media":2633,"comment_status":"closed","ping_status":"closed","sticky":false,"template":"","format":"standard","meta":[],"categories":[7],"tags":[64,758,158,102,26],"_links":{"self":[{"href":"https:\/\/www.infokuryr.cz\/n\/wp-json\/wp\/v2\/posts\/8506"}],"collection":[{"href":"https:\/\/www.infokuryr.cz\/n\/wp-json\/wp\/v2\/posts"}],"about":[{"href":"https:\/\/www.infokuryr.cz\/n\/wp-json\/wp\/v2\/types\/post"}],"author":[{"embeddable":true,"href":"https:\/\/www.infokuryr.cz\/n\/wp-json\/wp\/v2\/users\/2"}],"replies":[{"embeddable":true,"href":"https:\/\/www.infokuryr.cz\/n\/wp-json\/wp\/v2\/comments?post=8506"}],"version-history":[{"count":0,"href":"https:\/\/www.infokuryr.cz\/n\/wp-json\/wp\/v2\/posts\/8506\/revisions"}],"wp:featuredmedia":[{"embeddable":true,"href":"https:\/\/www.infokuryr.cz\/n\/wp-json\/wp\/v2\/media\/2633"}],"wp:attachment":[{"href":"https:\/\/www.infokuryr.cz\/n\/wp-json\/wp\/v2\/media?parent=8506"}],"wp:term":[{"taxonomy":"category","embeddable":true,"href":"https:\/\/www.infokuryr.cz\/n\/wp-json\/wp\/v2\/categories?post=8506"},{"taxonomy":"post_tag","embeddable":true,"href":"https:\/\/www.infokuryr.cz\/n\/wp-json\/wp\/v2\/tags?post=8506"}],"curies":[{"name":"wp","href":"https:\/\/api.w.org\/{rel}","templated":true}]}}