{"id":85059,"date":"2025-08-06T06:31:53","date_gmt":"2025-08-06T04:31:53","guid":{"rendered":"https:\/\/www.infokuryr.cz\/n\/?p=85059"},"modified":"2025-08-06T06:31:53","modified_gmt":"2025-08-06T04:31:53","slug":"izraelsti-osadnici-zautocili-na-ruske-diplomaty","status":"publish","type":"post","link":"https:\/\/www.infokuryr.cz\/n\/2025\/08\/06\/izraelsti-osadnici-zautocili-na-ruske-diplomaty\/","title":{"rendered":"Izrael\u0161t\u00ed osadn\u00edci za\u00fato\u010dili na rusk\u00e9 diplomaty"},"content":{"rendered":"<div id=\"fb-root\"><\/div>\n<h3>Izraelsk\u00e1 arm\u00e1da \u00fatoku, p\u0159esto\u017ee byla na m\u00edst\u011b p\u0159\u00edtomna, nezabr\u00e1nila, uvedla mluv\u010d\u00ed ministerstva zahrani\u010d\u00ed<\/h3>\n<p><span>Rusk\u00e9 diplomatick\u00e9 vozidlo bylo minul\u00fd t\u00fdden napadeno izraelsk\u00fdmi osadn\u00edky na okupovan\u00e9m Z\u00e1padn\u00edm b\u0159ehu Jord\u00e1nu, co\u017e m\u011blo za n\u00e1sledek mechanick\u00e9 po\u0161kozen\u00ed, uvedla v \u00fater\u00fd mluv\u010d\u00ed rusk\u00e9ho ministerstva zahrani\u010d\u00ed Marija Zacharovov\u00e1. Dodala, \u017ee Rusko pova\u017euje incident za poru\u0161en\u00ed V\u00edde\u0148sk\u00e9 \u00famluvy o diplomatick\u00fdch styc\u00edch.<\/span><\/p>\n<p><span>Podle Zacharovov\u00e9 k incidentu do\u0161lo 30. \u010dervence pobl\u00ed\u017e neleg\u00e1ln\u00ed izraelsk\u00e9 osady Giv&#8217;at Asaf, kter\u00e1 se nach\u00e1z\u00ed v\u00fdchodn\u011b od Ramall\u00e1hu a asi 20 kilometr\u016f severn\u011b od Jeruzal\u00e9ma. Uvedla, \u017ee osadn\u00edci tak\u00e9 vyhro\u017eovali diplomat\u016fm. Mluv\u010d\u00ed ost\u0159e kritizovala nezasa\u017een\u00ed izraelsk\u00e9 arm\u00e1dy a jej\u00ed ne\u010dinnost ozna\u010dila za\u00a0<\/span><em><span>\u201eobzvl\u00e1\u0161t\u011b matouc\u00ed\u201c.<\/span><\/em><\/p>\n<p><em><span>\u201eVoj\u00e1ci izraelsk\u00fdch obrann\u00fdch sil se ani neobt\u011b\u017eovali zastavit agresivn\u00ed akce \u00fato\u010dn\u00edk\u016f,\u201c<\/span><\/em><span>\u00a0\u0159ekla.<\/span><\/p>\n<p><span>Podle Moskvy vozidlo p\u0159ev\u00e1\u017eelo \u010dleny rusk\u00e9 diplomatick\u00e9 mise p\u0159i Palestinsk\u00e9 samospr\u00e1v\u011b, kte\u0159\u00ed jsou akreditov\u00e1ni i u izraelsk\u00e9ho ministerstva zahrani\u010d\u00ed.<\/span><\/p>\n<p><em><span>\u201eTento incident pova\u017eujeme za do o\u010d\u00ed bij\u00edc\u00ed poru\u0161en\u00ed V\u00edde\u0148sk\u00e9 \u00famluvy o diplomatick\u00fdch styc\u00edch z roku 1961,\u201c<\/span><\/em><span>\u00a0uvedla Zacharovov\u00e1 a dodala, \u017ee rusk\u00e9 velvyslanectv\u00ed v Tel Avivu p\u0159edlo\u017eilo izraelsk\u00fdm \u00fa\u0159ad\u016fm ofici\u00e1ln\u00ed n\u00f3tu.<\/span><\/p>\n<p><span>Kreml minul\u00fd m\u011bs\u00edc zopakoval, \u017ee jedin\u00fdm \u0159e\u0161en\u00edm izraelsko-palestinsk\u00e9ho konfliktu je vytvo\u0159en\u00ed palestinsk\u00e9ho st\u00e1tu po boku Izraele.\u00a0<\/span><em><span>\u201eRusko se v\u017edy dr\u017eelo \u0159e\u0161en\u00ed dvou st\u00e1t\u016f jako z\u00e1kladu pro \u0159e\u0161en\u00ed palestinsk\u00e9 ot\u00e1zky,\u201c<\/span><\/em><span>\u00a0\u0159ekl novin\u00e1\u0159\u016fm mluv\u010d\u00ed Kremlu Dmitrij Peskov.<\/span><\/p>\n<p><span>Uzn\u00e1n\u00ed Moskvou sah\u00e1 a\u017e do roku 1988, kdy Sov\u011btsk\u00fd svaz schv\u00e1lil palestinsk\u00e9 prohl\u00e1\u0161en\u00ed nez\u00e1vislosti.<\/span><\/p>\n<p><span>Toto prohl\u00e1\u0161en\u00ed p\u0159ich\u00e1z\u00ed uprost\u0159ed prob\u00edhaj\u00edc\u00edho konfliktu v Gaze, kter\u00fd za\u010dal v \u0159\u00edjnu 2023 pot\u00e9, co \u00fatok veden\u00fd Ham\u00e1sem na ji\u017en\u00ed Izrael si vy\u017e\u00e1dal p\u0159ibli\u017en\u011b 1200 ob\u011bt\u00ed. Izraelsk\u00e1 vojensk\u00e1 reakce od t\u00e9 doby podle zdravotnick\u00fdch \u00fa\u0159ad\u016f v enkl\u00e1v\u011b zabila v\u00edce ne\u017e 59 000 Palestinc\u016f a vyvolala celosv\u011btovou kritiku za rozsah ni\u010den\u00ed a civiln\u00edch ob\u011bt\u00ed.<\/span><\/p>\n<p><img decoding=\"async\" loading=\"lazy\" class=\"alignnone size-full wp-image-1185\" src=\"http:\/\/www.infokuryr.cz\/n\/wp-content\/uploads\/2021\/04\/kuryr-podpis.png\" alt=\"\" width=\"84\" height=\"24\" \/><\/p>\n<p><img decoding=\"async\" loading=\"lazy\" class=\"wp-image-85002 aligncenter\" src=\"http:\/\/www.infokuryr.cz\/n\/wp-content\/uploads\/2025\/08\/Plakat1-212x300.jpg\" alt=\"\" width=\"605\" height=\"856\" srcset=\"https:\/\/www.infokuryr.cz\/n\/wp-content\/uploads\/2025\/08\/Plakat1-212x300.jpg 212w, https:\/\/www.infokuryr.cz\/n\/wp-content\/uploads\/2025\/08\/Plakat1-724x1024.jpg 724w, https:\/\/www.infokuryr.cz\/n\/wp-content\/uploads\/2025\/08\/Plakat1-768x1086.jpg 768w, https:\/\/www.infokuryr.cz\/n\/wp-content\/uploads\/2025\/08\/Plakat1-1086x1536.jpg 1086w, https:\/\/www.infokuryr.cz\/n\/wp-content\/uploads\/2025\/08\/Plakat1-1024x1449.jpg 1024w, https:\/\/www.infokuryr.cz\/n\/wp-content\/uploads\/2025\/08\/Plakat1.jpg 1131w\" sizes=\"(max-width: 605px) 100vw, 605px\" \/><\/p>\n<p>&nbsp;<\/p>\n","protected":false},"excerpt":{"rendered":"<p>Izraelsk\u00e1 arm\u00e1da \u00fatoku, p\u0159esto\u017ee byla na m\u00edst\u011b p\u0159\u00edtomna, nezabr\u00e1nila, uvedla mluv\u010d\u00ed ministerstva zahrani\u010d\u00ed Rusk\u00e9 diplomatick\u00e9&#8230;<\/p>\n","protected":false},"author":2,"featured_media":65806,"comment_status":"closed","ping_status":"closed","sticky":false,"template":"","format":"standard","meta":[],"categories":[7],"tags":[1375,9606,92],"_links":{"self":[{"href":"https:\/\/www.infokuryr.cz\/n\/wp-json\/wp\/v2\/posts\/85059"}],"collection":[{"href":"https:\/\/www.infokuryr.cz\/n\/wp-json\/wp\/v2\/posts"}],"about":[{"href":"https:\/\/www.infokuryr.cz\/n\/wp-json\/wp\/v2\/types\/post"}],"author":[{"embeddable":true,"href":"https:\/\/www.infokuryr.cz\/n\/wp-json\/wp\/v2\/users\/2"}],"replies":[{"embeddable":true,"href":"https:\/\/www.infokuryr.cz\/n\/wp-json\/wp\/v2\/comments?post=85059"}],"version-history":[{"count":0,"href":"https:\/\/www.infokuryr.cz\/n\/wp-json\/wp\/v2\/posts\/85059\/revisions"}],"wp:featuredmedia":[{"embeddable":true,"href":"https:\/\/www.infokuryr.cz\/n\/wp-json\/wp\/v2\/media\/65806"}],"wp:attachment":[{"href":"https:\/\/www.infokuryr.cz\/n\/wp-json\/wp\/v2\/media?parent=85059"}],"wp:term":[{"taxonomy":"category","embeddable":true,"href":"https:\/\/www.infokuryr.cz\/n\/wp-json\/wp\/v2\/categories?post=85059"},{"taxonomy":"post_tag","embeddable":true,"href":"https:\/\/www.infokuryr.cz\/n\/wp-json\/wp\/v2\/tags?post=85059"}],"curies":[{"name":"wp","href":"https:\/\/api.w.org\/{rel}","templated":true}]}}