{"id":8505,"date":"2022-02-23T03:43:02","date_gmt":"2022-02-23T02:43:02","guid":{"rendered":"http:\/\/www.infokuryr.cz\/n\/?p=8505"},"modified":"2022-02-23T03:43:02","modified_gmt":"2022-02-23T02:43:02","slug":"p-c-roberts-vcera-se-svet-zmenil","status":"publish","type":"post","link":"https:\/\/www.infokuryr.cz\/n\/2022\/02\/23\/p-c-roberts-vcera-se-svet-zmenil\/","title":{"rendered":"P.C.Roberts: V\u010dera se sv\u011bt zm\u011bnil"},"content":{"rendered":"<div id=\"fb-root\"><\/div>\n<p>Poslouchal jsem Putin\u016fv projev k rusk\u00fdm lidem, ve skute\u010dnosti v\u0161ak Putin\u016fv projev k cel\u00e9mu sv\u011btu, kter\u00fd rusk\u00fd prezident pronesl po zased\u00e1n\u00ed rusk\u00e9 Bezpe\u010dnostn\u00ed rady.\u00a0 Vyj\u00e1d\u0159il v n\u011bm sv\u00e9 zklam\u00e1n\u00ed z faktu, \u017ee jedn\u00e1n\u00ed rusk\u00fdch p\u0159edstavitel\u016f se Z\u00e1padem ho pou\u010dilo o tom, \u017ee Washingtonu nelze v ni\u010dem d\u016fv\u011b\u0159ovat, a vyjasnil, \u017ee Rusko bude p\u0159ipraveno na v\u00e1lku, kterou Washington zam\u00fd\u0161t\u00ed Rusku vnutit.<\/p>\n<p>Putin \u0159ekl, \u017ee se po osm let sna\u017eil v situaci kolem Ukrajiny, kdy ob\u011b odtr\u017eeneck\u00e9 republiky z\u016fst\u00e1valy \u010d\u00e1st\u00ed Ukrajiny, udr\u017eet m\u00edr, ale \u017ee jeho \u00fasil\u00ed bylo Washingtonem po celou tuto dobu ma\u0159eno. V d\u016fsledku \u010deho\u017e mu nezbyla jin\u00e1 mo\u017enost ne\u017e ohl\u00e1sit, \u017ee Rusko uzn\u00e1v\u00e1 nez\u00e1vislost obou odtr\u017eeneck\u00fdch republik, co\u017e, jak se Putin vyj\u00e1d\u0159il, se m\u011blo u\u010dinit u\u017e p\u0159ed l\u00e9ty. Putin s ob\u011bma republikami podepsal smlouvu o vz\u00e1jemn\u00e9 pomoci.<\/p>\n<p>Andrej Martynov pot\u00e9 zve\u0159ejnil tento po\u017eadavek Moskvy sm\u011brem k Ukrajin\u011b: \u201eMoskva \u017e\u00e1d\u00e1, aby Kyjev okam\u017eit\u011b zastavil v\u0161echny sv\u00e9 nep\u0159\u00e1telsk\u00e9 akce. V opa\u010dn\u00e9m p\u0159\u00edpad\u011b padne v\u0161echna odpov\u011bdnost za mo\u017en\u00e9 pokra\u010dov\u00e1n\u00ed prol\u00e9v\u00e1n\u00ed krve na sv\u011bdom\u00ed vl\u00e1dnouc\u00edho re\u017eimu na Ukrajin\u011b\u201c.<\/p>\n<p>Rusk\u00fdm ozbrojen\u00fdm sil\u00e1m byl vyd\u00e1n rozkaz, aby zajistily m\u00edr na \u00fazem\u00ed Nez\u00e1visl\u00fdch republik.<\/p>\n<p>Viz:\u00a0 <a href=\"https:\/\/smoothiex12.blogspot.com\/2022\/02\/free-free-at-last.html\">ZDE<\/a><\/p>\n<p>Samoz\u0159ejm\u011b, \u017ee toto v\u0161e bude presstitutkami ohl\u00e1\u0161eno jako rusk\u00e1 invaze, a bl\u00e1zen ve Washingtonu zv\u00fdrazn\u00ed americkou impotenci uvalen\u00edm sankc\u00ed.<\/p>\n<p>Od tohoto okam\u017eiku se provokace proti Rusku st\u00e1vaj\u00ed ve st\u00e1le v\u011bt\u0161\u00ed m\u00ed\u0159e nebezpe\u010dn\u00fdm rizikem.<\/p>\n<p><em>P\u0159eklad: Lubom\u00edr Man<\/em><\/p>\n<p>&nbsp;<\/p>\n","protected":false},"excerpt":{"rendered":"<p>Poslouchal jsem Putin\u016fv projev k rusk\u00fdm lidem, ve skute\u010dnosti v\u0161ak Putin\u016fv projev k cel\u00e9mu sv\u011btu,&#8230;<\/p>\n","protected":false},"author":2,"featured_media":810,"comment_status":"closed","ping_status":"closed","sticky":false,"template":"","format":"standard","meta":[],"categories":[7],"tags":[29,102,26],"_links":{"self":[{"href":"https:\/\/www.infokuryr.cz\/n\/wp-json\/wp\/v2\/posts\/8505"}],"collection":[{"href":"https:\/\/www.infokuryr.cz\/n\/wp-json\/wp\/v2\/posts"}],"about":[{"href":"https:\/\/www.infokuryr.cz\/n\/wp-json\/wp\/v2\/types\/post"}],"author":[{"embeddable":true,"href":"https:\/\/www.infokuryr.cz\/n\/wp-json\/wp\/v2\/users\/2"}],"replies":[{"embeddable":true,"href":"https:\/\/www.infokuryr.cz\/n\/wp-json\/wp\/v2\/comments?post=8505"}],"version-history":[{"count":0,"href":"https:\/\/www.infokuryr.cz\/n\/wp-json\/wp\/v2\/posts\/8505\/revisions"}],"wp:featuredmedia":[{"embeddable":true,"href":"https:\/\/www.infokuryr.cz\/n\/wp-json\/wp\/v2\/media\/810"}],"wp:attachment":[{"href":"https:\/\/www.infokuryr.cz\/n\/wp-json\/wp\/v2\/media?parent=8505"}],"wp:term":[{"taxonomy":"category","embeddable":true,"href":"https:\/\/www.infokuryr.cz\/n\/wp-json\/wp\/v2\/categories?post=8505"},{"taxonomy":"post_tag","embeddable":true,"href":"https:\/\/www.infokuryr.cz\/n\/wp-json\/wp\/v2\/tags?post=8505"}],"curies":[{"name":"wp","href":"https:\/\/api.w.org\/{rel}","templated":true}]}}