{"id":85034,"date":"2025-08-06T00:23:59","date_gmt":"2025-08-05T22:23:59","guid":{"rendered":"https:\/\/www.infokuryr.cz\/n\/?p=85034"},"modified":"2025-08-05T14:22:11","modified_gmt":"2025-08-05T12:22:11","slug":"pentagon-potvrzuje-stazeni-ze-syrskych-zakladen-a-ocekava-arabsko-kurdsky-konflikt","status":"publish","type":"post","link":"https:\/\/www.infokuryr.cz\/n\/2025\/08\/06\/pentagon-potvrzuje-stazeni-ze-syrskych-zakladen-a-ocekava-arabsko-kurdsky-konflikt\/","title":{"rendered":"Pentagon potvrzuje sta\u017een\u00ed ze syrsk\u00fdch z\u00e1kladen a o\u010dek\u00e1v\u00e1 arabsko-kurdsk\u00fd konflikt"},"content":{"rendered":"<div id=\"fb-root\"><\/div>\n<p><strong><span>Pentagon ofici\u00e1ln\u011b potvrdil, \u017ee se americk\u00e9 s\u00edly st\u00e1hly z n\u011bkter\u00fdch sv\u00fdch z\u00e1kladen v severn\u00ed a v\u00fdchodn\u00ed S\u00fdrii.<\/span><\/strong><\/p>\n<p><span>Podle nejnov\u011bj\u0161\u00ed \u010dtvrtletn\u00ed zpr\u00e1vy gener\u00e1ln\u00edho inspektora ministerstva obrany opustily jednotky podp\u016frn\u00e9 stanovi\u0161t\u011b Green Village, H2 a Euphrates loni v kv\u011btnu.<\/span><\/p>\n<p><span>V\u0161echna t\u0159i m\u00edsta le\u017e\u00ed v rozlehl\u00e9 oblasti zn\u00e1m\u00e9 jako st\u0159edn\u00ed \u00fadol\u00ed \u0159eky Eufrat. Podp\u016frn\u00e9 m\u00edsto mise Green Village se nach\u00e1z\u00ed v ropn\u00e9m poli al-Omar v jihov\u00fdchodn\u00ed krajin\u011b Deir Ezzor, zat\u00edmco podp\u016frn\u00e9 m\u00edsto mise Euphrates se nach\u00e1z\u00ed v plyn\u00e1rn\u011b Conoco ve v\u00fdchodn\u00ed krajin\u011b guvernor\u00e1tu, kter\u00fd se nach\u00e1z\u00ed ve v\u00fdchodn\u00ed S\u00fdrii.<\/span><\/p>\n<p><span>Americk\u00e9 s\u00edly \u201ebu\u010f demontovaly a odstranily, nebo p\u0159edaly infrastrukturu\u201c Syrsk\u00fdm demokratick\u00fdm sil\u00e1m (SDF), kl\u00ed\u010dov\u00e9mu partnerovi koalice veden\u00e9 USA v S\u00fdrii, uv\u00e1d\u00ed se ve zpr\u00e1v\u011b, kter\u00e1 byla zve\u0159ejn\u011bna 29. \u010dervence.<\/span><\/p>\n<p><span>Zpr\u00e1va uv\u00e1d\u00ed, \u017ee americk\u00e9 s\u00edly na t\u011bchto t\u0159ech z\u00e1kladn\u00e1ch se bu\u010f p\u0159esunuly na jin\u00e1 m\u00edsta v S\u00fdrii nebo Ir\u00e1ku, nebo se po skon\u010den\u00ed slu\u017eby vr\u00e1tily dom\u016f.<\/span><\/p>\n<p><span>Zpr\u00e1va rovn\u011b\u017e uv\u00e1d\u00ed, \u017ee se USA st\u00e1hly z oblasti, kde z\u016fst\u00e1vaj\u00ed napjat\u00e9 vztahy mezi SDF a arabsk\u00fdmi kmenov\u00fdmi v\u016fdci, kte\u0159\u00ed SDF vn\u00edmaj\u00ed jako okupanty selektivn\u011b rozd\u011bluj\u00edc\u00ed zdroje a ochranu na z\u00e1klad\u011b kulturn\u00edch preferenc\u00ed. Zpr\u00e1va d\u00e1le uv\u00e1d\u00ed, \u017ee bez americk\u00fdch sil, kter\u00e9 by p\u0159eklenuly rozd\u00edly, se o\u010dek\u00e1v\u00e1, \u017ee nap\u011bt\u00ed mezi skupinami poroste.<\/span><\/p>\n<p><span>Stanice Fox News v kv\u011btnu informovala, \u017ee 500 americk\u00fdch voj\u00e1k\u016f opustilo z\u00e1kladny v severn\u00ed a v\u00fdchodn\u00ed S\u00fdrii. Sta\u017een\u00ed bylo provedeno v souladu s pl\u00e1ny Pentagonu, jejich\u017e c\u00edlem je nakonec sn\u00ed\u017eit americkou vojenskou p\u0159\u00edtomnost ve v\u00e1lkou zni\u010den\u00e9 zemi na jednu z\u00e1kladnu a m\u00e9n\u011b ne\u017e 1 000 voj\u00e1k\u016f.<\/span><\/p>\n<p><span>Hodnocen\u00ed Pentagonu je velmi realistick\u00e9. Nap\u011bt\u00ed mezi SDF a arabsk\u00fdmi kmeny v severn\u00ed a v\u00fdchodn\u00ed S\u00fdrii ji\u017e roste. Mnoho z t\u011bchto kmen\u016f ji\u017e p\u0159\u00edsahalo v\u011brnost nov\u00e9 prozat\u00edmn\u00ed vl\u00e1d\u011b veden\u00e9 islamisty.<\/span><\/p>\n<p><span>Dohoda o slou\u010den\u00ed SDF s vl\u00e1dou, kter\u00e9 bylo dosa\u017eeno v kv\u011btnu, st\u00e1le nepokro\u010dila a st\u0159ety s vl\u00e1dn\u00edmi silami na front\u011b jsou st\u00e1le \u010dast\u011bj\u0161\u00ed.<\/span><\/p>\n<p><img decoding=\"async\" loading=\"lazy\" class=\"alignnone size-full wp-image-1185\" src=\"http:\/\/www.infokuryr.cz\/n\/wp-content\/uploads\/2021\/04\/kuryr-podpis.png\" alt=\"\" width=\"84\" height=\"24\" \/><\/p>\n<p><img decoding=\"async\" loading=\"lazy\" class=\"wp-image-85002 aligncenter\" src=\"http:\/\/www.infokuryr.cz\/n\/wp-content\/uploads\/2025\/08\/Plakat1-212x300.jpg\" alt=\"\" width=\"645\" height=\"913\" srcset=\"https:\/\/www.infokuryr.cz\/n\/wp-content\/uploads\/2025\/08\/Plakat1-212x300.jpg 212w, https:\/\/www.infokuryr.cz\/n\/wp-content\/uploads\/2025\/08\/Plakat1-724x1024.jpg 724w, https:\/\/www.infokuryr.cz\/n\/wp-content\/uploads\/2025\/08\/Plakat1-768x1086.jpg 768w, https:\/\/www.infokuryr.cz\/n\/wp-content\/uploads\/2025\/08\/Plakat1-1086x1536.jpg 1086w, https:\/\/www.infokuryr.cz\/n\/wp-content\/uploads\/2025\/08\/Plakat1-1024x1449.jpg 1024w, https:\/\/www.infokuryr.cz\/n\/wp-content\/uploads\/2025\/08\/Plakat1.jpg 1131w\" sizes=\"(max-width: 645px) 100vw, 645px\" \/><\/p>\n<p>&nbsp;<\/p>\n","protected":false},"excerpt":{"rendered":"<p>Pentagon ofici\u00e1ln\u011b potvrdil, \u017ee se americk\u00e9 s\u00edly st\u00e1hly z n\u011bkter\u00fdch sv\u00fdch z\u00e1kladen v severn\u00ed a&#8230;<\/p>\n","protected":false},"author":2,"featured_media":59961,"comment_status":"closed","ping_status":"closed","sticky":false,"template":"","format":"standard","meta":[],"categories":[7],"tags":[380,147,37,1210],"_links":{"self":[{"href":"https:\/\/www.infokuryr.cz\/n\/wp-json\/wp\/v2\/posts\/85034"}],"collection":[{"href":"https:\/\/www.infokuryr.cz\/n\/wp-json\/wp\/v2\/posts"}],"about":[{"href":"https:\/\/www.infokuryr.cz\/n\/wp-json\/wp\/v2\/types\/post"}],"author":[{"embeddable":true,"href":"https:\/\/www.infokuryr.cz\/n\/wp-json\/wp\/v2\/users\/2"}],"replies":[{"embeddable":true,"href":"https:\/\/www.infokuryr.cz\/n\/wp-json\/wp\/v2\/comments?post=85034"}],"version-history":[{"count":0,"href":"https:\/\/www.infokuryr.cz\/n\/wp-json\/wp\/v2\/posts\/85034\/revisions"}],"wp:featuredmedia":[{"embeddable":true,"href":"https:\/\/www.infokuryr.cz\/n\/wp-json\/wp\/v2\/media\/59961"}],"wp:attachment":[{"href":"https:\/\/www.infokuryr.cz\/n\/wp-json\/wp\/v2\/media?parent=85034"}],"wp:term":[{"taxonomy":"category","embeddable":true,"href":"https:\/\/www.infokuryr.cz\/n\/wp-json\/wp\/v2\/categories?post=85034"},{"taxonomy":"post_tag","embeddable":true,"href":"https:\/\/www.infokuryr.cz\/n\/wp-json\/wp\/v2\/tags?post=85034"}],"curies":[{"name":"wp","href":"https:\/\/api.w.org\/{rel}","templated":true}]}}