{"id":85030,"date":"2025-08-06T00:21:11","date_gmt":"2025-08-05T22:21:11","guid":{"rendered":"https:\/\/www.infokuryr.cz\/n\/?p=85030"},"modified":"2025-08-05T12:47:49","modified_gmt":"2025-08-05T10:47:49","slug":"10-prikladu-ktere-ukazuji-ze-se-nase-spolecnost-uplne-zblaznila","status":"publish","type":"post","link":"https:\/\/www.infokuryr.cz\/n\/2025\/08\/06\/10-prikladu-ktere-ukazuji-ze-se-nase-spolecnost-uplne-zblaznila\/","title":{"rendered":"10 p\u0159\u00edklad\u016f, kter\u00e9 ukazuj\u00ed, \u017ee se na\u0161e spole\u010dnost \u00fapln\u011b zbl\u00e1znila"},"content":{"rendered":"<div id=\"fb-root\"><\/div>\n<div class=\"elementor-element elementor-element-1fb4c2c elementor-widget elementor-widget-theme-post-content\" data-id=\"1fb4c2c\" data-element_type=\"widget\" data-widget_type=\"theme-post-content.default\">\n<div class=\"elementor-widget-container\">\n<p><span>\u0158\u00edk\u00e1 se, \u017ee na bl\u00e1zny neexistuje l\u00e9k. Pokud je to skute\u010dn\u011b pravda, m\u00e1me spoustu probl\u00e9m\u016f. Kdy\u017e jsem vyr\u016fstal, bl\u00e1zni byli na okraji na\u0161\u00ed spole\u010dnosti. Te\u010f jsou to norm\u00e1ln\u00ed lid\u00e9, kte\u0159\u00ed byli odsunuti na okraj na\u0161\u00ed spole\u010dnosti. Pokud si mysl\u00edte, \u017ee p\u0159eh\u00e1n\u00edm, sta\u010d\u00ed se pod\u00edvat kolem sebe. Velk\u00e1 \u010d\u00e1st populace se doslova chov\u00e1 jako bl\u00e1zni. V\u0161ichni jsme se sm\u00e1li, kdy\u017e v roce 2006 vy\u0161el\u00a0<\/span><em><span>film Idiocracy<\/span><\/em><span>\u00a0, jak absurdn\u00ed to bylo, ale p\u0159i zp\u011btn\u00e9m pohledu byl ten film v podstat\u011b varov\u00e1n\u00edm p\u0159ed t\u00edm, co brzy p\u0159ijde. V posledn\u00edch 20 letech se na\u0161e spole\u010dnost \u00fapln\u011b obr\u00e1tila vzh\u016fru nohama. Bl\u00e1zni vedou \u00fastavy a mnoz\u00ed z nich \u00fato\u010d\u00ed divok\u00fdm a nep\u0159edv\u00eddateln\u00fdm zp\u016fsobem.<\/span><\/p>\n<p><span>Pokud si mysl\u00edte, \u017ee jsem p\u0159\u00edli\u0161 drsn\u00fd, p\u0159e\u010dt\u011bte si pros\u00edm zbytek tohoto \u010dl\u00e1nku. Opravdu bych si p\u0159\u00e1l, abych p\u0159eh\u00e1n\u011bl, ale nep\u0159eh\u00e1n\u00edm. N\u00ed\u017ee uv\u00e1d\u00edme 10 p\u0159\u00edklad\u016f, kter\u00e9 ukazuj\u00ed, \u017ee se na\u0161e spole\u010dnost \u00fapln\u011b zbl\u00e1znila&#8230;<\/span><\/p>\n<h3 class=\"wp-block-heading\"><span>#1 \u2013 K\u0159i\u010d\u00edc\u00ed liber\u00e1lov\u00e9 v \u201eklubu K\u0159iku\u201c<\/span><\/h3>\n<p><span>P\u0159idali byste se do \u201eklubu k\u0159iku\u201c? V Chicagu se ka\u017edou ned\u011bli ve\u010der v 19 hodin sch\u00e1z\u00ed velmi velk\u00e1 skupina liber\u00e1l\u016f, aby k\u0159i\u010deli jako o \u017eivot&#8230;<\/span><\/p>\n<p><em>Scream Club Chicago na\u0161el neortodoxn\u00ed zp\u016fsob, jak si uleh\u010dit a trochu si usnadnit \u017eivot.<\/em><br \/>\n<em>Skupina se sch\u00e1z\u00ed ka\u017edou ned\u011bli v 19 hodin na molu na pl\u00e1\u017ei North Avenue Beach, kde se zhluboka nadechuj\u00ed a spole\u010dn\u011b k\u0159i\u010d\u00ed do \u0161ir\u00e9ho nebe nad Michigansk\u00fdm jezerem.<\/em><br \/>\n<em>Skupinu zalo\u017eil Manny Hernande, kou\u010d dechov\u00fdch cvi\u010den\u00ed, kter\u00fd hledal zp\u016fsob, jak se zbavit stresu. Prost\u0159ednictv\u00edm soci\u00e1ln\u00edch m\u00e9di\u00ed pozval ostatn\u00ed, aby se k n\u011bmu p\u0159ipojili v ritu\u00e1lu k\u0159iku. Nyn\u00ed roste popularita t\u00fddenn\u00edch terapeutick\u00fdch sezen\u00ed.<\/em><\/p>\n<h3 class=\"wp-block-heading\"><span>#2 \u2013 \u00datok no\u017eem p\u0159i nakupov\u00e1n\u00ed<\/span><\/h3>\n<p><span>V dne\u0161n\u00ed Americe by n\u00e1siln\u00fd \u0161\u00edlenec kr\u00e1\u010dej\u00edc\u00ed vedle v\u00e1s mohl ka\u017edou chv\u00edli vybuchnout. V obchod\u011b Walmart v Michiganu mu\u017e nakupuj\u00edc\u00ed v odd\u011blen\u00ed potravin n\u00e1hle vyt\u00e1hl n\u016f\u017e a za\u010dal bodat lidi&#8230;<\/span><\/p>\n<p><em>\u201eByl to mu\u017e s no\u017eem \u2013 lid\u00e9 k\u0159i\u010deli a ut\u00edkali v\u0161emi sm\u011bry,\u201c \u0159ekla Tasha Nash, zam\u011bstnankyn\u011b Walmartu. \u201eVid\u011bla jsem, jak n\u011bkoho bodli do oka.\u201c<\/em><br \/>\n<em>Amber Paull, dal\u0161\u00ed z\u00e1kaznice, popsala \u00fato\u010dn\u00edka jako cizince, kter\u00fd \u201eprost\u011b ze\u0161\u00edlel\u201c a n\u00e1hodn\u011b za\u00fato\u010dil na lidi v odd\u011blen\u00ed s ovocem a zeleninou. \u201eAfroameri\u010dan ud\u011blal hrdinsk\u00fd \u010din \u2013 vyt\u00e1hl zbra\u0148 a pokusil se \u00fato\u010dn\u00edka zastavit,\u201c \u0159ekla Paull. \u201ePak ale lid\u00e9 za\u010dali k\u0159i\u010det a podez\u0159el\u00e9mu se poda\u0159ilo proklouznout zp\u011bt do davu.\u201c<\/em><\/p>\n<h3 class=\"wp-block-heading\"><span>#3 \u2013 Krut\u00e9 t\u00fdr\u00e1n\u00ed d\u011bt\u00ed na Florid\u011b<\/span><\/h3>\n<p><span>Ve Spojen\u00fdch st\u00e1tech je v\u00edce ne\u017e p\u016fl milionu ob\u011bt\u00ed zneu\u017e\u00edv\u00e1n\u00ed d\u011bt\u00ed. Ned\u00e1vn\u00fd p\u0159\u00edpad na Florid\u011b byl obzvl\u00e1\u0161t\u011b d\u011bsiv\u00fd\u2026<\/span><\/p>\n<p><em>\u010cty\u0159i dosp\u011bl\u00ed byli zat\u010deni pot\u00e9, co byli obvin\u011bni ze zneu\u017e\u00edv\u00e1n\u00ed dev\u00edti d\u011bt\u00ed ve sv\u00e9m dom\u011b na Florid\u011b, kdy je uv\u011bznili p\u0159ekli\u017ekou pod palandou a jako trest jim post\u0159\u00edkali octem do obli\u010deje.<\/em><br \/>\n<em>Man\u017eelsk\u00fd p\u00e1r Brian a Jill Griffethovi spolu s 21let\u00fdm Dallinem a 19letou Liberty Griffethovou byli zat\u010deni a obvin\u011bni z t\u011b\u017ek\u00e9ho t\u00fdr\u00e1n\u00ed d\u011bt\u00ed.<\/em><br \/>\n<em>\u010cty\u0159i dosp\u011bl\u00ed jsou podez\u0159el\u00ed ze zneu\u017e\u00edv\u00e1n\u00ed p\u011bti biologick\u00fdch a \u010dty\u0159 adoptovan\u00fdch d\u011bt\u00ed \u2013 ve v\u011bku 7 a\u017e 16 let \u2013 ve sv\u00e9m dom\u011b ve Fort White na Florid\u011b, asi 35 mil severoz\u00e1padn\u011b od Gainesville.<\/em><\/p>\n<h3 class=\"wp-block-heading\"><span>#4 \u2013 Platba za \u0161kolu<\/span><\/h3>\n<p><span>N\u011bkter\u00e9 \u0161koln\u00ed obvody nyn\u00ed d\u011btem plat\u00ed za doch\u00e1zku do \u0161koly, proto\u017ee chronick\u00e9 z\u00e1\u0161kol\u00e1ctv\u00ed je tak roz\u0161\u00ed\u0159en\u00e9\u2026<\/span><\/p>\n<p><em>Pedagogov\u00e9 se sna\u017e\u00ed vytv\u00e1\u0159et pob\u00eddky, aby p\u0159il\u00e1kali studenty do \u0161koly, a n\u011bkter\u00e9 okresy dokonce student\u016fm za doch\u00e1zku plat\u00ed.<\/em><br \/>\n<em>Jin\u00e9 povzbuzuj\u00ed u\u010ditele, aby zapo\u010d\u00edt\u00e1vali doch\u00e1zku do zn\u00e1mek, nebo omezuj\u00ed po\u010det \u00fakol\u016f, kter\u00e9 lze vyplnit online.<\/em><br \/>\n<em>Dvacet st\u00e1t\u016f uvedlo, \u017ee v\u00edce ne\u017e 30 procent jejich student\u016f zame\u0161kalo b\u011bhem \u0161koln\u00edho roku 2022\u20132023 alespo\u0148 t\u0159i t\u00fddny ve \u0161kole.<\/em><\/p>\n<h3 class=\"wp-block-heading\"><span>#5 \u2013 Neleg\u00e1ln\u00ed geoin\u017een\u00fdrstv\u00ed k zatemn\u011bn\u00ed Slunce<\/span><\/h3>\n<p><span>\u0160\u00edlen\u00ed v\u011bdci si mysl\u00ed, \u017ee maj\u00ed pr\u00e1vo \u201ehr\u00e1t si na Boha\u201c bez na\u0161eho svolen\u00ed. Ned\u00e1vno se skupina \u0161\u00edlen\u00fdch v\u011bdc\u016f na z\u00e1padn\u00edm pob\u0159e\u017e\u00ed pokusila o nepovolen\u00fd geoin\u017een\u00fdrsk\u00fd experiment v z\u00e1livu San Francisco, kter\u00fd by zakryl slunce&#8230;<\/span><\/p>\n<p><em>Podrobnosti obsa\u017een\u00e9 v \u017e\u00e1dostech o financov\u00e1n\u00ed, e-mailech, textov\u00fdch zpr\u00e1v\u00e1ch a dal\u0161\u00edch z\u00e1znamech vyvol\u00e1vaj\u00ed nov\u00e9 ot\u00e1zky ohledn\u011b tajn\u00e9 iniciativy podporovan\u00e9 miliard\u00e1\u0159i, kter\u00e1 loni dohl\u00ed\u017eela na kr\u00e1tk\u00fd experiment se sol\u00e1rn\u00edm geoin\u017een\u00fdrstv\u00edm v oblasti Sanfrancisk\u00e9ho z\u00e1livu.<\/em><br \/>\n<em>Lo\u0148sk\u00fd experiment, veden\u00fd Washingtonskou univerzitou, trval asi 20 minut, ne\u017e jej zastavili \u00fa\u0159edn\u00edci m\u011bsta Alameda, kte\u0159\u00ed si st\u011b\u017eovali, \u017ee je nikdo p\u0159edem neinformoval.<\/em><\/p>\n<h3 class=\"wp-block-heading\"><span>#6 \u2013 Pl\u00e1novan\u00e1 hromadn\u00e1 eutanazie v Kanad\u011b<\/span><\/h3>\n<p><span>O\u010dek\u00e1v\u00e1 se, \u017ee Kanada do roku 2047\u00a0<\/span><strong><span>utrat\u00ed 15 milion\u016f sv\u00fdch ob\u010dan\u016f<\/span><\/strong><span>\u00a0a Spojen\u00e9 st\u00e1ty jsou na stejn\u00e9 cest\u011b\u2026<\/span><\/p>\n<p><em>Kanadsk\u00e1 v\u00e1le\u010dn\u00e1 veter\u00e1nka Kelsi Sherenov\u00e1 ve videu uvedla, \u017ee syst\u00e9m zdravotn\u00ed p\u00e9\u010de pl\u00e1nuje v letech 2027 a\u017e 2047 utratit odhadem 15 milion\u016f Kana\u010fan\u016f \u2013 pod z\u00e1minkou sni\u017eov\u00e1n\u00ed n\u00e1klad\u016f.<\/em><br \/>\n<em>Ve Spojen\u00fdch st\u00e1tech se hnut\u00ed \u201eSmrt s d\u016fstojnost\u00ed\u201c aktivn\u011b sna\u017e\u00ed zav\u00e9st podobn\u00e9 z\u00e1kony. Tato praxe je ji\u017e povolena v jeden\u00e1cti st\u00e1tech a ve Washingtonu, D.C.<\/em><\/p>\n<h3 class=\"wp-block-heading\"><span>#7 \u2013 Zneu\u017e\u00edv\u00e1n\u00ed v bohat\u00fdch \u010dtvrt\u00edch: 21 d\u011bt\u00ed osvobozeno<\/span><\/h3>\n<p><span>\u010casto se n\u011bkter\u00e9 z nejhor\u0161\u00edch zlo\u010din\u016f odehr\u00e1vaj\u00ed v nejbohat\u0161\u00edch \u010dtvrt\u00edch. Nap\u0159\u00edklad bohat\u00fd \u010d\u00ednsk\u00fd p\u00e1r v Los Angeles dok\u00e1zal shrom\u00e1\u017edit a zneu\u017e\u00edt 21 d\u011bt\u00ed, ne\u017e si toho \u00fa\u0159ady kone\u010dn\u011b v\u0161imly&#8230;<\/span><\/p>\n<p><em>P\u0159i razii FBI v dom\u011b v Los Angeles bylo zachr\u00e1n\u011bno 21 d\u011bt\u00ed, z nich\u017e mnoh\u00e9 se staly ob\u011b\u0165mi zneu\u017e\u00edv\u00e1n\u00ed.<\/em><br \/>\n<em>Guojun Xuan (65) a Silvia Zhang (38) byli zat\u010deni pot\u00e9, co bylo dvoum\u011bs\u00ed\u010dn\u00ed d\u00edt\u011b p\u0159ijato s traumatick\u00fdm poran\u011bn\u00edm mozku.<\/em><br \/>\n<em>Zran\u011bn\u00ed byla star\u00e1 ji\u017e dva dny, ne\u017e za\u010dalo vy\u0161et\u0159ov\u00e1n\u00ed.<\/em><\/p>\n<h3 class=\"wp-block-heading\"><span>#8 \u2013 \u00dapadek americk\u00fdch m\u011bst<\/span><\/h3>\n<p><span>Velk\u00e1 m\u011bsta po cel\u00e9 zemi upadaj\u00ed. Uh\u00e1dnete, o kter\u00e9m m\u011bst\u011b mluv\u00edme?&#8230;<\/span><\/p>\n<p><em>Obyvatel Frank Sereno na policejn\u00ed sch\u016fzce \u0159ekl: \u201eMajetkov\u00e1 trestn\u00e1 \u010dinnost, kraden\u00e1 vozidla, mladistv\u00ed se st\u0159eln\u00fdmi zbran\u011bmi \u2013 to nejsou drobn\u00e9 p\u0159estupky.\u201c<\/em><br \/>\n<em>M\u011bsto nen\u00ed\u00a0<strong>Los<\/strong>\u00a0Angeles, San Francisco, New York ani Chicago.<\/em><br \/>\n<em>Je to\u00a0<strong>Kansas City<\/strong>\u00a0\u2013 kdysi civilizovan\u00e9 m\u00edsto.<\/em><\/p>\n<h3 class=\"wp-block-heading\"><span>#9 \u2013 V\u00edce ne\u017e \u010dtvrtina du\u0161evn\u011b nemocn\u00fdch<\/span><\/h3>\n<p><span>Odborn\u00edci nyn\u00ed p\u0159ipou\u0161t\u011bj\u00ed, \u017ee v\u00edce ne\u017e \u010dtvrtina na\u0161\u00ed populace trp\u00ed du\u0161evn\u00edmi chorobami\u2026<\/span><\/p>\n<p><em>Podle Univerzity Johnse Hopkinse trp\u00ed ka\u017ed\u00fd rok p\u0159ibli\u017en\u011b\u00a0<strong>26 % Ameri\u010dan\u016f<\/strong>\u00a0diagnostikovanou du\u0161evn\u00ed poruchou.<\/em><br \/>\n<em>Pat\u0159\u00ed mezi n\u011b deprese, bipol\u00e1rn\u00ed porucha, schizofrenie a obsedantn\u011b-kompulzivn\u00ed porucha.<\/em><br \/>\n<em>Mnoho lid\u00ed trp\u00ed v\u00edce poruchami sou\u010dasn\u011b \u2013 p\u0159ibli\u017en\u011b 9,5 % trp\u00ed depresivn\u00edm onemocn\u011bn\u00edm.<\/em><\/p>\n<h3 class=\"wp-block-heading\"><span>#10 \u2013 Romantizov\u00e1n\u00ed Apokalypsy<\/span><\/h3>\n<p><span>V dne\u0161n\u00ed dob\u011b mnoho Ameri\u010dan\u016f romantizuje apokalypsu \u2013 jednodu\u0161e proto, \u017ee cht\u011bj\u00ed, aby tohle \u0161\u00edlenstv\u00ed kone\u010dn\u011b skon\u010dilo\u2026<\/span><\/p>\n<p><em>Kdybyste mohli vr\u00e1tit \u010das a Amerika by vypadala jako v 50. a 60. letech, ud\u011blali byste to?<\/em><br \/>\n<em>Mnoz\u00ed by se vzdali sv\u00fdch modern\u00edch vychyt\u00e1vek, kdyby to znamenalo, \u017ee by mohli znovu nav\u00e1zat skute\u010dn\u00e9 lidsk\u00e9 spojen\u00ed.<\/em><br \/>\n<em>Nejsme stvo\u0159eni k tomu, abychom deset hodin denn\u011b z\u00edrali na obrazovky \u2013 n\u00e1\u0161 modern\u00ed \u017eivotn\u00ed styl n\u00e1s doh\u00e1n\u00ed k \u0161\u00edlenstv\u00ed.<\/em><\/p>\n<p><strong><span>Doufejme, \u017ee se rozhodneme zm\u011bnit sm\u011br, ne\u017e bude p\u0159\u00edli\u0161 pozd\u011b.<\/span><\/strong><\/p>\n<\/div>\n<\/div>\n<div class=\"elementor-element elementor-element-8c57238 quelle dc-has-condition dc-condition-empty elementor-widget elementor-widget-heading\" data-id=\"8c57238\" data-element_type=\"widget\" data-widget_type=\"heading.default\">\n<div class=\"elementor-widget-container\">\n<h3 class=\"elementor-heading-title elementor-size-default\"><span style=\"font-size: 10pt;\"><a href=\"https:\/\/www.zerohedge.com\/geopolitical\/10-examples-show-our-society-going-completely-insane\" target=\"_blank\" rel=\"nofollow noopener\">Zdroj<\/a><\/span><\/h3>\n<p><img decoding=\"async\" loading=\"lazy\" class=\"wp-image-85002 aligncenter\" src=\"http:\/\/www.infokuryr.cz\/n\/wp-content\/uploads\/2025\/08\/Plakat1-212x300.jpg\" alt=\"\" width=\"678\" height=\"959\" srcset=\"https:\/\/www.infokuryr.cz\/n\/wp-content\/uploads\/2025\/08\/Plakat1-212x300.jpg 212w, https:\/\/www.infokuryr.cz\/n\/wp-content\/uploads\/2025\/08\/Plakat1-724x1024.jpg 724w, https:\/\/www.infokuryr.cz\/n\/wp-content\/uploads\/2025\/08\/Plakat1-768x1086.jpg 768w, https:\/\/www.infokuryr.cz\/n\/wp-content\/uploads\/2025\/08\/Plakat1-1086x1536.jpg 1086w, https:\/\/www.infokuryr.cz\/n\/wp-content\/uploads\/2025\/08\/Plakat1-1024x1449.jpg 1024w, https:\/\/www.infokuryr.cz\/n\/wp-content\/uploads\/2025\/08\/Plakat1.jpg 1131w\" sizes=\"(max-width: 678px) 100vw, 678px\" \/><\/p>\n<p>&nbsp;<\/p>\n<\/div>\n<\/div>\n","protected":false},"excerpt":{"rendered":"<p>\u0158\u00edk\u00e1 se, \u017ee na bl\u00e1zny neexistuje l\u00e9k. Pokud je to skute\u010dn\u011b pravda, m\u00e1me spoustu probl\u00e9m\u016f&#8230;.<\/p>\n","protected":false},"author":2,"featured_media":85031,"comment_status":"closed","ping_status":"closed","sticky":false,"template":"","format":"standard","meta":[],"categories":[7],"tags":[8837,1503,2385],"_links":{"self":[{"href":"https:\/\/www.infokuryr.cz\/n\/wp-json\/wp\/v2\/posts\/85030"}],"collection":[{"href":"https:\/\/www.infokuryr.cz\/n\/wp-json\/wp\/v2\/posts"}],"about":[{"href":"https:\/\/www.infokuryr.cz\/n\/wp-json\/wp\/v2\/types\/post"}],"author":[{"embeddable":true,"href":"https:\/\/www.infokuryr.cz\/n\/wp-json\/wp\/v2\/users\/2"}],"replies":[{"embeddable":true,"href":"https:\/\/www.infokuryr.cz\/n\/wp-json\/wp\/v2\/comments?post=85030"}],"version-history":[{"count":0,"href":"https:\/\/www.infokuryr.cz\/n\/wp-json\/wp\/v2\/posts\/85030\/revisions"}],"wp:featuredmedia":[{"embeddable":true,"href":"https:\/\/www.infokuryr.cz\/n\/wp-json\/wp\/v2\/media\/85031"}],"wp:attachment":[{"href":"https:\/\/www.infokuryr.cz\/n\/wp-json\/wp\/v2\/media?parent=85030"}],"wp:term":[{"taxonomy":"category","embeddable":true,"href":"https:\/\/www.infokuryr.cz\/n\/wp-json\/wp\/v2\/categories?post=85030"},{"taxonomy":"post_tag","embeddable":true,"href":"https:\/\/www.infokuryr.cz\/n\/wp-json\/wp\/v2\/tags?post=85030"}],"curies":[{"name":"wp","href":"https:\/\/api.w.org\/{rel}","templated":true}]}}