{"id":8502,"date":"2022-02-23T03:36:26","date_gmt":"2022-02-23T02:36:26","guid":{"rendered":"http:\/\/www.infokuryr.cz\/n\/?p=8502"},"modified":"2022-02-23T03:36:26","modified_gmt":"2022-02-23T02:36:26","slug":"putin-a-rusnok","status":"publish","type":"post","link":"https:\/\/www.infokuryr.cz\/n\/2022\/02\/23\/putin-a-rusnok\/","title":{"rendered":"Putin a Rusnok"},"content":{"rendered":"<div id=\"fb-root\"><\/div>\n<p>Rusk\u00fd prezident Vladimir Putin uznal nez\u00e1vislost Don\u011bck\u00e9 a\u00a0Luhansk\u00e9 oblasti v\u00a0Den prezident\u016f, kter\u00fd je v\u00a0USA st\u00e1tn\u00edm sv\u00e1tkem, tak\u017ee americk\u00e9 trhy nemohly na tuto zpr\u00e1vu pln\u011b reagovat. Evropsk\u00e9 trhy v\u010dera klesly o\u00a0zhruba 2 % a\u00a0dnes r\u00e1no z\u0159ejm\u011b otev\u00edraj\u00ed, ani\u017e by s\u00a0jistotou v\u011bd\u011bly, zda bude B\u00edl\u00fd d\u016fm v\u010derej\u0161\u00ed rozm\u00edst\u011bn\u00ed rusk\u00fdch vojsk v\u00a0Don\u011bcku a\u00a0Luhansku pova\u017eovat za \u201e<a href=\"https:\/\/www.whitehouse.gov\/briefing-room\/speeches-remarks\/2022\/02\/18\/remarks-by-president-biden-providing-an-update-on-russia-and-ukraine-2\/\" target=\"_blank\" rel=\"noopener\">dal\u0161\u00ed invazi<\/a>\u201c, kter\u00e1 spust\u00ed \u201ep\u0159\u00edsn\u00e9 sankce\u201c, za p\u0159\u00edchod dal\u0161\u00edch\u00a0<a href=\"https:\/\/www.whitehouse.gov\/briefing-room\/speeches-remarks\/2022\/01\/20\/remarks-by-president-biden-before-meeting-with-the-infrastructure-implementation-task-force\/\" target=\"_blank\" rel=\"noopener\">zelen\u00fdch mu\u017e\u00edk\u016f<\/a>\u00a0s\u00a0obdobn\u00fdmi d\u016fsledky, nebo jen za\u00a0<a href=\"https:\/\/www.whitehouse.gov\/briefing-room\/speeches-remarks\/2022\/01\/19\/remarks-by-president-biden-in-press-conference-6\/\" target=\"_blank\" rel=\"noopener\">\u201emen\u0161\u00ed vp\u00e1d<\/a>\u201c. Nen\u00ed rovn\u011b\u017e zcela jasn\u00e9, zda Vladimir Putin nyn\u00ed jednal v\u00a0r\u00e1mci \u201e<a href=\"https:\/\/www.whitehouse.gov\/briefing-room\/press-briefings\/2022\/02\/16\/press-briefing-by-press-secretary-jen-psaki-february-16-2022\/\" target=\"_blank\" rel=\"noopener\">ok\u00e9nka<\/a>\u201c, o\u00a0n\u011bm\u017e Bidenova administrativa opakovan\u011b hovo\u0159ila. A\u0165 u\u017e jsou odpov\u011bdi jak\u00e9koliv,\u00a0<a href=\"https:\/\/www.fsfinalword.cz\/?page=archive&amp;show=1&amp;day=2018-10-25\" target=\"_blank\" rel=\"noopener\">ok\u00e9nko p\u0159\u00edle\u017eitost\u00ed<\/a>\u00a0se skute\u010dn\u011b uzav\u00edr\u00e1 pro \u010cechy zasa\u017een\u00e9 dal\u0161\u00ed v\u00fdznamnou eskalac\u00ed v\u00a0jejich \u017eivotech &#8211; vy\u0161\u0161\u00edmi \u00farokov\u00fdmi sazbami guvern\u00e9ra \u010cesk\u00e9 n\u00e1rodn\u00ed banky Ji\u0159\u00edho Rusnoka. Pro mnoho lid\u00ed bude soub\u011bh Putin &#8211; Rusnok p\u0159\u00edli\u0161 velk\u00fdm soustem.<\/p>\n<p><a href=\"https:\/\/www.fsfinalword.cz\/?page=archive&amp;day=2022-02-22&amp;utm_source=utm_source%3Dnewsletter&amp;utm_medium=utm_medium%3De-mail&amp;utm_campaign=utm_campaign%3Dfinal_word_22.2.2022\">Erik Best<\/a><\/p>\n<p><img decoding=\"async\" loading=\"lazy\" class=\"alignnone  wp-image-1179\" src=\"http:\/\/www.infokuryr.cz\/n\/wp-content\/uploads\/2021\/04\/erik-best.jpg\" alt=\"\" width=\"160\" height=\"180\" \/><\/p>\n<p>&nbsp;<\/p>\n","protected":false},"excerpt":{"rendered":"<p>Rusk\u00fd prezident Vladimir Putin uznal nez\u00e1vislost Don\u011bck\u00e9 a\u00a0Luhansk\u00e9 oblasti v\u00a0Den prezident\u016f, kter\u00fd je v\u00a0USA st\u00e1tn\u00edm&#8230;<\/p>\n","protected":false},"author":2,"featured_media":1024,"comment_status":"closed","ping_status":"closed","sticky":false,"template":"","format":"standard","meta":[],"categories":[6],"tags":[683,102,1924],"_links":{"self":[{"href":"https:\/\/www.infokuryr.cz\/n\/wp-json\/wp\/v2\/posts\/8502"}],"collection":[{"href":"https:\/\/www.infokuryr.cz\/n\/wp-json\/wp\/v2\/posts"}],"about":[{"href":"https:\/\/www.infokuryr.cz\/n\/wp-json\/wp\/v2\/types\/post"}],"author":[{"embeddable":true,"href":"https:\/\/www.infokuryr.cz\/n\/wp-json\/wp\/v2\/users\/2"}],"replies":[{"embeddable":true,"href":"https:\/\/www.infokuryr.cz\/n\/wp-json\/wp\/v2\/comments?post=8502"}],"version-history":[{"count":0,"href":"https:\/\/www.infokuryr.cz\/n\/wp-json\/wp\/v2\/posts\/8502\/revisions"}],"wp:featuredmedia":[{"embeddable":true,"href":"https:\/\/www.infokuryr.cz\/n\/wp-json\/wp\/v2\/media\/1024"}],"wp:attachment":[{"href":"https:\/\/www.infokuryr.cz\/n\/wp-json\/wp\/v2\/media?parent=8502"}],"wp:term":[{"taxonomy":"category","embeddable":true,"href":"https:\/\/www.infokuryr.cz\/n\/wp-json\/wp\/v2\/categories?post=8502"},{"taxonomy":"post_tag","embeddable":true,"href":"https:\/\/www.infokuryr.cz\/n\/wp-json\/wp\/v2\/tags?post=8502"}],"curies":[{"name":"wp","href":"https:\/\/api.w.org\/{rel}","templated":true}]}}