{"id":8501,"date":"2022-02-23T03:28:20","date_gmt":"2022-02-23T02:28:20","guid":{"rendered":"http:\/\/www.infokuryr.cz\/n\/?p=8501"},"modified":"2022-02-23T03:28:20","modified_gmt":"2022-02-23T02:28:20","slug":"energomafie-ve-svetle-situace-na-ukrajine","status":"publish","type":"post","link":"https:\/\/www.infokuryr.cz\/n\/2022\/02\/23\/energomafie-ve-svetle-situace-na-ukrajine\/","title":{"rendered":"Energomafie ve sv\u011btle situace na Ukrajin\u011b"},"content":{"rendered":"<div id=\"fb-root\"><\/div>\n<div class=\"opener\">Mo\u017en\u00e1 se div\u00edte, \u017ee v dob\u011b, kdy se v\u0161ichni zab\u00fdvaj\u00ed ud\u00e1lostmi na v\u00fdchod\u011b Ukrajiny, j\u00e1 p\u00ed\u0161u o tom, co skute\u010dn\u011b tr\u00e1p\u00ed v\u011bt\u0161inu na\u0161ich ob\u010dan\u016f. Cena energi\u00ed a v\u016fbec zvy\u0161uj\u00edc\u00ed se ceny \u010dehokoliv.<\/div>\n<div id=\"art-text\" class=\"text\">\n<p>Ono to ve sv\u00e9m d\u016fsledku souvis\u00ed. Sankce, kter\u00e9 EU a USA a UK (GB) uval\u00ed na Rusko v daleko v\u011bt\u0161\u00ed m\u00ed\u0159e dopadnou na n\u00e1s (mimo USA), ne\u017e na Rusy.<\/p>\n<p>Ale p\u011bkn\u011b popo\u0159\u00e1dku. Pro\u010d p\u00ed\u0161u v nadpisu slovo energomafie? Hned to vysv\u011btl\u00edm. Nejv\u011bt\u0161\u00edm zlem demokratick\u00e9ho syst\u00e9mu jsou lobbist\u00e9. Lid\u00e9 si zvol\u00ed dle vlastn\u00edch preferenc\u00ed slo\u017een\u00ed poslaneck\u00fdch sn\u011bmoven, na z\u00e1klad\u011b t\u00e9to volby je sestavena vl\u00e1da. Ov\u0161em v budov\u00e1ch poslaneck\u00fdch sn\u011bmoven rejd\u00ed lobbist\u00e9, kte\u0159\u00ed nelobuj\u00ed v prosp\u011bch ob\u010dan\u016f, ale v prosp\u011bch firem, kter\u00fdmi jsou placeni. A tito lobbist\u00e9 pracuj\u00ed proti z\u00e1jm\u016fm ob\u010dan\u016f, bez ohledu, kter\u00e1 vl\u00e1da je u moci. Sed\u00ed na prameni finan\u010dn\u00edch tok\u016f. To je ve v\u0161ech tzv. demokratick\u00fdch st\u00e1tech a samoz\u0159ejm\u011b tak\u00e9 v EU jako celku. S\u00eddlo EU Brusel je lobbisty p\u0159\u00edmo zamo\u0159eno, proto\u017ee jednotliv\u00e9 st\u00e1ty mus\u00ed rozhodnut\u00ed Bruselu respektovat.<\/p>\n<p>Dnes je v\u0161echno v\u00e1z\u00e1no na elektrickou energii. Nem\u00e1 cenu vyjmenov\u00e1vat, co v\u0161echno by nefungovalo, kdyby se j\u00ed nedost\u00e1valo. A tak tento segment hospod\u00e1\u0159stv\u00ed je pod vlivem bruselsk\u00fdch lobbist\u016f nejzasa\u017een\u011bj\u0161\u00ed.<\/p>\n<p>\u010clov\u011bk krout\u00ed hlavou, jak je mo\u017en\u00e9, \u017ee tak d\u016fle\u017eit\u00e1 v\u011bc, jako je elektrick\u00e1 energie je d\u00e1na na pospas r\u016fzn\u00fdm firm\u00e1m jako je Bohemia Energy, kter\u00e1 ve sv\u00e9 podstat\u011b byla pouze jak\u00fdmsi spekulantem. Energii nevyr\u00e1b\u011bla, pouze p\u0159eprod\u00e1vala.<\/p>\n<p>EU na\u0159\u00eddila toti\u017e liberalizaci trhu s energiemi. Pozor na jedovatou rostlinu, kter\u00e1 se naz\u00fdv\u00e1 liberalizace. Mo\u017en\u00e1 by se toto slovo dalo opsat slovy, koum\u00e1ci zde m\u00e1te mo\u017enost jak vyd\u011blat na d\u016fv\u011b\u0159ivc\u00edch, kter\u00e9 nalet\u00ed na reklamu.<\/p>\n<p>Podobn\u00e9 to bylo i se sol\u00e1rn\u00ed energi\u00ed. Ze st\u00e1tn\u00edho rozpo\u010dtu jdou nemal\u00e9 pen\u00edze, kter\u00e9 by byly t\u0159eba nap\u0159. ve zdravotnictv\u00ed, do kapes sol\u00e1rn\u00edch baron\u016f.<\/p>\n<p>V\u0161echny tyto v\u011bci a mnoho dal\u0161\u00edch lump\u00e1ren bylo nutn\u00e9 p\u0159ikr\u00fdt z\u00e1kony. A takov\u00e9 z\u00e1kony u\u017e maj\u00ed lobbist\u00e9 p\u0159ipraveny a velmi ochotn\u011b je poskytnou poslanc\u016fm se za\u0161ept\u00e1n\u00edm do ou\u0161ka (m\u016f\u017ee\u0161 se na tom tak\u00e9 tak trochu p\u0159i\u017eivit). A tak mnoz\u00ed z na\u0161ich b\u00fdval\u00fdch i sou\u010dasn\u00fdch z\u00e1konod\u00e1rc\u016f jsou z\u00e1rove\u0148 i spolumajiteli sol\u00e1rn\u00edch elektr\u00e1ren, proto\u017ee jako prvn\u00ed v\u011bd\u011bli, co se bude d\u00edt.<\/p>\n<p>Do toho v\u0161eho se je\u0161t\u011b vm\u00edsil nesmysl zvan\u00fd Green Deal, kdy jsou proti zdrav\u00e9mu rozumu tla\u010deny firmy a st\u00e1ty do takov\u00fdch podivnost\u00ed, jako jsou emisn\u00ed povolenky, kter\u00e9 enormn\u011b zdra\u017euj\u00ed elektrickou energii. M\u00edsto, aby slou\u017eily ozdrav\u011bn\u00ed ovzdu\u0161\u00ed, tak jsou zase zdrojem pen\u011bz op\u011bt pro ty nejbohat\u0161\u00ed subjekty, kter\u00e9 s nimi obchoduj\u00ed.<\/p>\n<p>A\u0165 u\u017e jsme m\u011bli jakoukoliv vl\u00e1du, v\u017edy jednala \u0161patn\u011b. Okam\u017eit\u011b bychom m\u011bli p\u0159estat vyv\u00e1\u017eet elekt\u0159inu a kupovat ji za daleko v\u011bt\u0161\u00ed pen\u00edz zp\u00e1tky. To toti\u017e nen\u00ed voln\u00fd trh s elekt\u0159inou, to jsou op\u011bt \u0161pinav\u00e9 spekulace.<\/p>\n<p>\u010cR se zv\u00fd\u0161ily ceny energi\u00ed o 300 % . V ostatn\u00edch, n\u00e1m podobn\u00fdch, st\u00e1tech jenom o 30%. Pro\u010d?<\/p>\n<p>Elektrick\u00e1 energie se vyr\u00e1b\u00ed nyn\u00ed p\u0159i zav\u00edr\u00e1n\u00ed uheln\u00fdch elektr\u00e1ren hlavn\u011b prost\u0159ednictv\u00edm plynu. I do te\u010f, jsme platili za rusk\u00fd plyn t\u0159eba dvakr\u00e1t dr\u00e1\u017e ne\u017e na Slovensku. M\u011bly jsme po p\u0159evratu toti\u017e neuv\u011b\u0159iteln\u011b hloup\u00e9 vl\u00e1dy, kter\u00e9 prodaly co mohly. Za\u0161antro\u010dili jsme Transgas. Nyn\u00ed kupujeme p\u0159es Innogy, kter\u00e1 pat\u0159\u00ed Ma\u010farsku, a to m\u00e1 smlouvy nap\u0159\u00edmo s Ruskem.<\/p>\n<p>A jak to souvis\u00ed s ud\u00e1lostmi na Ukrajin\u011b? N\u011bmecko ukon\u010dilo v d\u016fsledku situace na v\u00fdchod\u011b Ukrajiny p\u0159\u00edpravu provozu Nord Stream 2, ze kter\u00e9ho jsme mohli \u010derpat plyn i my. V d\u016fsledku sankc\u00ed EU bude muset nakupovat drah\u00fd zkapaln\u011bl\u00fd b\u0159idlicov\u00fd plyn z USA.<\/p>\n<p>U\u017e te\u010f mnoh\u00e9 rodiny a senio\u0159i nedok\u00e1\u017e\u00ed platit vysok\u00e9 faktury za energie. V \u010cR je nejvy\u0161\u0161\u00ed inflace (10%). Ta roste tak\u00e9 v d\u016fsledku cen energi\u00ed. Z\u00e1kladn\u00ed potraviny se stanou p\u0159i je\u0161t\u011b v\u011bt\u0161\u00edm zdra\u017eov\u00e1n\u00ed t\u00e9m\u011b\u0159 nedosa\u017eiteln\u00e9. Chudoba zas\u00e1hne velkou \u010d\u00e1st obyvatelstva.<\/p>\n<p>Co s t\u00edm. V prvn\u00ed \u0159ad\u011b nevyv\u00e1\u017eet elektrickou energii, proto\u017ee jej\u00ed vysok\u00e1 cena m\u016f\u017ee zni\u010dit nejenom celou st\u0159edn\u00ed vrstvu na\u0161ich ob\u010dan\u016f, ale i velk\u00fd segment n\u00e1rodn\u00edho hospod\u00e1\u0159stv\u00ed.<\/p>\n<p>Petr Hannig<br \/>\nAutor je p\u0159edseda Rozumn\u00fdch<\/p>\n<\/div>\n<p>&nbsp;<\/p>\n","protected":false},"excerpt":{"rendered":"<p>Mo\u017en\u00e1 se div\u00edte, \u017ee v dob\u011b, kdy se v\u0161ichni zab\u00fdvaj\u00ed ud\u00e1lostmi na v\u00fdchod\u011b Ukrajiny, j\u00e1&#8230;<\/p>\n","protected":false},"author":2,"featured_media":823,"comment_status":"closed","ping_status":"closed","sticky":false,"template":"","format":"standard","meta":[],"categories":[6],"tags":[59,285,29],"_links":{"self":[{"href":"https:\/\/www.infokuryr.cz\/n\/wp-json\/wp\/v2\/posts\/8501"}],"collection":[{"href":"https:\/\/www.infokuryr.cz\/n\/wp-json\/wp\/v2\/posts"}],"about":[{"href":"https:\/\/www.infokuryr.cz\/n\/wp-json\/wp\/v2\/types\/post"}],"author":[{"embeddable":true,"href":"https:\/\/www.infokuryr.cz\/n\/wp-json\/wp\/v2\/users\/2"}],"replies":[{"embeddable":true,"href":"https:\/\/www.infokuryr.cz\/n\/wp-json\/wp\/v2\/comments?post=8501"}],"version-history":[{"count":0,"href":"https:\/\/www.infokuryr.cz\/n\/wp-json\/wp\/v2\/posts\/8501\/revisions"}],"wp:featuredmedia":[{"embeddable":true,"href":"https:\/\/www.infokuryr.cz\/n\/wp-json\/wp\/v2\/media\/823"}],"wp:attachment":[{"href":"https:\/\/www.infokuryr.cz\/n\/wp-json\/wp\/v2\/media?parent=8501"}],"wp:term":[{"taxonomy":"category","embeddable":true,"href":"https:\/\/www.infokuryr.cz\/n\/wp-json\/wp\/v2\/categories?post=8501"},{"taxonomy":"post_tag","embeddable":true,"href":"https:\/\/www.infokuryr.cz\/n\/wp-json\/wp\/v2\/tags?post=8501"}],"curies":[{"name":"wp","href":"https:\/\/api.w.org\/{rel}","templated":true}]}}