{"id":85004,"date":"2025-08-06T00:12:13","date_gmt":"2025-08-05T22:12:13","guid":{"rendered":"https:\/\/www.infokuryr.cz\/n\/?p=85004"},"modified":"2025-08-05T10:56:34","modified_gmt":"2025-08-05T08:56:34","slug":"byvaly-brazilsky-prezident-byl-umisten-do-domaciho-vezeni","status":"publish","type":"post","link":"https:\/\/www.infokuryr.cz\/n\/2025\/08\/06\/byvaly-brazilsky-prezident-byl-umisten-do-domaciho-vezeni\/","title":{"rendered":"B\u00fdval\u00fd brazilsk\u00fd prezident byl um\u00edst\u011bn do dom\u00e1c\u00edho v\u011bzen\u00ed"},"content":{"rendered":"<div id=\"fb-root\"><\/div>\n<h3>Nejvy\u0161\u0161\u00ed soud st\u00e1tu rozhodl, \u017ee Jair Bolsonaro poru\u0161il v prob\u00edhaj\u00edc\u00edm p\u0159\u00edpadu pu\u010de soudn\u00ed omezen\u00ed<\/h3>\n<p>Brazilsk\u00fd nejvy\u0161\u0161\u00ed soud na\u0159\u00eddil dom\u00e1c\u00ed v\u011bzen\u00ed pro b\u00fdval\u00e9ho prezidenta Jaira Bolsonara, kter\u00fd je souzen za pokus o zvr\u00e1cen\u00ed v\u00fdsledk\u016f voleb v roce 2022 po sv\u00e9 proh\u0159e.<\/p>\n<p>P\u0159\u00edpad ji\u017e vedl k nap\u011bt\u00ed se Spojen\u00fdmi st\u00e1ty pot\u00e9, co jej prezident Donald Trump ozna\u010dil za\u00a0<em>\u201ehon na \u010darod\u011bjnice\u201c<\/em>\u00a0a uvalil na Braz\u00edlii strm\u00e1 50% cla.<\/p>\n<p>Soudce brazilsk\u00e9ho Nejvy\u0161\u0161\u00edho soudu Alexandre de Moraes v pond\u011bl\u00ed rozhodl, \u017ee Bolsonaro mus\u00ed b\u00fdt um\u00edst\u011bn do dom\u00e1c\u00edho v\u011bzen\u00ed a nesm\u00ed pou\u017e\u00edvat mobiln\u00ed telefony. B\u00fdval\u00e9mu prezidentovi tak\u00e9 zak\u00e1zal p\u0159ij\u00edmat n\u00e1v\u0161t\u011bvy, s v\u00fdjimkou jeho pr\u00e1vn\u00edho t\u00fdmu a osob pov\u011b\u0159en\u00fdch soudem.<\/p>\n<p>Bolsonaro poru\u0161il soudn\u00ed p\u0159edb\u011b\u017en\u00e1 opat\u0159en\u00ed, kter\u00e1 mu byla ulo\u017eena minul\u00fd m\u011bs\u00edc, a vyu\u017eil \u00fa\u010dty sv\u00fdch t\u0159\u00ed syn\u016f na soci\u00e1ln\u00edch s\u00edt\u00edch k publikov\u00e1n\u00ed zpr\u00e1v,\u00a0<em>\u201ejasn\u011b povzbuzuj\u00edc\u00edch a podn\u011bcuj\u00edc\u00edch \u00fatoky na Feder\u00e1ln\u00ed nejvy\u0161\u0161\u00ed soud a otev\u0159en\u011b podporuj\u00edc\u00ed zahrani\u010dn\u00ed intervence do brazilsk\u00e9ho soudnictv\u00ed,\u201c<\/em>\u00a0uvedl Moraes ve sv\u00e9m rozhodnut\u00ed.<\/p>\n<p>Minul\u00fd t\u00fdden Trump obvinil Bras\u00edlii z r\u016fzn\u00fdch poru\u0161ov\u00e1n\u00ed lidsk\u00fdch pr\u00e1v a z nespravedliv\u00e9ho pron\u00e1sledov\u00e1n\u00ed Bolsonara a uvalil 50% clo na brazilsk\u00e9 zbo\u017e\u00ed \u2013 nejvy\u0161\u0161\u00ed sazbu, kterou USA v sou\u010dasnosti uvaluj\u00ed.<\/p>\n<p>Prezident Luiz In\u00e1cio Lula da Silva odsoudil Trumpovy pokusy o pou\u017eit\u00ed cel k vyv\u00edjen\u00ed tlaku na Braz\u00edlii ohledn\u011b Bolsonarova procesu.<\/p>\n<p>V ned\u011bli na akci D\u011blnick\u00e9 strany v Bras\u00edlii Lula obvinil Washington, \u017ee zneu\u017e\u00edv\u00e1 vnit\u0159n\u00edch z\u00e1le\u017eitost\u00ed Braz\u00edlie jako z\u00e1minku pro sankce, a zd\u016fraznil, \u017ee USA\u00a0<em>\u201eji\u017e pomohly zorganizovat p\u0159evrat\u201c<\/em>\u00a0v zemi.<\/p>\n<p>USA cht\u011bj\u00ed\u00a0<em>\u201eukon\u010dit multilateralismus\u201c<\/em>\u00a0a vr\u00e1tit se k\u00a0<em>\u201edohod\u00e1m mezi zem\u011bmi, kde velc\u00ed dominuj\u00ed mal\u00fdm,\u201c<\/em>\u00a0\u0159ekl. Braz\u00edlie ji\u017e nen\u00ed ekonomicky z\u00e1visl\u00e1 na USA a a\u010dkoli je otev\u0159en\u00e1 jedn\u00e1n\u00edm, u\u010din\u00ed tak za\u00a0<em>\u201erovnocenn\u00fdch podm\u00ednek\u201c,<\/em>\u00a0dodal Lula a znovu potvrdil svou snahu p\u0159estat b\u00fdt\u00a0<em>\u201epod\u0159\u00edzen\u00e1 dolaru\u201c.<\/em><\/p>\n<p>Trump opakovan\u011b pohrozil dodate\u010dn\u00fdmi 10% cly v\u016f\u010di \u010dlen\u016fm BRICS, jako je Braz\u00edlie, a obvinil je ze snahy sesadit americk\u00fd dolar z tr\u016fnu jako glob\u00e1ln\u00ed rezervn\u00ed m\u011bny. Ekonomick\u00fd blok tato tvrzen\u00ed pop\u0159el s argumentem, \u017ee vlastn\u00ed politick\u00e9 kroky Washingtonu podkop\u00e1vaj\u00ed dolar.<\/p>\n<p><img decoding=\"async\" loading=\"lazy\" class=\"alignnone size-full wp-image-1185\" src=\"http:\/\/www.infokuryr.cz\/n\/wp-content\/uploads\/2021\/04\/kuryr-podpis.png\" alt=\"\" width=\"84\" height=\"24\" \/><\/p>\n<p><img decoding=\"async\" loading=\"lazy\" class=\"wp-image-85002 aligncenter\" src=\"http:\/\/www.infokuryr.cz\/n\/wp-content\/uploads\/2025\/08\/Plakat1-212x300.jpg\" alt=\"\" width=\"813\" height=\"1150\" srcset=\"https:\/\/www.infokuryr.cz\/n\/wp-content\/uploads\/2025\/08\/Plakat1-212x300.jpg 212w, https:\/\/www.infokuryr.cz\/n\/wp-content\/uploads\/2025\/08\/Plakat1-724x1024.jpg 724w, https:\/\/www.infokuryr.cz\/n\/wp-content\/uploads\/2025\/08\/Plakat1-768x1086.jpg 768w, https:\/\/www.infokuryr.cz\/n\/wp-content\/uploads\/2025\/08\/Plakat1-1086x1536.jpg 1086w, https:\/\/www.infokuryr.cz\/n\/wp-content\/uploads\/2025\/08\/Plakat1-1024x1449.jpg 1024w, https:\/\/www.infokuryr.cz\/n\/wp-content\/uploads\/2025\/08\/Plakat1.jpg 1131w\" sizes=\"(max-width: 813px) 100vw, 813px\" \/><\/p>\n","protected":false},"excerpt":{"rendered":"<p>Nejvy\u0161\u0161\u00ed soud st\u00e1tu rozhodl, \u017ee Jair Bolsonaro poru\u0161il v prob\u00edhaj\u00edc\u00edm p\u0159\u00edpadu pu\u010de soudn\u00ed omezen\u00ed Brazilsk\u00fd&#8230;<\/p>\n","protected":false},"author":2,"featured_media":85005,"comment_status":"closed","ping_status":"closed","sticky":false,"template":"","format":"standard","meta":[],"categories":[7],"tags":[288,718,165],"_links":{"self":[{"href":"https:\/\/www.infokuryr.cz\/n\/wp-json\/wp\/v2\/posts\/85004"}],"collection":[{"href":"https:\/\/www.infokuryr.cz\/n\/wp-json\/wp\/v2\/posts"}],"about":[{"href":"https:\/\/www.infokuryr.cz\/n\/wp-json\/wp\/v2\/types\/post"}],"author":[{"embeddable":true,"href":"https:\/\/www.infokuryr.cz\/n\/wp-json\/wp\/v2\/users\/2"}],"replies":[{"embeddable":true,"href":"https:\/\/www.infokuryr.cz\/n\/wp-json\/wp\/v2\/comments?post=85004"}],"version-history":[{"count":1,"href":"https:\/\/www.infokuryr.cz\/n\/wp-json\/wp\/v2\/posts\/85004\/revisions"}],"predecessor-version":[{"id":85008,"href":"https:\/\/www.infokuryr.cz\/n\/wp-json\/wp\/v2\/posts\/85004\/revisions\/85008"}],"wp:featuredmedia":[{"embeddable":true,"href":"https:\/\/www.infokuryr.cz\/n\/wp-json\/wp\/v2\/media\/85005"}],"wp:attachment":[{"href":"https:\/\/www.infokuryr.cz\/n\/wp-json\/wp\/v2\/media?parent=85004"}],"wp:term":[{"taxonomy":"category","embeddable":true,"href":"https:\/\/www.infokuryr.cz\/n\/wp-json\/wp\/v2\/categories?post=85004"},{"taxonomy":"post_tag","embeddable":true,"href":"https:\/\/www.infokuryr.cz\/n\/wp-json\/wp\/v2\/tags?post=85004"}],"curies":[{"name":"wp","href":"https:\/\/api.w.org\/{rel}","templated":true}]}}