{"id":84993,"date":"2025-08-05T07:16:52","date_gmt":"2025-08-05T05:16:52","guid":{"rendered":"https:\/\/www.infokuryr.cz\/n\/?p=84993"},"modified":"2025-08-05T07:16:52","modified_gmt":"2025-08-05T05:16:52","slug":"kdo-by-to-byl-rekl-bodamske-jezero-nakonec-nevyschlo","status":"publish","type":"post","link":"https:\/\/www.infokuryr.cz\/n\/2025\/08\/05\/kdo-by-to-byl-rekl-bodamske-jezero-nakonec-nevyschlo\/","title":{"rendered":"Kdo by to byl \u0159ekl: Bodamsk\u00e9 jezero nakonec nevyschlo"},"content":{"rendered":"<div id=\"fb-root\"><\/div>\n<p><strong><span>V dubnu\u00a0<\/span><a href=\"https:\/\/www.t-online.de\/klima\/leben-umwelt\/id_100667334\/bodensee-trocknet-langsam-aus-kaum-niederschlaege.html\" target=\"_blank\" rel=\"noreferrer noopener\"><span>se mainstreamov\u00e1 m\u00e9dia zu\u0159ila<\/span><\/a><span> : Bodamsk\u00e9 jezero bude \u201evyschl\u00e9\u201c \u2013 prakticky d\u016fkaz, \u017ee by v budoucnu mohlo \u00fapln\u011b zmizet. O n\u011bkolik de\u0161\u0165\u016f pozd\u011bji vypad\u00e1 situace op\u011bt \u00fapln\u011b jinak. Jen za posledn\u00ed dva t\u00fddny se hladina vody zv\u00fd\u0161ila o 60 centimetr\u016f: data z vodohospod\u00e1\u0159sk\u00e9ho syst\u00e9mu Vorarlberska v sou\u010dasnosti ukazuj\u00ed hladinu vody 410 centimetr\u016f. Tak\u017ee katastrofa sucha byla odlo\u017eena. Zase.<\/span><\/strong><\/p>\n<p><span>Sn\u00edmky obna\u017een\u00fdch pob\u0159e\u017en\u00edch kamen\u016f a n\u00edzk\u00e9 hladiny vody se staly vir\u00e1ln\u00edmi. P\u0159\u00edroda v\u0161ak op\u011bt nedok\u00e1zala naplnit panick\u00e1 hl\u00e1\u0161en\u00ed \u2013 podobn\u011b jako p\u0159edchoz\u00ed proroctv\u00ed pro Gardsk\u00e9 a Nezidersk\u00e9 jezero.<\/span><\/p>\n<p><span>Aktu\u00e1ln\u00ed nam\u011b\u0159en\u00e1 data od Vorarlbersk\u00e9 vodohospod\u00e1\u0159sk\u00e9 agentury ukazuj\u00ed, \u017ee Bodamsk\u00e9 jezero v Bregenzu dnes poprv\u00e9 od b\u0159ezna dos\u00e1hlo sv\u00e9ho pr\u016fm\u011brn\u00e9ho stavu hladiny. Aktu\u00e1ln\u00ed hladina vody je 410 centimetr\u016f, co\u017e p\u0159edstavuje n\u00e1r\u016fst o 60 centimetr\u016f jen za posledn\u00ed dva t\u00fddny. To je zp\u016fsobeno extr\u00e9mn\u011b de\u0161tiv\u00fdm \u010dervencem, kter\u00fd se v Bregenzu dokonce zapsal do statistik jako nejde\u0161tiv\u011bj\u0161\u00ed m\u011bs\u00edc od roku 1936, kdy se za\u010daly prov\u00e1d\u011bt z\u00e1znamy.<\/span><\/p>\n<p><span>Na ja\u0159e byl obr\u00e1zek jin\u00fd: Nedostatek sr\u00e1\u017eek a slab\u00e9 t\u00e1n\u00ed sn\u011bhu v Alp\u00e1ch do\u010dasn\u011b sn\u00ed\u017eily hladinu Bodamsk\u00e9ho jezera o v\u00edce ne\u017e 80 centimetr\u016f pod dlouhodob\u00fd pr\u016fm\u011br. D\u016fsledkem byla omezen\u00ed lodn\u00ed dopravy na R\u00fdn\u011b, men\u0161\u00ed objem n\u00e1kladu pro n\u00e1kladn\u00ed lod\u011b a lok\u00e1ln\u00ed uzav\u00edrky pod\u00e9l \u0159eky.<\/span><\/p>\n<p><span>Ned\u00e1vn\u00e9 sr\u00e1\u017eky v\u0161ak ukazuj\u00ed, \u017ee extr\u00e9mn\u00ed hladiny vody \u2013 stoupaj\u00edc\u00ed i klesaj\u00edc\u00ed \u2013 jsou pro velk\u00e1 evropsk\u00e1 jezera norm\u00e1ln\u00ed. Vodn\u00ed bilance dynamicky reaguje na sez\u00f3nn\u00ed v\u00fdkyvy a neobvykl\u00e9 po\u010das\u00ed. \u201eAni Gardsk\u00e9 jezero, ani Nezidersk\u00e9 jezero, ani Bodamsk\u00e9 jezero nevyschnou,\u201c \u0159\u00edk\u00e1 hydrolog Franz Leitner. \u201eTakov\u00e9 p\u0159edpov\u011bdi ignoruj\u00ed p\u0159irozenou prom\u011bnlivost t\u011bchto ekosyst\u00e9m\u016f.\u201c<\/span><\/p>\n<p><span>Toto opakovan\u00e9 stra\u0161en\u00ed v\u0161ak m\u00e1 svou cenu: \u201eTi, kdo opakovan\u011b hl\u00e1saj\u00ed konec sv\u011bta, riskuj\u00ed, \u017ee skute\u010dn\u00e9, dlouhodob\u00e9 environment\u00e1ln\u00ed probl\u00e9my nakonec p\u0159estanou kohokoli zaj\u00edmat,\u201c varuje Leitner. M\u00edsto paniky je nutn\u00e9 moud\u0159e hospoda\u0159it s vodn\u00edmi zdroji \u2013 a nepodce\u0148ovat p\u0159izp\u016fsobivost p\u0159\u00edrody.<\/span><\/p>\n<p><img decoding=\"async\" loading=\"lazy\" class=\"alignnone size-full wp-image-1185\" src=\"http:\/\/www.infokuryr.cz\/n\/wp-content\/uploads\/2021\/04\/kuryr-podpis.png\" alt=\"\" width=\"84\" height=\"24\" \/><\/p>\n<p>&nbsp;<\/p>\n","protected":false},"excerpt":{"rendered":"<p>V dubnu\u00a0se mainstreamov\u00e1 m\u00e9dia zu\u0159ila : Bodamsk\u00e9 jezero bude \u201evyschl\u00e9\u201c \u2013 prakticky d\u016fkaz, \u017ee by&#8230;<\/p>\n","protected":false},"author":2,"featured_media":84994,"comment_status":"closed","ping_status":"closed","sticky":false,"template":"","format":"standard","meta":[],"categories":[7],"tags":[28,1434,9604,873,1106],"_links":{"self":[{"href":"https:\/\/www.infokuryr.cz\/n\/wp-json\/wp\/v2\/posts\/84993"}],"collection":[{"href":"https:\/\/www.infokuryr.cz\/n\/wp-json\/wp\/v2\/posts"}],"about":[{"href":"https:\/\/www.infokuryr.cz\/n\/wp-json\/wp\/v2\/types\/post"}],"author":[{"embeddable":true,"href":"https:\/\/www.infokuryr.cz\/n\/wp-json\/wp\/v2\/users\/2"}],"replies":[{"embeddable":true,"href":"https:\/\/www.infokuryr.cz\/n\/wp-json\/wp\/v2\/comments?post=84993"}],"version-history":[{"count":0,"href":"https:\/\/www.infokuryr.cz\/n\/wp-json\/wp\/v2\/posts\/84993\/revisions"}],"wp:featuredmedia":[{"embeddable":true,"href":"https:\/\/www.infokuryr.cz\/n\/wp-json\/wp\/v2\/media\/84994"}],"wp:attachment":[{"href":"https:\/\/www.infokuryr.cz\/n\/wp-json\/wp\/v2\/media?parent=84993"}],"wp:term":[{"taxonomy":"category","embeddable":true,"href":"https:\/\/www.infokuryr.cz\/n\/wp-json\/wp\/v2\/categories?post=84993"},{"taxonomy":"post_tag","embeddable":true,"href":"https:\/\/www.infokuryr.cz\/n\/wp-json\/wp\/v2\/tags?post=84993"}],"curies":[{"name":"wp","href":"https:\/\/api.w.org\/{rel}","templated":true}]}}