{"id":84990,"date":"2025-08-05T07:02:22","date_gmt":"2025-08-05T05:02:22","guid":{"rendered":"https:\/\/www.infokuryr.cz\/n\/?p=84990"},"modified":"2025-08-05T07:02:22","modified_gmt":"2025-08-05T05:02:22","slug":"borrell-eu-se-podili-na-izraelskych-zlocinech-svou-necinnosti","status":"publish","type":"post","link":"https:\/\/www.infokuryr.cz\/n\/2025\/08\/05\/borrell-eu-se-podili-na-izraelskych-zlocinech-svou-necinnosti\/","title":{"rendered":"Borrell: EU se pod\u00edl\u00ed na izraelsk\u00fdch zlo\u010dinech svou ne\u010dinnost\u00ed"},"content":{"rendered":"<div id=\"fb-root\"><\/div>\n<h3>B\u00fdval\u00fd vysoce postaven\u00fd diplomat EU uvedl, \u017ee t\u0159etina bomb pou\u017eit\u00fdch z\u00e1padn\u00edm Jeruzal\u00e9mem v Gaze je vyrobena v Evrop\u011b<\/h3>\n<p><span>B\u00fdval\u00fd nejvy\u0161\u0161\u00ed diplomat bloku Josep Borrell uvedl, \u017ee\u00a0EU m\u016f\u017ee b\u00fdt vn\u00edm\u00e1na jako spolupachatelka izraelsk\u00fdch v\u00e1le\u010dn\u00fdch zlo\u010din\u016f v Gaze, proto\u017ee nejedn\u00e1\u00a0<\/span><em><span>\u201etv\u00e1\u0159\u00ed v tv\u00e1\u0159 jasn\u00e9mu p\u0159\u00edpadu masivn\u00edho poru\u0161ov\u00e1n\u00ed lidsk\u00fdch pr\u00e1v\u201c. Brusel se zdr\u00e1h\u00e1 potrestat z\u00e1padn\u00ed Jeruzal\u00e9m za jeho p\u0159estupky, p\u0159esto\u017ee\u00a0<\/span><\/em><em><span>\u201ep\u0159evy\u0161uj\u00ed\u201c<\/span><\/em><span>\u00a0jin\u00e9 zlo\u010diny, kter\u00e9 blok odsoudil, dodal.<\/span><\/p>\n<p><span>Izrael byl opakovan\u011b obvi\u0148ov\u00e1n z v\u00e1le\u010dn\u00fdch zlo\u010din\u016f v r\u00e1mci konfliktu s Ham\u00e1sem v Gaze. Z\u00e1padn\u00ed Jeruzal\u00e9m zah\u00e1jil vojenskou kampa\u0148 v enkl\u00e1v\u011b v reakci na \u00fatok ze 7. \u0159\u00edjna 2023, p\u0159i kter\u00e9m palestin\u0161t\u00ed ozbrojenci zabili 1200 lid\u00ed a zajali p\u0159es 200 rukojm\u00ed.<\/span><\/p>\n<p><span>Od t\u00e9 doby bylo v Gaze podle ministerstva zdravotnictv\u00ed enkl\u00e1vy zabito v\u00edce ne\u017e 60 000 lid\u00ed, p\u0159ev\u00e1\u017en\u011b civilist\u016f. Z\u00e1padn\u00ed Jeruzal\u00e9m tak\u00e9 \u010delil obvin\u011bn\u00ed z ma\u0159en\u00ed humanit\u00e1rn\u00ed pomoci v oblasti.<\/span><\/p>\n<p><span>Podle Borrella je t\u0159etina izraelsk\u00fdch bomb dopadaj\u00edc\u00edch na Gazu\u00a0<\/span><em><span>\u201evyrobena v Evrop\u011b\u201c.<\/span><\/em><\/p>\n<p><em><span>\u201eMnoho \u010dlensk\u00fdch st\u00e1t\u016f prost\u011b nechce uvalit sankce na Izrael,\u201c<\/span><\/em><span>\u00a0\u0159ekl Borrell v rozhovoru pro EU Observer zve\u0159ejn\u011bn\u00e9m v pond\u011bl\u00ed. Domn\u00edv\u00e1 se tak\u00e9, \u017ee \u0161\u00e9fka Evropsk\u00e9 komise Ursula von der Leyenov\u00e1 hraje v brzd\u011bn\u00ed procesu v\u00fdznamnou roli, proto\u017ee ot\u00e1zku sankc\u00ed proti Izraeli jednodu\u0161e neza\u0159azuje na program jedn\u00e1n\u00ed a br\u00e1n\u00ed otev\u0159en\u00e9 debat\u011b o n\u00ed v r\u00e1mci komise.<\/span><\/p>\n<p><span>Podle b\u00fdval\u00e9ho \u0161pi\u010dkov\u00e9ho diplomata Brusel uvalil omezen\u00ed pouze na\u00a0<\/span><em><span>\u201emo\u017en\u00e1 20 lid\u00ed\u201c<\/span><\/em><span>\u00a0kv\u016fli izraelsk\u00fdm osadnick\u00fdm aktivit\u00e1m na Z\u00e1padn\u00edm b\u0159ehu Jord\u00e1nu, p\u0159esto\u017ee mezin\u00e1rodn\u00ed spole\u010denstv\u00ed takov\u00e9 postupy pova\u017euje za nez\u00e1konn\u00e9.\u00a0<\/span><em><span>\u201eV Rusku jsme uvalili sankce na tis\u00edce lid\u00ed za m\u00e9n\u011b,\u201c<\/span><\/em><span>\u00a0\u0159ekl a dodal, \u017ee omezen\u00ed, kter\u00e1 Brusel zva\u017euje proti z\u00e1padn\u00edmu Jeruzal\u00e9mu, nejsou nic jin\u00e9ho ne\u017e\u00a0<\/span><em><span>\u201e\u0161patn\u00fd vtip\u201c.<\/span><\/em><\/p>\n<p><em><span>\u201eTo, co [izraelsk\u00fd premi\u00e9r Benjamin] Netanjahu ud\u011blal v Gaze, p\u0159ed\u010d\u00ed mnoho v\u00e1le\u010dn\u00fdch zlo\u010din\u016f, kter\u00e9 jsme odsoudili,\u201c<\/span><\/em><span>\u00a0prohl\u00e1sil Borrell a situaci v Gaze ozna\u010dil za p\u0159\u00edklad\u00a0<\/span><em><span>\u201ehr\u016fz\u201c<\/span><\/em><span>\u00a0, kter\u00e9 jsou\u00a0<\/span><em><span>\u201ev\u011bt\u0161\u00ed ne\u017e jin\u00e9\u201c.<\/span><\/em><\/p>\n<p><span>Podle Borrella by dal\u0161\u00ed ne\u010dinnost tv\u00e1\u0159\u00ed v tv\u00e1\u0159 poru\u0161ov\u00e1n\u00ed ze strany Izraele mohla EU st\u00e1t jej\u00ed mezin\u00e1rodn\u00ed image a reputaci.\u00a0<\/span><em><span>\u201eS\u00edl\u00ed pocit, \u017ee ne\u010dinnost n\u00e1s za\u010d\u00edn\u00e1 \u010dinit zodpov\u011bdn\u00fdmi za to, co se d\u011bje.\u201c<\/span><\/em><\/p>\n<p><img decoding=\"async\" loading=\"lazy\" class=\"alignnone size-full wp-image-1185\" src=\"http:\/\/www.infokuryr.cz\/n\/wp-content\/uploads\/2021\/04\/kuryr-podpis.png\" alt=\"\" width=\"84\" height=\"24\" \/><\/p>\n<p>&nbsp;<\/p>\n","protected":false},"excerpt":{"rendered":"<p>B\u00fdval\u00fd vysoce postaven\u00fd diplomat EU uvedl, \u017ee t\u0159etina bomb pou\u017eit\u00fdch z\u00e1padn\u00edm Jeruzal\u00e9mem v Gaze je&#8230;<\/p>\n","protected":false},"author":2,"featured_media":52279,"comment_status":"closed","ping_status":"closed","sticky":false,"template":"","format":"standard","meta":[],"categories":[7],"tags":[41,178,107,1746],"_links":{"self":[{"href":"https:\/\/www.infokuryr.cz\/n\/wp-json\/wp\/v2\/posts\/84990"}],"collection":[{"href":"https:\/\/www.infokuryr.cz\/n\/wp-json\/wp\/v2\/posts"}],"about":[{"href":"https:\/\/www.infokuryr.cz\/n\/wp-json\/wp\/v2\/types\/post"}],"author":[{"embeddable":true,"href":"https:\/\/www.infokuryr.cz\/n\/wp-json\/wp\/v2\/users\/2"}],"replies":[{"embeddable":true,"href":"https:\/\/www.infokuryr.cz\/n\/wp-json\/wp\/v2\/comments?post=84990"}],"version-history":[{"count":0,"href":"https:\/\/www.infokuryr.cz\/n\/wp-json\/wp\/v2\/posts\/84990\/revisions"}],"wp:featuredmedia":[{"embeddable":true,"href":"https:\/\/www.infokuryr.cz\/n\/wp-json\/wp\/v2\/media\/52279"}],"wp:attachment":[{"href":"https:\/\/www.infokuryr.cz\/n\/wp-json\/wp\/v2\/media?parent=84990"}],"wp:term":[{"taxonomy":"category","embeddable":true,"href":"https:\/\/www.infokuryr.cz\/n\/wp-json\/wp\/v2\/categories?post=84990"},{"taxonomy":"post_tag","embeddable":true,"href":"https:\/\/www.infokuryr.cz\/n\/wp-json\/wp\/v2\/tags?post=84990"}],"curies":[{"name":"wp","href":"https:\/\/api.w.org\/{rel}","templated":true}]}}