{"id":8499,"date":"2022-02-23T02:30:05","date_gmt":"2022-02-23T01:30:05","guid":{"rendered":"http:\/\/www.infokuryr.cz\/n\/?p=8499"},"modified":"2022-02-22T18:07:48","modified_gmt":"2022-02-22T17:07:48","slug":"vybuch-zlateho-dolu-v-burkine-faso-zabil-vice-nez-60-lidi","status":"publish","type":"post","link":"https:\/\/www.infokuryr.cz\/n\/2022\/02\/23\/vybuch-zlateho-dolu-v-burkine-faso-zabil-vice-nez-60-lidi\/","title":{"rendered":"V\u00fdbuch zlat\u00e9ho dolu v Burkin\u011b Faso zabil v\u00edce ne\u017e 60 lid\u00ed"},"content":{"rendered":"<div id=\"fb-root\"><\/div>\n<div class=\"ArticleView-summary\">\n<div class=\"Text-root Text-type_1 \"><strong>Nejm\u00e9n\u011b 63 lid\u00ed zahynulo a des\u00edtky dal\u0161\u00edch byly zran\u011bny p\u0159i v\u00e1\u017en\u00e9m d\u016fln\u00edm ne\u0161t\u011bst\u00ed v Burkin\u011b Faso v z\u00e1padn\u00ed Africe.\u00a0Trag\u00e9dii pr\u00fd zp\u016fsobil prudk\u00fd v\u00fdbuch pobl\u00ed\u017e zlat\u00e9ho dolu.<\/strong><\/div>\n<\/div>\n<div class=\"Text-root Text-type_5 ArticleView-text ViewText-root \">\n<p><span>P\u0159edpokl\u00e1d\u00e1 se, \u017ee k nehod\u011b do\u0161lo ve vesnici Gbomblora pobl\u00ed\u017e m\u011bsta Gaoua na jihoz\u00e1pad\u011b zem\u011b.\u00a0Nejm\u00e9n\u011b 63 lid\u00ed zem\u0159elo po n\u00e1siln\u00e9m v\u00fdbuchu pobl\u00ed\u017e zlat\u00e9ho dolu.\u00a0Asi 70 lid\u00ed bylo zran\u011bno, n\u011bkte\u0159\u00ed v\u00e1\u017en\u011b, \u0159ekl v \u00fater\u00fd soudn\u00ed \u00fa\u0159edn\u00edk.\u00a0M\u00edstn\u00ed m\u00e9dia p\u016fvodn\u011b informovala o 59 mrtv\u00fdch.\u00a0Sn\u00edmky na soci\u00e1ln\u00edch s\u00edt\u00edch uk\u00e1zaly rozsah trag\u00e9die.<\/span><\/p>\n<p><span>M\u00edstn\u00ed \u00fa\u0159ady p\u0159edpokl\u00e1daly, \u017ee v\u00fdbu\u0161niny se mohly vzn\u00edtit v tov\u00e1rn\u011b na r\u00fd\u017eov\u00e1n\u00ed zlata a v\u00e9st k explozi.\u00a0P\u0159esn\u00e1 p\u0159\u00ed\u010dina ne\u0161t\u011bst\u00ed zat\u00edm nebyla stanovena.<\/span><\/p>\n<p><span>V lednu podobn\u00fd v\u00fdbuch zabil 17 a 59 zranil v sousedn\u00ed Ghan\u011b.\u00a0N\u00e1kladn\u00ed v\u016fz nalo\u017een\u00fd v\u00fdbu\u0161ninami ur\u010den\u00fdmi pro pou\u017eit\u00ed ve zlat\u00e9m dole se srazil s motocyklem a dal\u0161\u00edm vozidlem pobl\u00ed\u017e transform\u00e1toru.\u00a0<\/span><\/p>\n<p><span>Burkina Faso a Ghana pat\u0159\u00ed mezi nejv\u011bt\u0161\u00ed producenty zlata v Africe.\u00a0Krom\u011b n\u011bkter\u00fdch velk\u00fdch zlat\u00fdch dol\u016f provozovan\u00fdch mezin\u00e1rodn\u00edmi spole\u010dnostmi m\u00e1 Burkina Faso tak\u00e9 stovky men\u0161\u00edch t\u011b\u017ea\u0159sk\u00fdch provoz\u016f, kter\u00e9 funguj\u00ed bez dozoru nebo regulace.\u00a0D\u011bti \u010dasto pracuj\u00ed v takov\u00fdch takzvan\u00fdch provizorn\u00edch dolech.\u00a0Nehody nejsou nic neobvykl\u00e9ho.<\/span><\/p>\n<\/div>\n<p><img decoding=\"async\" loading=\"lazy\" class=\"alignnone size-full wp-image-1185\" src=\"http:\/\/www.infokuryr.cz\/n\/wp-content\/uploads\/2021\/04\/kuryr-podpis.png\" alt=\"\" width=\"84\" height=\"24\" \/><\/p>\n<p>&nbsp;<\/p>\n","protected":false},"excerpt":{"rendered":"<p>Nejm\u00e9n\u011b 63 lid\u00ed zahynulo a des\u00edtky dal\u0161\u00edch byly zran\u011bny p\u0159i v\u00e1\u017en\u00e9m d\u016fln\u00edm ne\u0161t\u011bst\u00ed v Burkin\u011b&#8230;<\/p>\n","protected":false},"author":2,"featured_media":8500,"comment_status":"closed","ping_status":"closed","sticky":false,"template":"","format":"standard","meta":[],"categories":[7],"tags":[1271,432,300,693],"_links":{"self":[{"href":"https:\/\/www.infokuryr.cz\/n\/wp-json\/wp\/v2\/posts\/8499"}],"collection":[{"href":"https:\/\/www.infokuryr.cz\/n\/wp-json\/wp\/v2\/posts"}],"about":[{"href":"https:\/\/www.infokuryr.cz\/n\/wp-json\/wp\/v2\/types\/post"}],"author":[{"embeddable":true,"href":"https:\/\/www.infokuryr.cz\/n\/wp-json\/wp\/v2\/users\/2"}],"replies":[{"embeddable":true,"href":"https:\/\/www.infokuryr.cz\/n\/wp-json\/wp\/v2\/comments?post=8499"}],"version-history":[{"count":0,"href":"https:\/\/www.infokuryr.cz\/n\/wp-json\/wp\/v2\/posts\/8499\/revisions"}],"wp:featuredmedia":[{"embeddable":true,"href":"https:\/\/www.infokuryr.cz\/n\/wp-json\/wp\/v2\/media\/8500"}],"wp:attachment":[{"href":"https:\/\/www.infokuryr.cz\/n\/wp-json\/wp\/v2\/media?parent=8499"}],"wp:term":[{"taxonomy":"category","embeddable":true,"href":"https:\/\/www.infokuryr.cz\/n\/wp-json\/wp\/v2\/categories?post=8499"},{"taxonomy":"post_tag","embeddable":true,"href":"https:\/\/www.infokuryr.cz\/n\/wp-json\/wp\/v2\/tags?post=8499"}],"curies":[{"name":"wp","href":"https:\/\/api.w.org\/{rel}","templated":true}]}}