{"id":8497,"date":"2022-02-23T02:30:20","date_gmt":"2022-02-23T01:30:20","guid":{"rendered":"http:\/\/www.infokuryr.cz\/n\/?p=8497"},"modified":"2022-02-22T17:26:11","modified_gmt":"2022-02-22T16:26:11","slug":"smlouva-o-turowu-vlada-prodala-cast-ceska-za-par-drobnych-zni-od-opozice","status":"publish","type":"post","link":"https:\/\/www.infokuryr.cz\/n\/2022\/02\/23\/smlouva-o-turowu-vlada-prodala-cast-ceska-za-par-drobnych-zni-od-opozice\/","title":{"rendered":"Smlouva o Tur\u00f3wu: Vl\u00e1da \u201eprodala \u010d\u00e1st \u010ceska za p\u00e1r drobn\u00fdch\u201c, zn\u00ed od opozice"},"content":{"rendered":"<div id=\"fb-root\"><\/div>\n<p><strong>\u010cesk\u00e1 republika a Polsko uzav\u0159eli smlouvu o t\u011b\u017eb\u011b v dole Tur\u00f3w, kter\u00e1 je dle n\u00e1zoru opozice pro \u010cR nev\u00fdhodn\u00e1 a vl\u00e1da premi\u00e9ra Petra Fialy ji nem\u011bla uzav\u00edrat. Kritika se zam\u011b\u0159uje p\u0159edev\u0161\u00edm na v\u00fdpov\u011bdn\u00ed lh\u016ftu. Tento n\u00e1zor p\u0159ednesl ve Sn\u011bmovn\u011b p\u0159edseda ANO Andrej Babi\u0161, b\u00fdval\u00fd ministr \u017eivotn\u00edho prost\u0159ed\u00ed Richard Brabec a p\u0159edseda SPD Tomio Okamura.<\/strong><\/p>\n<p>\u201e<em>Smlouva o Tur\u00f3wu je paskvil<\/em>,\u201c\u00a0\u0159ekl Babi\u0161.<\/p>\n<p>Podle n\u011bj vl\u00e1da Petra Fialy \u201eprodala \u010d\u00e1st \u010ceska za p\u00e1r drobn\u00fdch\u201c, p\u0159i\u010dem\u017e \u010cesk\u00e1 republika bude chr\u00e1n\u011bna pouze p\u011bt let.<\/p>\n<p>\u201eZa p\u011bt let budeme m\u00edt smol\u00edka a nevysoud\u00edme ani korunu,\u201c vyj\u00e1d\u0159il se Babi\u0161.<\/p>\n<p>Brabec nam\u00edt\u00e1, \u017ee\u00a0kompenzace jsou ni\u017e\u0161\u00ed, ne\u017e jak\u00e9 navrhovala vl\u00e1da\u00a0expremi\u00e9ra Babi\u0161e. Nel\u00edb\u00ed se mu tak\u00e9 p\u011btilet\u00e1\u00a0<strong>v\u00fdpov\u011bdn\u00ed lh\u016fta<\/strong>, jeliko\u017e p\u016fvodn\u011b to m\u011blo b\u00fdt 22 let. Brabec je toho n\u00e1zoru, \u017ee kv\u016fli takov\u00e9 v\u00fdpov\u011bdn\u00ed lh\u016ft\u011b v mo\u017en\u00e9m\u00a0dal\u0161\u00edm soudn\u00edm \u0159\u00edzen\u00ed bude m\u00edt \u010cesko hor\u0161\u00ed pozici.<\/p>\n<p>\u201ePova\u017euji to za velkou chybu, kter\u00e1 se vymst\u00ed,\u201c mysl\u00ed si Brabec.<\/p>\n<p>Dle Brabce je mo\u017en\u00e9, \u017ee po p\u011bti letech\u00a0<strong>Polsko\u00a0<\/strong>vypov\u00ed smlouvu, \u010cesk\u00e1 republika pod\u00e1 \u017ealobu, kterou v\u0161ak m\u016f\u017ee Soudn\u00ed dv\u016fr EU odm\u00edtnout s od\u016fvodn\u011bn\u00edm, \u017ee se strany m\u011bly l\u00e9pe dohodnout.<\/p>\n<p>\u201e<em>Bylo obrovsk\u00e9 p\u0159ekvapen\u00ed, jak rychle se ta dohoda upekla,<\/em>\u201c sd\u011bluje Brabec.<\/p>\n<p>Brabec p\u0159ipomn\u011bl, \u017ee\u00a0smlouva mohla b\u00fdt uzav\u0159ena ji\u017e minul\u00fd rok, ale b\u00fdval\u00e1 vl\u00e1da se nechovala jako \u201epon\u00ed\u017een\u00ed prosebn\u00edci\u201c. V\u00fdd\u011blek dolu \u010din\u00ed des\u00edtky a\u017e stovky miliard korun. B\u00fdval\u00fd ministr si proto mysl\u00ed, \u017ee sn\u00ed\u017eit polsk\u00e9 kompenzace z 50 milion\u016f na 45 milion\u016f eur bylo ned\u016fstojn\u00e9.<\/p>\n<p>Pot\u00e9, co byla uzav\u0159ena smlouva mezi \u010ceskem a Polskem\u00a0o dolu Tur\u00f3w, \u010cR st\u00e1hla\u00a0\u017ealobu u Soudn\u00edho dvora EU. Polsko uv\u00e1d\u00ed, \u017ee\u00a0<strong>d\u016fl Tur\u00f3w<\/strong>\u00a0je sv\u00fdm uhl\u00edm pot\u0159ebn\u00fd pro zaji\u0161t\u011bn\u00ed energetick\u00e9 bezpe\u010dnosti zem\u011b. Nicm\u00e9n\u011b lid\u00e9, kte\u0159\u00ed v okol\u00ed dolu \u017eij\u00ed, si st\u011b\u017euj\u00ed na \u00fabytek spodn\u00ed vody, zv\u00fd\u0161en\u00fd hluk a pra\u0161nost. Vybudovan\u00e1 podzemn\u00ed st\u011bna nen\u00ed dle Brabce dosta\u010duj\u00edc\u00ed na to, aby br\u00e1nila odtoku vody.<\/p>\n<p>Sv\u016fj n\u00e1zor p\u0159ednesl tak\u00e9 p\u0159edseda SPD Tomio Okamura, kter\u00fd si mysl\u00ed, \u017ee smlouva byla uzav\u0159ena tajn\u011b. Tak\u00e9 zast\u00e1v\u00e1 n\u00e1zor, \u017ee b\u011bhem jednoho roku budou studny vyschl\u00e9.<\/p>\n<p>\u201eTo je fat\u00e1ln\u00ed \u0161\u00edlen\u00e1 situace, v\u00e1m v\u016fbec nejde o lidi,\u201c zd\u016fraz\u0148uje Okamura.<\/p>\n<p>S dal\u0161\u00ed kritikou vystoupil P\u0159edseda poslanc\u016f SPD Radim Fiala, kter\u00fd vl\u00e1du obvinil z \u201evym\u011bknut\u00ed\u201c a vl\u00e1da dle n\u011bj ustoupila.<\/p>\n<p><a href=\"https:\/\/cz.sputniknews.com\/20220222\/smlouva-o-turowu-vlada-prodala-cast-ceska-za-par-drobnych-zni-od-opozice-17748870.html\">ZDROJ<\/a><\/p>\n<p>&nbsp;<\/p>\n","protected":false},"excerpt":{"rendered":"<p>\u010cesk\u00e1 republika a Polsko uzav\u0159eli smlouvu o t\u011b\u017eb\u011b v dole Tur\u00f3w, kter\u00e1 je dle n\u00e1zoru&#8230;<\/p>\n","protected":false},"author":2,"featured_media":5002,"comment_status":"closed","ping_status":"closed","sticky":false,"template":"","format":"standard","meta":[],"categories":[6],"tags":[506,31,431,99],"_links":{"self":[{"href":"https:\/\/www.infokuryr.cz\/n\/wp-json\/wp\/v2\/posts\/8497"}],"collection":[{"href":"https:\/\/www.infokuryr.cz\/n\/wp-json\/wp\/v2\/posts"}],"about":[{"href":"https:\/\/www.infokuryr.cz\/n\/wp-json\/wp\/v2\/types\/post"}],"author":[{"embeddable":true,"href":"https:\/\/www.infokuryr.cz\/n\/wp-json\/wp\/v2\/users\/2"}],"replies":[{"embeddable":true,"href":"https:\/\/www.infokuryr.cz\/n\/wp-json\/wp\/v2\/comments?post=8497"}],"version-history":[{"count":0,"href":"https:\/\/www.infokuryr.cz\/n\/wp-json\/wp\/v2\/posts\/8497\/revisions"}],"wp:featuredmedia":[{"embeddable":true,"href":"https:\/\/www.infokuryr.cz\/n\/wp-json\/wp\/v2\/media\/5002"}],"wp:attachment":[{"href":"https:\/\/www.infokuryr.cz\/n\/wp-json\/wp\/v2\/media?parent=8497"}],"wp:term":[{"taxonomy":"category","embeddable":true,"href":"https:\/\/www.infokuryr.cz\/n\/wp-json\/wp\/v2\/categories?post=8497"},{"taxonomy":"post_tag","embeddable":true,"href":"https:\/\/www.infokuryr.cz\/n\/wp-json\/wp\/v2\/tags?post=8497"}],"curies":[{"name":"wp","href":"https:\/\/api.w.org\/{rel}","templated":true}]}}