{"id":8496,"date":"2022-02-22T16:06:51","date_gmt":"2022-02-22T15:06:51","guid":{"rendered":"http:\/\/www.infokuryr.cz\/n\/?p=8496"},"modified":"2022-02-22T16:06:51","modified_gmt":"2022-02-22T15:06:51","slug":"jan-campbell-22022022","status":"publish","type":"post","link":"https:\/\/www.infokuryr.cz\/n\/2022\/02\/22\/jan-campbell-22022022\/","title":{"rendered":"Jan Campbell: 22022022"},"content":{"rendered":"<div id=\"fb-root\"><\/div>\n<p>A\u0165 \u010dtu zleva doprava, jak jsme zvykl\u00ed, nebo zprava doleva, jak je tomu v arab\u0161tin\u011b a hebrej\u0161tin\u011b, v\u00fdsledek je na prvn\u00ed pohled stejn\u00fd a zaj\u00edmav\u00fd. \u010c\u00ed\u0148an\u00e9 kdysi psali odshora dol\u016f a zprava doleva, dnes se \u010d\u00edn\u0161tina p\u00ed\u0161e v \u0159\u00e1dc\u00edch zleva doprava stejn\u011b jako v Evrop\u011b. Rongo rongo z Velikono\u010dn\u00edho ostrova se \u00fadajn\u011b psalo tak, \u017ee lich\u00fd \u0159\u00e1dek se psal jedn\u00edm sm\u011brem a sud\u00fd t\u00edm druh\u00fdm z\u00a0d\u016fvod\u016f ekonomie. Tomuto typu psan\u00ed se \u0159\u00edk\u00e1 bustrofedon.<\/p>\n<p>22022022 se stane z\u00e1konem dekret, kter\u00fd prezident Putin podepsal v\u010dera ve\u010der. V televizn\u00edm a emotivn\u00edm projevu trvaj\u00edc\u00edm cca 40 minut Putin u\u0161el dlouhou cestu. Popsal v\u00fdchodn\u00ed Ukrajinu jako starou ruskou zemi a modern\u00ed Ukrajinu jako st\u00e1t vytvo\u0159en\u00fd bol\u0161eviky po revoluci v roce 1917. Pot\u00e9 vznesl obvin\u011bn\u00ed proti Ukrajin\u011b a Z\u00e1padu. Prezident\u016fv projev p\u0159edstavuje exkurz do historie, kterou se sna\u017e\u00edme ze v\u0161ech sil p\u0159epsat, po\u010d\u00ednaje vznikem ukrajinsk\u00e9ho st\u00e1tu, o n\u011bm\u017e absolutn\u00ed v\u011bt\u0161ina ob\u010dan\u016f kotliny nem\u00e1 ani pon\u011bt\u00ed. Teze proslovu se shodovaly s Putinov\u00fdm \u010dl\u00e1nkem <em>O historick\u00e9 jednot\u011b Rus\u016f a Ukrajinc\u016f<\/em>. P\u0159izn\u00e1n\u00ed dvou lidov\u00fdch republik p\u0159edstavuje minim\u00e1ln\u011b p\u011bt v\u00fdznamn\u00fdch ud\u00e1lost\u00ed s\u00a0n\u00e1sledky pro EU a NATO:<\/p>\n<p>1) Zpochybn\u011bn\u00ed prakticky cel\u00e9ho bezpe\u010dnostn\u00edho \u0159\u00e1du v Evrop\u011b od p\u00e1du Berl\u00ednsk\u00e9 zdi. 2) D\u0159\u00edve \u010di pozd\u011bji EU i NATO budou muset uznat, \u017ee rusk\u00e1 vojensk\u00e1 velmoc m\u00e1 \u00fazemn\u00ed z\u00e1jmy a historick\u00e1 pr\u00e1va, kter\u00e1 j\u00ed n\u00e1le\u017e\u00ed. 3) V ukrajinsko-rusk\u00e9m konfliktu je pro USA nejd\u016fle\u017eit\u011bj\u0161\u00ed udr\u017een\u00ed vlivu v Evrop\u011b pod z\u00e1minkou nov\u00e9 studen\u00e9 v\u00e1lky, kterou podporuje \u0159ada evropsk\u00fdch nesuver\u00e9nn\u00edch st\u00e1t\u016f. 4) Studen\u00e1 v\u00e1lka v Evrop\u011b znovu propuk\u00e1 a jev\u00ed se mi, \u017ee nab\u00edr\u00e1 na s\u00edle. 5) Ukrajinsko-americk\u00fd konflikt, kter\u00fd se p\u0159izn\u00e1n\u00edm lidov\u00fdch republik vyost\u0159uje, m\u00e1 ji\u017e dnes v\u00fdznamn\u00fd dopad i na st\u0159edn\u00ed Evropu.<\/p>\n<p>Sou\u010dasn\u011b p\u0159ipom\u00edn\u00e1: Rusko za posledn\u00edch 170 let nevynechalo jedinou p\u0159\u00edle\u017eitost, aby se pustilo do v\u00e1lky s jinou zem\u00ed, pokud z n\u00ed neo\u010dek\u00e1valo geopolitick\u00fd prosp\u011bch. Od dob Kate\u0159iny Velik\u00e9 Rusko prov\u00e1d\u011blo expanzivn\u00ed politiku, a kolaps SSSR v roce 1990, na kter\u00fd nebyl nikdo v\u00a0SSSR, USA a EU p\u0159ipraven, nelze ignorovat, t\u00edm v\u00edce a dnes zneu\u017e\u00edvat.<\/p>\n<p>Proto v t\u00e9to slo\u017eit\u00e9 situaci mus\u00ed Kreml pe\u010dliv\u011b zv\u00e1\u017eit sv\u00e9 mo\u017enosti a historick\u00e9 zku\u0161enosti, aby se mohl spr\u00e1vn\u011b rozhodnout, jak d\u00e1l. To i proto, \u017ee v\u00a0USA Republik\u00e1ni se nyn\u00ed sna\u017e\u00ed z ukrajinsk\u00e9 krize vyt\u011b\u017eit politick\u00fd kapit\u00e1l. Dlouho p\u016fsobili dojmem, \u017ee spolupracuj\u00ed s demokraty na schv\u00e1len\u00ed z\u00e1kona se sankcemi proti Rusku. Rozhovory v p\u00e1tek selhaly. To jen m\u00e1lo m\u011bn\u00ed skute\u010dnost, \u017ee Biden m\u00e1 pravomoc na\u0159\u00eddit sankce jako prvn\u00ed s\u00e1m. Prosazuje politiku cukru a bi\u010de, proto\u017ee chce udr\u017eet konverzaci s Putinem. Proto p\u0159ipravil tvrd\u00e9 sankce, kter\u00e9 chce vyhl\u00e1sit v souladu s\u00a0EU. Ta by m\u011bla v\u011bd\u011bt, \u017ee kompromisy nevedou ke zm\u011bn\u011b paradigmatu a maj\u00ed pouze odkl\u00e1daj\u00edc\u00ed \u00fa\u010dinek s\u00a0 v\u00e1\u017en\u011bj\u0161\u00edmi n\u00e1sledky, ne\u017e kter\u00e9 by vznikly bez kompromisu.<\/p>\n<p><strong>Co bude d\u00e1le<\/strong><\/p>\n<p>Po relativn\u00edm vojensk\u00e9m zabezpe\u010den\u00ed a n\u00e1vratu politick\u00e9 a ekonomick\u00e9 suverenity bude v\u00a0RF pokra\u010dovat a v lidov\u00fdch republik\u00e1ch n\u00e1sledovat pr\u00e1ce na z\u00edsk\u00e1n\u00ed intelektu\u00e1ln\u00ed autonomie. Pokud m\u011b pam\u011b\u0165 neklame, rusk\u00fd politolog Michail Remizov byl prvn\u00ed, kdo tento proces nazval <em>intelektu\u00e1ln\u00ed dekolonizac\u00ed<\/em>. Politick\u00e9 elity v\u00a0EU a RF se toti\u017e neodva\u017euj\u00ed p\u0159iznat, \u017ee sou\u010dasn\u00fd ideologicko-v\u011bdeck\u00fd sv\u011bton\u00e1zor, je zastaral\u00fd, je zam\u011b\u0159en na slu\u017ebu elit\u00e1m jin\u00fdch zem\u00ed a p\u0159in\u00e1\u0161\u00ed v\u011bt\u0161in\u011b obyvatel chudobu, zv\u00fd\u0161en\u00ed zadlu\u017een\u00ed, riziko v\u00e1lky a ob\u010dansk\u00fdch nepokoj\u016f.<\/p>\n<p>P\u0159i anal\u00fdze vojensk\u00fdch mo\u017enost\u00ed RF na Ukrajin\u011b v p\u0159\u00edpad\u011b, \u017ee USA a Velk\u00e1 Brit\u00e1nie donut\u00ed komika Zelensk\u00e9ho v\u00a0roli prezidenta v\u00a0odch\u00e1zen\u00ed k v\u00e1lce, lze popsat t\u0159i z\u00e1kladn\u00ed sc\u00e9n\u00e1\u0159e: minim\u00e1ln\u00ed p\u0159ijateln\u00fd, st\u0159edn\u00ed a maxim\u00e1ln\u00ed. Kreml bude muset vyhodnotit a rozhodnout, kter\u00fd sc\u00e9n\u00e1\u0159 je pro RF, pro n\u011bj osobn\u011b a nepou\u010ditelnou a zbab\u011blou Evropu nejp\u0159ijateln\u011bj\u0161\u00ed.<\/p>\n<p>Nez\u00e1le\u017e\u00ed na tom, zda bude z\u0159\u00edzen rusk\u00fd protektor\u00e1t nad Ukrajinou s proruskou vl\u00e1dou, jak se \u0159\u00edk\u00e1 na Z\u00e1pad\u011b, nebo realizov\u00e1n \u00fapln\u00fd z\u00e1nik Ukrajiny jako st\u00e1tu, jeho\u017e \u00fazem\u00ed bude rozd\u011bleno mezi n\u011bkolik dal\u0161\u00edch st\u00e1t\u016f. Ka\u017ed\u00e1 z\u00a0uveden\u00fdch mo\u017enost\u00ed znamen\u00e1 konec existence Ukrajiny jako p\u0159edmost\u00ed NATO nam\u00ed\u0159en\u00e9ho proti Rusku. To lze pova\u017eovat za v\u00edt\u011bzstv\u00ed. Krit\u00e9riem hodnocen\u00ed je p\u0159edev\u0161\u00edm vojensk\u00e1 \u00fa\u010delnost, nikoli politick\u00e9 a ekonomick\u00e9 ot\u00e1zky. To by si m\u011bli byrokrat\u00e9 ve Washingtonu, Bruselu a Praze uv\u011bdomit.<\/p>\n<p>P\u0159\u00edsp\u011bvek nem\u00e1 za c\u00edl popisovat sc\u00e9n\u00e1\u0159e, ale p\u0159ipomenout pravd\u011bpodobnost, \u017ee v RF se jako obvykle budou aktivizovat strany v\u00e1lky a strany kapitulace. Prvn\u00ed z nich je stranou suverenity, druhou stranou parmez\u00e1nu, tj. obchodu a globalismu. P\u0159edpokl\u00e1d\u00e1m, \u017ee do prezidentsk\u00fdch voleb se vl\u00e1da jako obvykle p\u0159iklon\u00ed k polovi\u010dat\u00e9mu \u0159e\u0161en\u00ed, tj. kompromisu. Ten ale znamen\u00e1 odd\u00e1len\u00ed p\u0159izn\u00e1n\u00ed barvy a p\u0159edem v\u00a0p\u0159\u00edsp\u011bvku zm\u00edn\u011bn\u00e9ho. Proto klid nebude tam, ani v\u00a0Evrop\u011b.<\/p>\n<p>Ve sv\u011bt\u011b dojde ke konjuktu\u0159e tzv. tajn\u00e9 v\u00e1lky. Co m\u00e1m na mysli? NATO a USA jsou schopn\u00e9 pouze bombardovat, ne v\u0161ak bojovat. Dok\u00e1\u017ee to i reakce po p\u0159izn\u00e1n\u00ed lidov\u00fdch republik RF. Proto je pravd\u011bpodobnost velk\u00e9 v\u00e1lky mal\u00e1. Za to existuje mnohem v\u011bt\u0161\u00ed pravd\u011bpodobnost r\u016fzn\u00fdch typ\u016f hromadn\u00fdch otrav, podobn\u00fdch t\u00e9 p\u011bti Rus\u016f v\u00a0Banglad\u00e9\u0161sk\u00e9 republice, kte\u0159\u00ed pracovali na v\u00fdstavb\u011b m\u00edstn\u00ed jadern\u00e9 elektr\u00e1rny Ruppur. Nebo z\u00e1hadn\u00e1 smrt t\u0159\u00ed Rus\u016f, leteck\u00fdch technik\u016f, specialist\u016f na Suchoje na z\u00e1kladn\u011b indon\u00e9sk\u00e9ho letectva v\u00a0Makassaru, 13. z\u00e1\u0159\u00ed 2010. Za z\u00e1hadn\u00fdch okolnost\u00ed zem\u0159eli udu\u0161en\u00edm. Do t\u0159etice: V \u010dervnu 2011 se u Petrozavodsku z\u0159\u00edtilo osobn\u00ed letadlo Tu-134. Zahynulo p\u011bt rusk\u00fdch jadern\u00fdch pracovn\u00edk\u016f, kte\u0159\u00ed pracovali v jadern\u00e9 elektr\u00e1rn\u011b v \u00edr\u00e1nsk\u00e9m B\u00fa\u0161ehru. Podle ofici\u00e1ln\u00ed verze byla p\u0159\u00ed\u010dinou nehody otrava pilot\u016f na zemi n\u011bkolik hodin p\u0159ed letem. Piloti mohli b\u00fdt otr\u00e1veni p\u0159ed letem, kdy\u017e ob\u011bdvali v p\u0159\u00edstavn\u00ed kav\u00e1rn\u011b. Skute\u010dnost\u00ed ale je, \u017ee lidsk\u00e1 historie nezn\u00e1 synchronizovan\u00fd infarkt u t\u0159\u00ed lid\u00ed b\u011bhem jedn\u00e9 noci, a \u017ee k\u00a0\u00famrt\u00ed otravou \u010di zadu\u0161en\u00edm do\u0161lo s pomoc\u00ed autorsk\u00fdch produkt\u016f a vykonavatel\u016f \u00fakolu, kte\u0159\u00ed byli mnohem vy\u0161\u0161\u00ed kvality a \u00farovn\u011b ne\u017e v\u00a0Albionu nebo v \u010desk\u00e9 kotlin\u011b toulaj\u00edc\u00ed se \u010cuk a Gek. Osobn\u011b se domn\u00edv\u00e1m, \u017ee zm\u00edn\u011bn\u00e1 \u00famrt\u00ed p\u0159edstavuj\u00ed \u010d\u00e1st komplexn\u00ed hybridn\u00ed v\u00e1lky, kterou kolektivn\u00ed Z\u00e1pad zah\u00e1jil proti Rus\u016fm v reakci na <em>vojensko-technickou hrozbu<\/em> pro Rusko. Tato v\u00e1lka se bude odehr\u00e1vat na r\u016fzn\u00fdch m\u00edstech sv\u011bta. Proto neu\u0161kod\u00ed si p\u0159ipomenout: Jak se do lesa vol\u00e1, tak se z\u00a0lesa oz\u00fdv\u00e1. A \u2013 B\u00fdt p\u0159ipraven!<\/p>\n<p>V\u0161eobecn\u011b dojde k inflaci ot\u00e1zek typu &#8211; co je v \u010dlov\u011bku a spole\u010dnosti prim\u00e1rn\u00ed: duch nebo hmota? Jak\u00e9 z\u00e1jmy vedou lidi a jejich spole\u010denstv\u00ed &#8211; st\u00e1ty &#8211; v modern\u00edm sv\u011bt\u011b. O\u017eije ok\u0159\u00eddlen\u00e1 v\u011bta Billa Clintona <em>je to ekonomika, blb\u010de<\/em>, kter\u00e1 se doned\u00e1vna zd\u00e1la b\u00fdt axiomatick\u00e1. Skute\u010dnost\u00ed je, \u017ee jakmile lid\u00e9 ukoj\u00ed sv\u016fj z\u00e1kladn\u00ed hlad, \u0159\u00edd\u00ed se z\u00e1jmy vy\u0161\u0161\u00edho \u0159\u00e1du. L\u00e1ska k rodin\u011b, vlasti, touha po n\u00e1rodn\u00ed d\u016fstojnosti, osobn\u00ed svobod\u011b, ale tak\u00e9 po moci a sl\u00e1v\u011b. Hierarchie hodnot je v z\u00e1sad\u011b zn\u00e1m\u00e1 ji\u017e dlouho, nejpozd\u011bji od doby, kdy byla ve v\u011bd\u011b zavedena slavn\u00e1 Maslowova pyramida lidsk\u00fdch pot\u0159eb. Probl\u00e9m je v tom, \u017ee kognitivn\u00ed kapitalismus tuto pyramidu pok\u0159ivil a vnutil prost\u0159ednictv\u00edm m\u00e9di\u00ed a v\u0161udyp\u0159\u00edtomn\u00fdch elektronick\u00fdch s\u00edt\u00ed filozofii nekone\u010dn\u00e9ho roz\u0161i\u0159ov\u00e1n\u00ed spot\u0159eby, pop\u00edr\u00e1n\u00ed historie, vlasti, genderu, v\u00edry, agresivn\u00ed LGBT a B\u016fh v\u00ed, co je\u0161t\u011b p\u0159ijde? Dostal se do stavu anarchie a zp\u016fsobil na glob\u00e1ln\u00ed \u00farovni ztr\u00e1tu zn\u00e1m\u00fdch referen\u010dn\u00edch bod\u016f pro v\u011bt\u0161inu lid\u00ed. Proto se do pop\u0159ed\u00ed op\u011bt dost\u00e1vaj\u00ed nikoliv ekonomick\u00e9, ale bezpe\u010dnostn\u00ed z\u00e1jmy: n\u00e1stroje vojensk\u00e9 s\u00edly a politick\u00e9 v\u016fle, kter\u00e9 to zaji\u0161\u0165uj\u00ed.<\/p>\n<p>USA a instrument NATO budou p\u0159inuceni odpov\u011bd\u011bt na ot\u00e1zku &#8211; Co je to vojensk\u00e9 odstra\u0161ov\u00e1n\u00ed v dne\u0161n\u00edm sv\u011bt\u011b? Je to hrozba po\u0161kozen\u00ed mj. informa\u010dn\u00ed infrastruktury? Co nastane, kdyby se tato infrastruktura zhroutila, co by se stalo se z\u00e1padn\u00edmi spole\u010dnostmi? S\u00a0vojensk\u00fdm odstra\u0161ov\u00e1n\u00edm souvis\u00ed ot\u00e1zka, co je to strategick\u00e1 parita? Jedn\u00e1 se o nesmysl vymy\u0161len\u00fd v z\u00e1kulis\u00ed? A co je kontrola zbrojen\u00ed, o jej\u00ed\u017e u\u017eite\u010dnosti jsou mnoz\u00ed z n\u00e1s p\u0159esv\u011bd\u010deni? Je to zp\u016fsob, jak omezit z\u00e1vody ve zbrojen\u00ed, nebo n\u00e1stroj k legitimizaci z\u00e1vod\u016f, k v\u00fdvoji zbran\u00ed, k vnucov\u00e1n\u00ed zbyte\u010dn\u00fdch program\u016f druh\u00e9 stran\u011b? Jednou z\u00a0posledn\u00edch ot\u00e1zek nastoluje Z\u00e1padu p\u0159izn\u00e1n\u00ed lidov\u00fdch republik: Je demokracie skute\u010dn\u011b vrcholem politick\u00e9ho v\u00fdvoje, kdy\u017e v nep\u0159\u00edzniv\u00e9m prost\u0159ed\u00ed je jako n\u00e1stroj vy\u0159azena, aby mohla b\u00fdt obnovena, a\u017e se zm\u011bn\u00ed podm\u00ednky a bude ji pot\u0159eba? Nen\u00ed to v\u00fdzva k bezuzdn\u00e9mu autorit\u00e1\u0159stv\u00ed, nebo monarchii? Opravdu zanikne st\u00e1t, jak si mysleli marxist\u00e9 nebo liber\u00e1ln\u00ed globalist\u00e9? Uvid\u00edme, jak dlouho se EU udr\u017e\u00ed ve sv\u00e9 sou\u010dasn\u00e9 podob\u011b po p\u0159izn\u00e1n\u00ed lidov\u00fdch republik, kter\u00e9 zkracuje jej\u00ed \u017eivot.<\/p>\n<p>V\u00a0z\u00e1v\u011bru si dovoluji \u017eert, v\u00a0n\u011bm\u017e je i kus pravdy. Nen\u00ed na \u010dase pochopit, \u017ee p\u0159edm\u011bt sou\u010dasn\u00e9ho zkoum\u00e1n\u00ed &#8211; zahrani\u010dn\u00ed, vnit\u0159n\u00ed, hospod\u00e1\u0159sk\u00e1 politika &#8211; je v\u00fdsledkem tvo\u0159ivosti lid\u00ed a v\u016fdc\u016f? \u017de je to um\u011bn\u00ed? Popisujeme jako historici um\u011bn\u00ed, ur\u010dujeme trendy, u\u010d\u00edme historii, d\u011bl\u00e1me u\u017eite\u010dnou pr\u00e1ci n\u00e1rody a v\u016fdce? Je pravda, \u017ee se \u010dasto m\u011bn\u00edme ve scholastiky, kte\u0159\u00ed vytv\u00e1\u0159ej\u00ed teorie, je\u017e maj\u00ed jen m\u00e1lo spole\u010dn\u00e9ho s\u00a0realitou a fakty, a zkresluj\u00ed je pop\u00edr\u00e1n\u00edm.<\/p>\n<p>Pod\u00edv\u00e1m-li se na ukrajinsko-rusk\u00fd konflikt z historick\u00e9 perspektivy, je z\u0159ejm\u00e9, \u017ee N\u011bmecko bylo hlavn\u00ed hrozbou pro Anglosasy a usilovalo o spojenectv\u00ed s Rusy. Dnes je n\u011bmeck\u00e1 politika zmanipulov\u00e1na a vykon\u00e1v\u00e1na sborem loutek. Proto hlavn\u00edm nep\u0159\u00edtelem se stala RF. Proto\u017ee ji nelze porazit ani srazit na kolena, loutkovodi\u010di pot\u0159ebuj\u00ed RF izolovat od Evropy dal\u0161\u00ed studenou v\u00e1lkou v\u00a0modern\u00edm od\u011bvu: Virtu\u00e1ln\u00ed \u017eeleznou oponou.<\/p>\n<p>22022022 se stane p\u0159\u00ed\u010dinou konjunktury numerolog\u016f, astrolog\u016f a politolog\u016f. P\u0159izn\u00e1n\u00ed lidov\u00fdch republik p\u0159edstavuje historickou ud\u00e1lost, kter\u00e1 mj. rozbou\u0159ila \u010d\u00ednskou s\u00ed\u0165 a zast\u00ednila pro \u010c\u00ed\u0148any velmi d\u016fle\u017eit\u00e9 diskuse t\u00fdkaj\u00edc\u00ed se olympijsk\u00fdch her. Nem\u00e1m \u010das popisovat desetitis\u00edce koment\u00e1\u0159\u016f \u010d\u00ednsk\u00fdch u\u017eivatel\u016f webu a soci\u00e1ln\u00ed s\u00edt\u011b Sina Weibo. \u00a0Zm\u00edn\u00edm pouze jeden, kter\u00fd mne zaujal: <em>Dvacet let politick\u00e9 kari\u00e9ry nebylo pro Putina marn\u00fdch. Posledn\u00ed \u017eelezn\u00fd mu\u017e star\u00e9 \u00e9ry evropsk\u00e9 politiky je nesrovnateln\u00fd s nov\u00e1\u010dky z mimoevropsk\u00fdch zem\u00ed<\/em>. Souhlasu net\u0159eba.<\/p>\n<p>Jan Campbell<br \/>\n22.02.2022<\/p>\n","protected":false},"excerpt":{"rendered":"<p>A\u0165 \u010dtu zleva doprava, jak jsme zvykl\u00ed, nebo zprava doleva, jak je tomu v arab\u0161tin\u011b&#8230;<\/p>\n","protected":false},"author":2,"featured_media":650,"comment_status":"closed","ping_status":"closed","sticky":false,"template":"","format":"standard","meta":[],"categories":[6],"tags":[1042,41,29,22,26],"_links":{"self":[{"href":"https:\/\/www.infokuryr.cz\/n\/wp-json\/wp\/v2\/posts\/8496"}],"collection":[{"href":"https:\/\/www.infokuryr.cz\/n\/wp-json\/wp\/v2\/posts"}],"about":[{"href":"https:\/\/www.infokuryr.cz\/n\/wp-json\/wp\/v2\/types\/post"}],"author":[{"embeddable":true,"href":"https:\/\/www.infokuryr.cz\/n\/wp-json\/wp\/v2\/users\/2"}],"replies":[{"embeddable":true,"href":"https:\/\/www.infokuryr.cz\/n\/wp-json\/wp\/v2\/comments?post=8496"}],"version-history":[{"count":0,"href":"https:\/\/www.infokuryr.cz\/n\/wp-json\/wp\/v2\/posts\/8496\/revisions"}],"wp:featuredmedia":[{"embeddable":true,"href":"https:\/\/www.infokuryr.cz\/n\/wp-json\/wp\/v2\/media\/650"}],"wp:attachment":[{"href":"https:\/\/www.infokuryr.cz\/n\/wp-json\/wp\/v2\/media?parent=8496"}],"wp:term":[{"taxonomy":"category","embeddable":true,"href":"https:\/\/www.infokuryr.cz\/n\/wp-json\/wp\/v2\/categories?post=8496"},{"taxonomy":"post_tag","embeddable":true,"href":"https:\/\/www.infokuryr.cz\/n\/wp-json\/wp\/v2\/tags?post=8496"}],"curies":[{"name":"wp","href":"https:\/\/api.w.org\/{rel}","templated":true}]}}