{"id":84959,"date":"2025-08-05T00:13:43","date_gmt":"2025-08-04T22:13:43","guid":{"rendered":"https:\/\/www.infokuryr.cz\/n\/?p=84959"},"modified":"2025-08-04T12:51:48","modified_gmt":"2025-08-04T10:51:48","slug":"pani-dozimetrova-stan-pivonka-nikdy-nelze-pane-rajchle-bylo-tam-spousta-ruskych-vlajek","status":"publish","type":"post","link":"https:\/\/www.infokuryr.cz\/n\/2025\/08\/05\/pani-dozimetrova-stan-pivonka-nikdy-nelze-pane-rajchle-bylo-tam-spousta-ruskych-vlajek\/","title":{"rendered":"Pan\u00ed Dozimetrov\u00e1 STAN Pivo\u0148ka nikdy nel\u017ee: pane Rajchle, bylo tam spousta rusk\u00fdch vlajek&#8230;"},"content":{"rendered":"<div id=\"fb-root\"><\/div>\n<div class=\"introtext\">\n<h4>Pros\u00edm, p\u0159\u00e1tel\u00e9 z Ji\u017en\u00edch \u010cech, necht\u011bli byste pan\u00ed Dozimetrovou STAN Pivo\u0148ku\u00a0 od Raku\u0161ana pou\u010dit, jak\u00fd je rozd\u00edl mezi \u010deskou, ruskou a ukrajinskou vlajkou, pokud tam u v\u00e1s nen\u00ed n\u011bco, o \u010dem nev\u00edme?<\/h4>\n<\/div>\n<div class=\"fulltext\">\n<p>V\u00e1\u017en\u011b jste nepochopili, \u017ee pan\u00ed Dozimetrov\u00e1 Pivo\u0148ka je charaktern\u00ed poslankyn\u011b, kter\u00e1\u00a0v\u00ed a zn\u00e1, co je \u00fastavn\u011b zakotveno jako znak, vlajka a hymna, proto\u017ee v jej\u00ed vsi byla n\u011bjakou&#8230;\u00a0Prost\u011b pracovala jako v\u00fdchovn\u00e1 poradkyn\u011b a ve st\u00e1tn\u00ed spr\u00e1v\u011b&#8230;<br \/>\n_______________<\/p>\n<div class=\"info_box cela_sirka jpalert\">\n<div class=\"explanationContent\"><span style=\"color: #993366;\">V krajsk\u00fdch volb\u00e1ch v roce 2016 kandidovala jako nestrani\u010dka za hnut\u00ed STAN na kandid\u00e1tce subjektu \u201ePRO JI\u017dN\u00cd \u010cECHY \u2013 Starostov\u00e9, HOPB a TOP 09\u201c do Zastupitelstva Jiho\u010desk\u00e9ho kraje, ale neusp\u011bla. Zvolena nebyla ani ve volb\u00e1ch v roce 2020 ji\u017e jako \u010dlenka hnut\u00ed STAN. Ve volb\u00e1ch do Poslaneck\u00e9 sn\u011bmovny P\u010cR v roce 2017 kandidovala jako \u010dlenka hnut\u00ed STAN v Jiho\u010desk\u00e9m kraji, ale neusp\u011bla. Ve volb\u00e1ch do Poslaneck\u00e9 sn\u011bmovny P\u010cR v roce 2021 kandidovala jako \u010dlenka hnut\u00ed STAN na 5. m\u00edst\u011b kandid\u00e1tky koalice Pir\u00e1ti a Starostov\u00e9 v Jiho\u010desk\u00e9m kraji. D\u00edky z\u00edsk\u00e1n\u00ed 7 618 preferen\u010dn\u00edch hlas\u016f (Podraz na Pir\u00e1ty) v\u0161ak nakonec skon\u010dila v r\u00e1mci spojen\u00e9 kandid\u00e1tky druh\u00e1, a byla tak zvolena poslankyn\u00ed. V \u0159\u00edjnu 2021 ukon\u010dila zam\u011bstn\u00e1n\u00ed na\u00a0<strong>M\u011bstsk\u00e9m \u00fa\u0159adu v Li\u0161ov\u011b<\/strong><\/span><\/div>\n<\/div>\n<p>_______________<\/p>\n<h4>Jind\u0159ich Rajchl<\/h4>\n<p><span class=\"x193iq5w xeuugli x13faqbe x1vvkbs x1xmvt09 x1lliihq x1s928wv xhkezso x1gmr53x x1cpjm7i x1fgarty x1943h6x xudqn12 x3x7a5m x6prxxf xvq8zen xo1l8bm xzsf02u\" dir=\"auto\">Tak tady je sl\u00edben\u00fd rozhovor v po\u0159adu Na Dra\u010dku s pan\u00ed poslankyn\u00ed Pivo\u0148kou Va\u0148kovou.<br class=\"html-br\" \/><br class=\"html-br\" \/>Sice jsem jako obvykle nemohl dokon\u010dit ka\u017edou druhou v\u011btu, ale na to u\u017e jsem zvykl\u00fd. Ono to ve velk\u00fdch debat\u00e1ch v TV nebude jinak.\u00a0<span class=\"html-span xexx8yu xyri2b x18d9i69 x1c1uobl x1hl2dhg x16tdsg8 x1vvkbs x3nfvp2 x1j61x8r x1fcty0u xdj266r xat24cr xm2jcoa x1mpyi22 xxymvpz xlup9mm x1kky2od\"><img decoding=\"async\" loading=\"lazy\" class=\"xz74otr x15mokao x1ga7v0g x16uus16 xbiv7yw\" src=\"https:\/\/static.xx.fbcdn.net\/images\/emoji.php\/v9\/t83\/1\/16\/1f60e.png\" alt=\"?\" width=\"16\" height=\"16\" \/><\/span><br class=\"html-br\" \/><br class=\"html-br\" \/>Nav\u00edc to, \u017ee pan\u00ed poslankyn\u011b nev\u00ed o detailech vzniku a pr\u016fb\u011bhu v\u00e1lky na Ukrajin\u011b t\u00e9m\u011b\u0159 v\u016fbec nic a \u017ee v\u016fbec netu\u0161\u00ed, jak prob\u00edhalo m\u00edrov\u00e9 jedn\u00e1n\u00ed v Istanbulu v dubnu 2022, bylo naprosto o\u010dek\u00e1vateln\u00e9.<br class=\"html-br\" \/><br class=\"html-br\" \/>\u0160koda, \u017ee se do studia neodv\u00e1\u017eil p\u0159ij\u00edt Martin Dvo\u0159\u00e1k\u00a0&#8211; m\u011bl jsem tam pro n\u011bj p\u0159ipraven\u00fd \u010dl\u00e1nek z \u010cT z roku 2010 o jmenov\u00e1n\u00ed St\u011bpana Bandery n\u00e1rodn\u00edm hrdinou Ukrajiny &#8211; jasn\u011b bych ho t\u00edm usv\u011bd\u010dil z toho, \u017ee kdy\u017e v debat\u011b s Radimem Fialou tvrdil, \u017ee Bandera hrdinou Ukrajiny jmenov\u00e1n nebyl, \u017ee je bu\u010f bezskrupul\u00f3zn\u00ed lh\u00e1\u0159, nebo v\u011bdomost\u00ed nedot\u010den\u00fd analfabet.<br class=\"html-br\" \/><br class=\"html-br\" \/>Mo\u017en\u00e1 to byl pr\u00e1v\u011b ten d\u016fvod, pro\u010d svou \u00fa\u010dast nakonec zru\u0161il.<br class=\"html-br\" \/><br class=\"html-br\" \/>On je toti\u017e oby\u010dejn\u00fd zbab\u011blec.<br class=\"html-br\" \/><br class=\"html-br\" \/>A jedna perli\u010dka na z\u00e1v\u011br!<br class=\"html-br\" \/><br class=\"html-br\" \/>Pan\u00ed Pivo\u0148ka m\u011b pon\u011bkud zasko\u010dila, kdy\u017e za\u010dala v debat\u011b sk\u00e1lopevn\u011b tvrdit, \u017ee jsem byl u Babi\u0161e \u0161kemrat o post na kandid\u00e1tce ANO. Kdy\u017e jsem se j\u00ed zeptal, kde na to p\u0159i\u0161la, tak odpov\u011bd\u011bla, \u017ee &#8222;se to do\u010detla v Reflexu&#8220;.<br class=\"html-br\" \/><br class=\"html-br\" \/>Tak jsem si ten \u010dl\u00e1nek dohledal, proto\u017ee Bartkovsk\u00e9ho bludy samoz\u0159ejm\u011b ne\u010dtu. A sv\u011bte div se! Ten \u010dl\u00e1nek je z rubriky\u00a0Divok\u00fd ka\u010der &#8211; tedy redakc\u00ed p\u0159iznan\u00e1 fabulace a parodie, kter\u00e1 se nezakl\u00e1d\u00e1 na skute\u010dnosti.<br class=\"html-br\" \/><br class=\"html-br\" \/>To ov\u0161em pan\u00ed Pivo\u0148ka jaksi nezaregistrovala, a uk\u00e1zkov\u011b tak \u0161\u00ed\u0159ila naprosto \u010distou dezinformaci.\u00a0<span class=\"html-span xexx8yu xyri2b x18d9i69 x1c1uobl x1hl2dhg x16tdsg8 x1vvkbs x3nfvp2 x1j61x8r x1fcty0u xdj266r xat24cr xm2jcoa x1mpyi22 xxymvpz xlup9mm x1kky2od\"><img decoding=\"async\" loading=\"lazy\" class=\"xz74otr x15mokao x1ga7v0g x16uus16 xbiv7yw\" src=\"https:\/\/static.xx.fbcdn.net\/images\/emoji.php\/v9\/td0\/1\/16\/1f602.png\" alt=\"?\" width=\"16\" height=\"16\" \/><\/span><br class=\"html-br\" \/><br class=\"html-br\" \/>Mimochodem &#8211; na tomto p\u0159\u00edklad\u011b je vid\u011bt, jak na\u0161i politici slep\u011b v\u011b\u0159\u00ed jak\u00e9koliv blbosti, kterou &#8222;ta spr\u00e1vn\u00e1 m\u00e9dia&#8220; vyplod\u00ed, ani\u017e by se danou informaci obt\u011b\u017eovali jakkoliv ov\u011b\u0159ovat.<br class=\"html-br\" \/><br class=\"html-br\" \/>A \u00fapln\u011b nejv\u00edc m\u011b pobavilo, \u017ee Pivo\u0148ka nev\u00ed, \u017ee Orb\u00e1n nen\u00ed v Ma\u010farsku prezident, n\u00fdbr\u017e premi\u00e9r a \u017ee se ne\u0159\u00edk\u00e1, \u017ee &#8222;z toho bude m\u00edt brebendy&#8220;, n\u00fdbr\u017e &#8222;prebendy (z latisnk\u00e9ho slova &#8222;praebenda&#8220;).<br class=\"html-br\" \/><br class=\"html-br\" \/>Brebendy si odnesou dom\u016f leda tak \u00fa\u010dastn\u00edci Prague Pride. <span class=\"html-span xexx8yu xyri2b x18d9i69 x1c1uobl x1hl2dhg x16tdsg8 x1vvkbs x3nfvp2 x1j61x8r x1fcty0u xdj266r xat24cr xm2jcoa x1mpyi22 xxymvpz xlup9mm x1kky2od\"><img decoding=\"async\" loading=\"lazy\" class=\"xz74otr x15mokao x1ga7v0g x16uus16 xbiv7yw\" src=\"https:\/\/static.xx.fbcdn.net\/images\/emoji.php\/v9\/t52\/1\/16\/1f923.png\" alt=\"?\" width=\"16\" height=\"16\" \/><\/span><br class=\"html-br\" \/><br class=\"html-br\" \/>A s t\u00edmhle materi\u00e1lem tady mus\u00edte ve sn\u011bmovn\u011b pracovat&#8230;.<\/span><\/p>\n<p><em>D\u016fkaz: kdo je skute\u010dn\u00fd dezinform\u00e1tor, pan\u00ed Dozimetrov\u00e1?\u00a0<\/em><\/p>\n<p><a title=\"Rajchl vs. Va\u0148kov\u00e1: 5:55min - bylo tam spousta rusk\u00fdch vlajek\" href=\"https:\/\/www.youtube.com\/watch?v=QuIzSk0jjB0\" target=\"_blank\" rel=\"noopener\">Rajchl vs. Va\u0148kov\u00e1: 5:55min &#8211; bylo tam spousta rusk\u00fdch vlajek<\/a><\/p>\n<p><a href=\"https:\/\/www.skrytapravda.cz\/z-domova\/2700-pani-dozimetrova-stan-pivonka-nikdy-nelze-pane-rajchle-bylo-tam-spousta-ruskych-vlajek\">Petr Pokorn\u00fd<\/a><\/p>\n<p>&nbsp;<\/p>\n<\/div>\n","protected":false},"excerpt":{"rendered":"<p>Pros\u00edm, p\u0159\u00e1tel\u00e9 z Ji\u017en\u00edch \u010cech, necht\u011bli byste pan\u00ed Dozimetrovou STAN Pivo\u0148ku\u00a0 od Raku\u0161ana pou\u010dit, jak\u00fd&#8230;<\/p>\n","protected":false},"author":2,"featured_media":84960,"comment_status":"closed","ping_status":"closed","sticky":false,"template":"","format":"standard","meta":[],"categories":[6],"tags":[2992,1503,35,424],"_links":{"self":[{"href":"https:\/\/www.infokuryr.cz\/n\/wp-json\/wp\/v2\/posts\/84959"}],"collection":[{"href":"https:\/\/www.infokuryr.cz\/n\/wp-json\/wp\/v2\/posts"}],"about":[{"href":"https:\/\/www.infokuryr.cz\/n\/wp-json\/wp\/v2\/types\/post"}],"author":[{"embeddable":true,"href":"https:\/\/www.infokuryr.cz\/n\/wp-json\/wp\/v2\/users\/2"}],"replies":[{"embeddable":true,"href":"https:\/\/www.infokuryr.cz\/n\/wp-json\/wp\/v2\/comments?post=84959"}],"version-history":[{"count":1,"href":"https:\/\/www.infokuryr.cz\/n\/wp-json\/wp\/v2\/posts\/84959\/revisions"}],"predecessor-version":[{"id":84961,"href":"https:\/\/www.infokuryr.cz\/n\/wp-json\/wp\/v2\/posts\/84959\/revisions\/84961"}],"wp:featuredmedia":[{"embeddable":true,"href":"https:\/\/www.infokuryr.cz\/n\/wp-json\/wp\/v2\/media\/84960"}],"wp:attachment":[{"href":"https:\/\/www.infokuryr.cz\/n\/wp-json\/wp\/v2\/media?parent=84959"}],"wp:term":[{"taxonomy":"category","embeddable":true,"href":"https:\/\/www.infokuryr.cz\/n\/wp-json\/wp\/v2\/categories?post=84959"},{"taxonomy":"post_tag","embeddable":true,"href":"https:\/\/www.infokuryr.cz\/n\/wp-json\/wp\/v2\/tags?post=84959"}],"curies":[{"name":"wp","href":"https:\/\/api.w.org\/{rel}","templated":true}]}}