{"id":84930,"date":"2025-08-04T07:16:36","date_gmt":"2025-08-04T05:16:36","guid":{"rendered":"https:\/\/www.infokuryr.cz\/n\/?p=84930"},"modified":"2025-08-04T07:20:45","modified_gmt":"2025-08-04T05:20:45","slug":"michael-svatos-ukrajinska-fronta-se-hrouti-elitni-zoldaci-marinaci-placou-ze-byli-podvedeni","status":"publish","type":"post","link":"https:\/\/www.infokuryr.cz\/n\/2025\/08\/04\/michael-svatos-ukrajinska-fronta-se-hrouti-elitni-zoldaci-marinaci-placou-ze-byli-podvedeni\/","title":{"rendered":"Michael Svato\u0161: Ukrajinsk\u00e1 fronta se hrout\u00ed! Elitn\u00ed \u017eold\u00e1ci-mari\u0148\u00e1ci pl\u00e1\u010dou, \u017ee byli podvedeni &#8230;"},"content":{"rendered":"<div id=\"fb-root\"><\/div>\n<h3>Ukrajinsk\u00e1 fronta se hrout\u00ed! Elitn\u00ed \u017eold\u00e1ci-mari\u0148\u00e1ci pl\u00e1\u010dou, \u017ee byli podvedeni, a \u017ee bojovat s Rusy je sebevra\u017eedn\u00e9 \u0161\u00edlenstv\u00ed. Mapy, videa, anal\u00fdza.<\/h3>\n<h4>(1) V\u00e1l\u010dit proti Rus\u016fm je projevem \u010dist\u00e9ho sebevra\u017eedn\u00e9ho \u0161\u00edlenstv\u00ed, pl\u00e1\u010dou elitn\u00ed z\u00e1padn\u00ed mari\u0148\u00e1ci na Ukrajin\u011b<\/h4>\n<p>Jak v\u010dera p\u0159iznal kyjevsk\u00fdm m\u00e9di\u00edm jihoamerick\u00fd \u017eoldn\u00e9\u0159 Casta\u00f1o, jakmile v\u010dele 60-ti kolumbijsk\u00fdch vytr\u00e9novan\u00fdch mari\u0148\u00e1k\u016f vyrazil v sestav\u011b\u00a0<a href=\"https:\/\/uk.wikipedia.org\/wiki\/59-%D1%82%D0%B0_%D0%BE%D0%BA%D1%80%D0%B5%D0%BC%D0%B0_%D1%88%D1%82%D1%83%D1%80%D0%BC%D0%BE%D0%B2%D0%B0_%D0%B1%D1%80%D0%B8%D0%B3%D0%B0%D0%B4%D0%B0_(%D0%A3%D0%BA%D1%80%D0%B0%D1%97%D0%BD%D0%B0)\">elitn\u00ed ukrajinsk\u00e9 59. \u00fadern\u00e9 brig\u00e1dy Jakova Handzjuka<\/a>\u00a0proti Rus\u016fm,\u00a0<a href=\"https:\/\/www.kyivpost.com\/post\/57376\">hned prvn\u00ed den padlo 12 Kolumbijc\u016f, a do p\u00e1r dn\u00ed jich bylo vy\u0159\u00edzeno dal\u0161\u00edch 20<\/a>. A Ukrajinci rad\u011bji nechali v\u0161echny zran\u011bn\u00e9 Kolumbijce le\u017eet na boji\u0161ti, aby neriskovali svou smrt p\u0159i jejich evakuaci, a aby jejich rodin\u00e1m nemuseli zaplatit od\u0161kodn\u00e9.\u00a0\u00a0\u201cNen\u00ed t\u011blo, nen\u00ed smrt, nen\u00ed od\u0161kodn\u00e9\u201d, shrnul v\u010dera Casta\u00f1a logiku ukrajinsk\u00fdch komand\u00fdr\u016f.<\/p>\n<p>Cel\u00e1 Casta\u00f1ova jednotka slo\u017een\u00e1 z mlad\u00fdch Kolumbijc\u016f s n\u011bkolikalet\u00fdm vojensk\u00fdm v\u00fdcvikem a zku\u0161enostmi z boj\u016f proti jihoamerick\u00fdm ultralevicov\u00fdm geril\u00e1m a kokainov\u00fdm mafi\u00edm byla na rusk\u00e9 front\u011b do t\u00fddne rozpr\u00e1\u0161ena. Ukrajinsk\u00e1 59. \u00fadern\u00e1 brig\u00e1da, v jej\u00ed\u017e sestav\u011b Casta\u00f1ovi \u017eold\u00e1ci proti Rus\u016fm bojovali, p\u0159itom p\u0159edstavuje medi\u00e1ln\u00ed p\u00fdchu kyjevsk\u00e9 brann\u00e9 moci, a v jej\u00ed sestav\u011b spole\u010dn\u011b s kolumbijsk\u00fdmi n\u00e1jemn\u00fdmi mari\u0148\u00e1ky bojovali i tak proslaven\u00e9 ukrajinsk\u00e9 jednotky, jako \u201c<a href=\"https:\/\/uk.wikipedia.org\/wiki\/108-%D0%B9_%D0%BE%D0%BA%D1%80%D0%B5%D0%BC%D0%B8%D0%B9_%D1%88%D1%82%D1%83%D1%80%D0%BC%D0%BE%D0%B2%D0%B8%D0%B9_%D0%B1%D0%B0%D1%82%D0%B0%D0%BB%D1%8C%D0%B9%D0%BE%D0%BD_%C2%AB%D0%92%D0%BE%D0%B2%D0%BA%D0%B8_%D0%94%D0%B0_%D0%92%D1%96%D0%BD%D1%87%D1%96%C2%BB\">Vlci Da Vinci<\/a>\u201c, nebo \u201cPt\u00e1ci Ma\u010fara\u201d.\u00a0<a href=\"https:\/\/www.kyivpost.com\/post\/57376\">Podle Casta\u00f1a v\u0161ak jde o \u201cproklatou brig\u00e1du\u201d pod velen\u00edm neschopn\u00fdch a zkorumpovan\u00fdch velitel\u016f, kte\u0159\u00ed \u201crad\u011bji sp\u00e1l\u00ed d\u016fkazy o existenci padl\u00e9ho kolumbijsk\u00e9ho voj\u00e1ka\u201d, aby mu nemuseli vyplatit dlu\u017enou mzdu, a rodin\u011b od\u0161kodn\u011bn\u00ed<\/a>.<\/p>\n<p>Casta\u00f1a v\u010dera doplnil i dal\u0161\u00ed kolumbijsk\u00fd \u017eoldn\u00e9\u0159 Danilo. Ten s cel\u00fdm\u00a0 batalionem Kolumbijc\u016f, Paraguayc\u016f a dal\u0161\u00edch r\u016fzn\u00fdch Hisp\u00e1nc\u016f vyrazil proti Rus\u016fm v sestav\u011b\u00a0<a href=\"https:\/\/uk.wikipedia.org\/wiki\/66-%D1%82%D0%B0_%D0%BE%D0%BA%D1%80%D0%B5%D0%BC%D0%B0_%D0%BC%D0%B5%D1%85%D0%B0%D0%BD%D1%96%D0%B7%D0%BE%D0%B2%D0%B0%D0%BD%D0%B0_%D0%B1%D1%80%D0%B8%D0%B3%D0%B0%D0%B4%D0%B0_(%D0%A3%D0%BA%D1%80%D0%B0%D1%97%D0%BD%D0%B0)\">66. mechanizovan\u00e9 brig\u00e1dy<\/a>\u00a0Mstislava Udatn\u00e9ho,\u00a0<a href=\"https:\/\/www.kyivpost.com\/post\/57376\">a jak p\u0159iznal, celou jejich brig\u00e1du Rusov\u00e9 okam\u017eit\u011b nemilosrdn\u011b zdecimovali, a uvedli do stavu, kter\u00fd ofici\u00e1ln\u00ed terminologie kyjevsk\u00e9ho re\u017eimu eufemisticky naz\u00fdv\u00e1 \u201crozpadem v d\u016fsledku logistick\u00fdch probl\u00e9m\u016f\u201d<\/a>, aby nemusela ve\u0159ejn\u011b p\u0159iznat krutou por\u00e1\u017eku a masivn\u00ed ztr\u00e1ty.<\/p>\n<p>\u201cMnoho m\u00fdch krajan\u016f p\u0159ich\u00e1z\u00ed v\u00e1l\u010dit pro pen\u00edze, ale pak ut\u00edkaj\u00ed, jakmile si uv\u011bdom\u00ed realitu t\u00e9to v\u00e1lky,\u201c \u0159ekl Danilo. A dodal, \u017ee n\u011bkte\u0159\u00ed kolumbij\u0161t\u00ed voj\u00e1ci, kte\u0159\u00ed boje p\u0159e\u017eili, si st\u011b\u017euj\u00ed, \u017ee st\u00e1le je\u0161t\u011b nedostali v\u00fdplatu. A jin\u00ed, \u017ee maj\u00ed pocit, \u017ee byli zneu\u017eiti, a p\u0159i n\u00e1boru sprost\u011b obelh\u00e1ni. Pro n\u00e1bor dal\u0161\u00edch nov\u00fdch latinskoamerick\u00fdch rekrut\u016f do ukrajinsk\u00e9 v\u00e1lky to pr\u00fd bude p\u0159edstavovat v\u00e1\u017en\u00e9 komplikace.<\/p>\n<h4>(2) Dopln\u011bn\u00ed anal\u00fdzy MAP 2371 o pl\u00e1novan\u00e9m rusk\u00e9m p\u0159echodu Dn\u011bpru ve m\u011bst\u011b Cherson<\/h4>\n<p><a href=\"https:\/\/topwar.ru\/269107-v-genshtabe-vsu-ne-iskljuchajut-chto-udary-po-mostu-v-hersone-svjazany-s-vozmozhnoj-desantnoj-operaciej-vs-rf.html\">Ukrajinsk\u00fd gener\u00e1ln\u00ed \u0161t\u00e1b v\u010dera potvrdil na\u0161i rann\u00ed anal\u00fdzu MAP 2371<\/a>\u00a0a za\u010dal ve\u010der hlasit\u011b spekulovat, \u017ee Rusov\u00e9 se chystaj\u00ed obsadit ostrovn\u00ed \u010dtvr\u0165 \u201cKorabel\u201d m\u011bsta Cherson na z\u00e1padn\u00edm b\u0159ehu Dn\u011bpru, (v ru\u0161tin\u011b se ostrov a cel\u00e1 \u010dtvr\u0165 naz\u00fdv\u00e1 Karant\u00e9nn\u00ed \u2013 \u201c\u041a\u0430\u0440\u0430\u043d\u0442\u0438\u043d\u043d\u044b\u0439\u201d).<\/p>\n<div id=\"attachment_19438\" class=\"wp-caption aligncenter\" style=\"width: 919px;\">\n<p><img decoding=\"async\" loading=\"lazy\" class=\" wp-image-19438\" src=\"https:\/\/www.michalapetr.com\/wp-content\/uploads\/2025\/08\/photo_2025-08-03_14-06-27.jpg\" sizes=\"(max-width: 960px) 100vw, 960px\" srcset=\"https:\/\/www.michalapetr.com\/wp-content\/uploads\/2025\/08\/photo_2025-08-03_14-06-27.jpg 960w, https:\/\/www.michalapetr.com\/wp-content\/uploads\/2025\/08\/photo_2025-08-03_14-06-27-300x225.jpg 300w, https:\/\/www.michalapetr.com\/wp-content\/uploads\/2025\/08\/photo_2025-08-03_14-06-27-768x576.jpg 768w, https:\/\/www.michalapetr.com\/wp-content\/uploads\/2025\/08\/photo_2025-08-03_14-06-27-705x529.jpg 705w, https:\/\/www.michalapetr.com\/wp-content\/uploads\/2025\/08\/photo_2025-08-03_14-06-27-450x338.jpg 450w\" alt=\"\" width=\"919\" height=\"689\" aria-describedby=\"caption-attachment-19438\" \/><\/p>\n<p id=\"caption-attachment-19438\" class=\"wp-caption-text\" style=\"text-align: justify;\">\u010ctvr\u0165 m\u011bsta Cherson \u201cKorabel\u201d kterou se Rusov\u00e9 chystaj\u00ed obsadit. Pohled z dronu \u201cp\u0159ed v\u00e1lkou\u201d je orientov\u00e1n z jihoz\u00e1padu na severov\u00fdchod, ale kr\u00e1sn\u011b ukazuje, jak je ostrov od Chersonu odd\u011blen ramenem \u0159eky, a jak se na n\u011bm d\u00e1 dob\u0159e schov\u00e1vat v budov\u00e1ch \u2013 Ukrajinci nedisponuj\u00ed schopnostmi m\u011bsto srovnat se zem\u00ed jako Rusov\u00e9. Pokud tedy Rusov\u00e9 vpadnou na ostrov, a pod ochranou dron\u016f ho rychle obsad\u00ed, mohou z\u00edskat pevn\u00e9 p\u0159edmost\u00ed k \u00fatoku na Od\u011bsu. Ten z\u0159ejm\u011b ur\u010dit\u011b provedou, aby Ukrajinu zcela od\u0159\u00edzli od v\u0161ech n\u00e1mo\u0159n\u00edch p\u0159\u00edstav\u016f, a mohli tak kontrolovat v\u00fdvoz ukrajinsk\u00e9ho obil\u00ed, rudy, a oceli. Bez t\u00e9to n\u00e1mo\u0159n\u00ed logistiky je tento ukrajinsk\u00fd v\u00fdvoz tak\u0159ka logisticky nemo\u017en\u00fd, a finan\u010dn\u011b mnohem m\u00e9n\u011b efektivn\u00ed. Obsazen\u00ed Od\u011bsy tak p\u0159edstavuje logick\u00e9 vy\u00fast\u011bn\u00ed Putinov\u00fdch v\u00e1le\u010dn\u00fdch c\u00edl\u016f, pokud Ukrajina nekapituluje, a nestane se rusk\u00fdm vazalem.<\/p>\n<\/div>\n<p><a class=\"mfp-iframe lightbox-added\" href=\"https:\/\/www.youtube.com\/watch?v=KtS9tlB0hqs\">Velmi p\u011bkn\u00e9 video v ru\u0161tin\u011b na YouTube najdete zde<\/a>. Video cca 6 minut ukazuje barevn\u00e9 dobov\u00e9 profesion\u00e1ln\u00ed fotografie zvl\u00e1\u0161tn\u00edho korespondenta zachycuj\u00edc\u00ed, jak 1. SS LAH dob\u00fdvala Cherson v roce 1941. Podle \u00fadaj\u016f cel\u00fd Cherson tehdy br\u00e1nilo 670 sov\u011btsk\u00fdch n\u00e1mo\u0159n\u00edk\u016f. Leibstandarte SS Adolf Hitler, kter\u00e1 na\u00a0 m\u011bsto \u00fato\u010dila, mohla m\u00edt vzhledem ke ztr\u00e1t\u00e1m, kter\u00e9 p\u0159ed t\u00edm utrp\u011bla, okolo 5000 SS-man\u016f. Video kr\u00e1sn\u011b vysv\u011btluje, \u017ee p\u0159i obran\u011b Chersonu, jakmile SS vytla\u010dila sov\u011btsk\u00e9 n\u00e1mo\u0159n\u00edky z centra m\u011bsta, nedok\u00e1zali se u\u017e v p\u0159\u00edstavu udr\u017eet, proto\u017ee SS-mani u\u017e dr\u017eeli pozice na v\u0161ech v\u00fd\u0161in\u00e1ch nad Dn\u011bprem. D\u00e1v\u00e1 tedy velk\u00fd smysl se vylodit na ostrov\u011b Korabel, proto\u017ee ten je izolovan\u00fd ramenem \u0159eky Kosheva.<\/p>\n<p>Cel\u00e1 izolace ostrova Korabel, kterou nyn\u00ed prov\u00e1d\u00ed rusk\u00e9 letectvo, m\u016f\u017ee i s man\u00e9vry dal\u0161\u00edch n\u00e1mo\u0159n\u00edch a v\u00fdsadkov\u00fdch\u00a0 jednotek, p\u0159edstavovat pouze klamnou operaci s c\u00edlem p\u0159esv\u011bd\u010dit Ukrajince, aby do m\u011bsta Cherson a na ostrov Korabel p\u0159esunuli zna\u010dn\u00e9 z\u00e1lohy, kter\u00e9 tam budou ne\u010dinn\u011b o\u010dek\u00e1vat rusk\u00e9 vylod\u011bn\u00ed, a budou Ukrajinc\u016fm chyb\u011bt na Don\u011bck\u00e9m boji\u0161ti. Ukrajinsk\u00fd gener\u00e1ln\u00ed \u0161t\u00e1b tak stoj\u00ed p\u0159ed slo\u017eitou volbou, kam sv\u00e9 z\u00e1lohy poslat. Proto\u017ee Rusov\u00e9 pevn\u011b dr\u017e\u00ed aktivitu a maj\u00ed zna\u010dnou p\u0159evahu, mohou si vybrat, kde za\u00fato\u010d\u00ed, a\u017e na z\u00e1klad\u011b ukrajinsk\u00fdch man\u00e9vr\u016f se z\u00e1lohami. Nicm\u00e9n\u011b ostrov Korabel je mimo\u0159\u00e1dn\u011b p\u0159\u00edhodn\u00e9 m\u00edsto pro prvn\u00ed p\u0159ekro\u010den\u00ed Dn\u011bpru. Rusk\u00e9 letectvo je nyn\u00ed schopno \u00fato\u010dit klouzav\u00fdmi bombami pod\u00e9l b\u0159eh\u016f Dn\u011bpru pouze od jeho \u00fast\u00ed a\u017e k m\u011bstu Z\u00e1poro\u017e\u00ed. Proto\u017ee bez klouzav\u00fdch bomb Rusov\u00e9 z\u00e1sadn\u011b ne\u00fato\u010d\u00ed, p\u0159ekro\u010den\u00ed Dn\u011bpru v Chersonu se z\u0159ejm\u011b do\u010dk\u00e1me.<\/p>\n<h4>(3) Rusk\u00e1 arm\u00e1da za\u010dala drony Geranium II pou\u017e\u00edvat i jako taktick\u00fd \u00fadern\u00fd prost\u0159edek na boji\u0161ti. Masivn\u00ed n\u00e1lety proti Ukrajinc\u016fm na front\u011b prov\u00e1d\u00ed u\u017e i ve dne! Rusov\u00e9 \u017eenou Ukrajince na z\u00e1pad!<\/h4>\n<p>Rusko zna\u010dn\u011b zv\u00fd\u0161ilo produkci dron\u016f Geranium II, a tato produkce mu u\u017e umo\u017e\u0148uje nejen masivn\u00ed bombardov\u00e1n\u00ed ukrajinsk\u00e9 pr\u016fmyslov\u00e9 a energetick\u00e9 infrastruktury, a arm\u00e1dn\u00edch t\u00fdlov\u00fdch doupat a sklad\u016f,\u00a0<a href=\"https:\/\/t.me\/officer_33\/5971\">ale i p\u0159\u00edm\u00e9 \u00fatoky proti ukrajinsk\u00e9 arm\u00e1d\u011b v taktick\u00e9 hloubce jej\u00ed obrany<\/a>. Podle Ukrajinc\u016f na b\u00fdval\u00e9m v boj\u00edch zni\u010den\u00e9m mezin\u00e1rodn\u00edm leti\u0161ti ve m\u011bst\u011b Don\u011bck nyn\u00ed Rusov\u00e9 buduj\u00ed rozs\u00e1hl\u00fd hub pro vypou\u0161t\u011bn\u00ed dron\u016f Geranium II. Proto\u017ee Rusov\u00e9 s t\u011bmito drony za\u010dali \u00fato\u010dit zejm\u00e9na na ukrajinsk\u00e9 voj\u00e1ky v oblasti troj\u00faheln\u00edku m\u011bst Pokrovsk-Seversk-Slavjansk, bude m\u00edt velk\u00e1 odpalovac\u00ed z\u00e1kladna na leti\u0161ti Don\u011bck mimo\u0159\u00e1dn\u00fd v\u00fdznam pro ofenz\u00edvu proti t\u011bmto m\u011bst\u016fm. Drony Geranium II jsou Rusy pou\u017e\u00edv\u00e1ny jako levn\u00fd ekvivalent star\u00fdch protiletadlov\u00fdch st\u0159el S-300, kter\u00e9 se pou\u017e\u00edvaj\u00ed k ni\u010den\u00ed ukrajinsk\u00fdch vojensk\u00fdch sklad\u016f, ubytoven voj\u00e1k\u016f a \u0161t\u00e1bn\u00edch kvart\u00fdr\u016f. Nyn\u011bj\u0161\u00ed masivn\u00ed ni\u010den\u00ed t\u011bchto nezbytn\u00fdch prvk\u016f pro \u0159\u00edzen\u00ed a logistiku ukrajinsk\u00fdch vojsk v takticko-opera\u010dn\u00ed hloubce jejich obrany (do 50km) pomoc\u00ed dron\u016f Geranium II je dal\u0161\u00edm d\u016fkazem rostouc\u00ed rusk\u00e9 v\u00e1le\u010dn\u00e9 p\u0159evahy, a d\u016fkazem bl\u00ed\u017e\u00edc\u00ed se velk\u00e9 ofenz\u00edvy, kter\u00e1 bude m\u00edt za c\u00edl, zahnat Ukrajince a\u017e za linii p\u0159\u00edmky Charkov \u2013 Z\u00e1poro\u017e\u00ed. (Autorem kan\u00e1lu na odkaze v tomto odstavci je ukrajinsk\u00fd d\u016fstojn\u00edk \u010dinn\u00fd na Donbase.) (<a href=\"https:\/\/t.me\/swodki\/511592\">Zde na Telegramu najdete animovanou mapu Ukrajiny, a na n\u00ed p\u0159ehledn\u011b v\u0161echny n\u00e1lety dron\u016f, raket a letadel rusk\u00e9 arm\u00e1dy v noci ze 2. na 3. srpna<\/a>.)<\/p>\n<div id=\"attachment_19444\" class=\"wp-caption aligncenter\" style=\"width: 1011px;\">\n<p><img decoding=\"async\" loading=\"lazy\" class=\" wp-image-19444\" src=\"https:\/\/www.michalapetr.com\/wp-content\/uploads\/2025\/08\/photo_2025-08-03_21-21-11.jpg\" sizes=\"(max-width: 2560px) 100vw, 2560px\" srcset=\"https:\/\/www.michalapetr.com\/wp-content\/uploads\/2025\/08\/photo_2025-08-03_21-21-11.jpg 2560w, https:\/\/www.michalapetr.com\/wp-content\/uploads\/2025\/08\/photo_2025-08-03_21-21-11-300x213.jpg 300w, https:\/\/www.michalapetr.com\/wp-content\/uploads\/2025\/08\/photo_2025-08-03_21-21-11-1030x732.jpg 1030w, https:\/\/www.michalapetr.com\/wp-content\/uploads\/2025\/08\/photo_2025-08-03_21-21-11-768x546.jpg 768w, https:\/\/www.michalapetr.com\/wp-content\/uploads\/2025\/08\/photo_2025-08-03_21-21-11-1536x1091.jpg 1536w, https:\/\/www.michalapetr.com\/wp-content\/uploads\/2025\/08\/photo_2025-08-03_21-21-11-2048x1455.jpg 2048w, https:\/\/www.michalapetr.com\/wp-content\/uploads\/2025\/08\/photo_2025-08-03_21-21-11-1500x1066.jpg 1500w, https:\/\/www.michalapetr.com\/wp-content\/uploads\/2025\/08\/photo_2025-08-03_21-21-11-260x185.jpg 260w, https:\/\/www.michalapetr.com\/wp-content\/uploads\/2025\/08\/photo_2025-08-03_21-21-11-705x501.jpg 705w, https:\/\/www.michalapetr.com\/wp-content\/uploads\/2025\/08\/photo_2025-08-03_21-21-11-450x320.jpg 450w\" alt=\"\" width=\"1011\" height=\"718\" aria-describedby=\"caption-attachment-19444\" \/><\/p>\n<p id=\"caption-attachment-19444\" class=\"wp-caption-text\" style=\"text-align: justify;\">Rusk\u00e1 arm\u00e1da v\u010dera prolomila obranu Ukrajinc\u016f p\u0159ed m\u011bstem Seversk, a rychle postoupila na \u0161\u00ed\u0159ce fronty 10km o 5km sm\u011brem na z\u00e1pad. Rusk\u00e9 kan\u00e1ly nav\u00edc hl\u00e1sili neb\u00fdvale bohatou \u00farodu zajatc\u016f \u2013 na map\u011b viditeln\u00e1 ikonka. (Pro fajn\u0161mekry\u00a0<a href=\"https:\/\/www.google.com\/maps\/place\/Sivers'k,+Don%C4%9Bck%C3%A1,+Ukrajina,+84522\/@48.8868156,38.0972221,18325m\/data=!3m2!1e3!4b1!4m6!3m5!1s0x41200acb0bde2dbb:0x1ba5cbf0a7f471ec!8m2!3d48.873935!4d38.1047909!16zL20vMGd0cXpz?entry=ttu&amp;g_ep=EgoyMDI1MDczMC4wIKXMDSoASAFQAw%3D%3D\">zde p\u0159\u00edm\u00e1 navigace na m\u011bsto Seversk na map\u00e1ch Google<\/a>.) Podle Igora Strelkova se m\u011bsto Seversk ned\u00e1 br\u00e1nit, proto\u017ee le\u017e\u00ed v \u00fadol\u00ed. Strelkov v roce 2014 Seversk bez boj\u016f vyklidil.<\/p>\n<\/div>\n<div id=\"attachment_19445\" class=\"wp-caption aligncenter\" style=\"width: 1013px;\">\n<p><img decoding=\"async\" loading=\"lazy\" class=\" wp-image-19445\" src=\"https:\/\/www.michalapetr.com\/wp-content\/uploads\/2025\/08\/photo_2025-08-03_15-12-21.jpg\" sizes=\"(max-width: 1280px) 100vw, 1280px\" srcset=\"https:\/\/www.michalapetr.com\/wp-content\/uploads\/2025\/08\/photo_2025-08-03_15-12-21.jpg 1280w, https:\/\/www.michalapetr.com\/wp-content\/uploads\/2025\/08\/photo_2025-08-03_15-12-21-300x173.jpg 300w, https:\/\/www.michalapetr.com\/wp-content\/uploads\/2025\/08\/photo_2025-08-03_15-12-21-1030x595.jpg 1030w, https:\/\/www.michalapetr.com\/wp-content\/uploads\/2025\/08\/photo_2025-08-03_15-12-21-768x443.jpg 768w, https:\/\/www.michalapetr.com\/wp-content\/uploads\/2025\/08\/photo_2025-08-03_15-12-21-705x407.jpg 705w, https:\/\/www.michalapetr.com\/wp-content\/uploads\/2025\/08\/photo_2025-08-03_15-12-21-450x260.jpg 450w\" alt=\"\" width=\"1013\" height=\"585\" aria-describedby=\"caption-attachment-19445\" \/><\/p>\n<p id=\"caption-attachment-19445\" class=\"wp-caption-text\" style=\"text-align: justify;\">Rusk\u00e1 arm\u00e1da v\u010dera \u00fato\u010dila do t\u00fdlu ukrajinsk\u00e9 arm\u00e1dy br\u00e1n\u00edc\u00ed Seversk i ze severu. Na map\u011b je Seversk vpravo dole jako b\u00edl\u00fd Pentagon, (ve skute\u010dnosti je v\u0161ak mimo mapu sm\u011brem dol\u016f p\u0159esn\u011b o jednu velikost Pentagonu). D\u016fle\u017eit\u00fd je zejm\u00e9na postup st\u0159edn\u00ed rusk\u00e9 skupiny (na map\u011b p\u0159eru\u0161ovan\u00e1 \u0161ipka), kter\u00e1 obkli\u010duje m\u011bste\u010dko Torskoe. To Ukrajinci za cenu t\u011b\u017ek\u00fdch ztr\u00e1t minul\u00fd m\u011bs\u00edc dobyli, te\u010f je op\u011bt v rusk\u00fdch rukou, a nav\u00edc Ukrajinc\u016fm hroz\u00ed obkl\u00ed\u010den\u00ed. Rusov\u00e9 postupuj\u00ed proti m\u011bstu Liman, jak ukazuj\u00ed v\u0161echny \u0161ipky. Jakmile ho obsad\u00ed, cel\u00e1 fronta v\u00fdchodn\u011b od m\u011bsta Slavjansk se zhrout\u00ed, a Rusov\u00e9 postoup\u00ed a\u017e k samotn\u00e9mu m\u011bstu, kter\u00e9 v roce 2014 musel Igor Strelkov vyklidit. (pozn\u00e1mka \u2013 \u0161ipky zachycuj\u00ed sm\u011bry rusk\u00fdch postup\u016f, nikoli skute\u010dn\u011b obsazen\u00e9 \u00fazem\u00ed. Ikonky p\u0159edstavuj\u00ed znaky jednotliv\u00fdch ukrajinsk\u00fdch brig\u00e1d. Jedna brig\u00e1da m\u00e1 okolo 5000 v\u00e1le\u010dn\u00edk\u016f.)<\/p>\n<\/div>\n<div id=\"attachment_19447\" class=\"wp-caption aligncenter\" style=\"width: 811px;\">\n<p><img decoding=\"async\" loading=\"lazy\" class=\" wp-image-19447\" src=\"https:\/\/www.michalapetr.com\/wp-content\/uploads\/2025\/08\/773f40884f_snimok.jpg\" sizes=\"(max-width: 800px) 100vw, 800px\" srcset=\"https:\/\/www.michalapetr.com\/wp-content\/uploads\/2025\/08\/773f40884f_snimok.jpg 800w, https:\/\/www.michalapetr.com\/wp-content\/uploads\/2025\/08\/773f40884f_snimok-300x196.jpg 300w, https:\/\/www.michalapetr.com\/wp-content\/uploads\/2025\/08\/773f40884f_snimok-768x501.jpg 768w, https:\/\/www.michalapetr.com\/wp-content\/uploads\/2025\/08\/773f40884f_snimok-705x460.jpg 705w, https:\/\/www.michalapetr.com\/wp-content\/uploads\/2025\/08\/773f40884f_snimok-450x294.jpg 450w\" alt=\"\" width=\"811\" height=\"529\" aria-describedby=\"caption-attachment-19447\" \/><\/p>\n<p id=\"caption-attachment-19447\" class=\"wp-caption-text\" style=\"text-align: justify;\">Asi nejzaj\u00edmav\u011bj\u0161\u00ed ud\u00e1lost v\u00edkendov\u00fdch boj\u016f zachycuje tato mapa. A podle n\u00ed u\u017e Rusov\u00e9 v\u010dera ve\u010der obsadili m\u011bste\u010dko \u0421\u0443\u0445\u0435\u0446\u043a\u043e\u0435, na map\u011b \u0161ipka \u00fapln\u011b naho\u0159e, a to by znamenalo, \u017ee p\u0159eru\u0161ili ve\u0161ker\u00e9 ukrajinsk\u00e9 z\u00e1sobov\u00e1n\u00ed aglomerace Pokrovsl-Myrnohrad. Pokud je rusk\u00e9 hl\u00e1\u0161en\u00ed pravdiv\u00e9, bude do konce z\u00e1\u0159\u00ed leto\u0161n\u00edho roku cel\u00e1 150 tis\u00edcov\u00e1 aglomerace \u201cza\u010di\u0161t\u011bna\u201d a v rusk\u00fdch rukou.<\/p>\n<\/div>\n<p>Na \u0160umav\u011b jsem v noci z p\u00e1tku na sobotu nato\u010dil dva po\u0159ady. Jakmile budou sest\u0159\u00edh\u00e1ny, d\u00e1m na n\u011b odkazy. Z\u00edtra vyjde dal\u0161\u00ed anal\u00fdza.<\/p>\n<p><a href=\"https:\/\/www.michalapetr.com\/map-2372-ukrajinska-fronta-se-hrouti-elitni-zoldaci-marinaci-placou-ze-byli-podvedeni-a-ze-bojovat-s-rusy-je-sebevrazedne-silenstvi-mapy-videa-analyza\/\">Michael Svato\u0161<\/a><\/p>\n<p><img decoding=\"async\" loading=\"lazy\" class=\"alignnone size-full wp-image-27204\" src=\"http:\/\/www.infokuryr.cz\/n\/wp-content\/uploads\/2023\/05\/Michael_Svatos.png\" alt=\"\" width=\"180\" height=\"180\" srcset=\"https:\/\/www.infokuryr.cz\/n\/wp-content\/uploads\/2023\/05\/Michael_Svatos.png 180w, https:\/\/www.infokuryr.cz\/n\/wp-content\/uploads\/2023\/05\/Michael_Svatos-150x150.png 150w\" sizes=\"(max-width: 180px) 100vw, 180px\" \/><\/p>\n<p>&nbsp;<\/p>\n","protected":false},"excerpt":{"rendered":"<p>Ukrajinsk\u00e1 fronta se hrout\u00ed! Elitn\u00ed \u017eold\u00e1ci-mari\u0148\u00e1ci pl\u00e1\u010dou, \u017ee byli podvedeni, a \u017ee bojovat s Rusy&#8230;<\/p>\n","protected":false},"author":2,"featured_media":79296,"comment_status":"closed","ping_status":"closed","sticky":false,"template":"","format":"standard","meta":[],"categories":[6],"tags":[1042,22,26,7678],"_links":{"self":[{"href":"https:\/\/www.infokuryr.cz\/n\/wp-json\/wp\/v2\/posts\/84930"}],"collection":[{"href":"https:\/\/www.infokuryr.cz\/n\/wp-json\/wp\/v2\/posts"}],"about":[{"href":"https:\/\/www.infokuryr.cz\/n\/wp-json\/wp\/v2\/types\/post"}],"author":[{"embeddable":true,"href":"https:\/\/www.infokuryr.cz\/n\/wp-json\/wp\/v2\/users\/2"}],"replies":[{"embeddable":true,"href":"https:\/\/www.infokuryr.cz\/n\/wp-json\/wp\/v2\/comments?post=84930"}],"version-history":[{"count":1,"href":"https:\/\/www.infokuryr.cz\/n\/wp-json\/wp\/v2\/posts\/84930\/revisions"}],"predecessor-version":[{"id":84931,"href":"https:\/\/www.infokuryr.cz\/n\/wp-json\/wp\/v2\/posts\/84930\/revisions\/84931"}],"wp:featuredmedia":[{"embeddable":true,"href":"https:\/\/www.infokuryr.cz\/n\/wp-json\/wp\/v2\/media\/79296"}],"wp:attachment":[{"href":"https:\/\/www.infokuryr.cz\/n\/wp-json\/wp\/v2\/media?parent=84930"}],"wp:term":[{"taxonomy":"category","embeddable":true,"href":"https:\/\/www.infokuryr.cz\/n\/wp-json\/wp\/v2\/categories?post=84930"},{"taxonomy":"post_tag","embeddable":true,"href":"https:\/\/www.infokuryr.cz\/n\/wp-json\/wp\/v2\/tags?post=84930"}],"curies":[{"name":"wp","href":"https:\/\/api.w.org\/{rel}","templated":true}]}}