{"id":8493,"date":"2022-02-22T10:20:44","date_gmt":"2022-02-22T09:20:44","guid":{"rendered":"http:\/\/www.infokuryr.cz\/n\/?p=8493"},"modified":"2022-02-22T10:38:23","modified_gmt":"2022-02-22T09:38:23","slug":"biden-podepisuje-dekret-o-sankcich-zakazech-investic-a-obchodu-s-dlr-a-llr","status":"publish","type":"post","link":"https:\/\/www.infokuryr.cz\/n\/2022\/02\/22\/biden-podepisuje-dekret-o-sankcich-zakazech-investic-a-obchodu-s-dlr-a-llr\/","title":{"rendered":"Biden podepsal dekret o sankc\u00edch, z\u00e1kazech investic a obchodu s DLR a LLR"},"content":{"rendered":"<div id=\"fb-root\"><\/div>\n<p><strong>Uzn\u00e1n\u00ed lidov\u00fdch republik Lugansk a Don\u011bck ze strany Moskvy vyvolalo na Z\u00e1pad\u011b velkou kritiku.\u00a0Americk\u00fd prezident Biden podepsal dekret o sankc\u00edch, kter\u00fd mimo jin\u00e9 zakazuje ob\u010dan\u016fm USA investovat do t\u011bchto republik nebo s nimi obchodovat.<\/strong><\/p>\n<p>Americk\u00fd prezident Joe Biden podepsal dekret o uvalen\u00ed sankc\u00ed na Rusko kv\u016fli uzn\u00e1n\u00ed suverenity Lugansk\u00e9 a Don\u011bck\u00e9 lidov\u00e9 republiky (\u00a0LLR a DLR) Moskvou .\u00a0Dokument obsahuje z\u00e1kaz Ameri\u010dan\u016fm financovat a investovat do DVR a LVR a z\u00e1kaz obchodu s republikami.<\/p>\n<p>Bidenovo na\u0159\u00edzen\u00ed zakazuje nov\u00e9 investice v takzvan\u00fdch regionech DLR nebo LLR na Ukrajin\u011b nebo v jin\u00fdch regionech Ukrajiny, kter\u00e9 m\u016f\u017ee ur\u010dit ministr financ\u00ed USA po konzultaci s ministrem zahrani\u010d\u00ed USA, osob\u00e1m ze Spojen\u00fdch st\u00e1t\u016f americk\u00fdch.<\/p>\n<p>Krom\u011b toho plat\u00ed z\u00e1kaz p\u0159\u00edm\u00e9ho nebo nep\u0159\u00edm\u00e9ho dovozu jak\u00e9hokoli zbo\u017e\u00ed, slu\u017eeb nebo technologi\u00ed z uveden\u00fdch region\u016f do Spojen\u00fdch st\u00e1t\u016f, jako\u017e i p\u0159\u00edm\u00fd nebo nep\u0159\u00edm\u00fd v\u00fdvoz, reexport, prodej nebo dod\u00e1vky jak\u00e9hokoli zbo\u017e\u00ed, slu\u017eeb nebo technologi\u00ed.<\/p>\n<p>Na\u0159\u00edzen\u00ed tak\u00e9 oprav\u0148uje americkou vl\u00e1du uvalit sankce na jednotlivce p\u016fsob\u00edc\u00ed v DLR a LLR.<\/p>\n<p>Rusk\u00fd prezident Vladimir Putin 21. \u00fanora uznal suverenitu Lugansk\u00e9 a Don\u011bck\u00e9 lidov\u00e9 republiky.\u00a0S hlavami obou uznan\u00fdch zem\u00ed byly podeps\u00e1ny dohody o p\u0159\u00e1telstv\u00ed, spolupr\u00e1ci a vz\u00e1jemn\u00e9 pomoci.<\/p>\n<p>Americk\u00fd ministr zahrani\u010d\u00ed Anthony Blinken \u0159ekl: &#8222;Na\u0159\u00edzen\u00ed (americk\u00fdch sankc\u00ed) m\u00e1 zabr\u00e1nit Rusku t\u011b\u017eit z tohoto zjevn\u00e9ho poru\u0161en\u00ed mezin\u00e1rodn\u00edho pr\u00e1va.&#8220;\u00a0Uzn\u00e1n\u00ed je \u201ejasn\u00fdm \u00fatokem na suverenitu a \u00fazemn\u00ed celistvost Ukrajiny\u201c.<\/p>\n<p>Zapomn\u011bl ale dodat, \u017ee uzn\u00e1n\u00edm Kosova je podle USA v souladu s jejich ch\u00e1p\u00e1n\u00edm mezin\u00e1rodn\u00edho pr\u00e1va! Opravdu zaj\u00edmav\u00e9&#8230;<\/p>\n<p><img decoding=\"async\" loading=\"lazy\" class=\"alignnone size-full wp-image-1185\" src=\"http:\/\/www.infokuryr.cz\/n\/wp-content\/uploads\/2021\/04\/kuryr-podpis.png\" alt=\"\" width=\"84\" height=\"24\" \/><\/p>\n<p>&nbsp;<\/p>\n<p>&nbsp;<\/p>\n<p>&nbsp;<\/p>\n","protected":false},"excerpt":{"rendered":"<p>Uzn\u00e1n\u00ed lidov\u00fdch republik Lugansk a Don\u011bck ze strany Moskvy vyvolalo na Z\u00e1pad\u011b velkou kritiku.\u00a0Americk\u00fd prezident&#8230;<\/p>\n","protected":false},"author":2,"featured_media":4128,"comment_status":"closed","ping_status":"closed","sticky":false,"template":"","format":"standard","meta":[],"categories":[7],"tags":[72,125,37],"_links":{"self":[{"href":"https:\/\/www.infokuryr.cz\/n\/wp-json\/wp\/v2\/posts\/8493"}],"collection":[{"href":"https:\/\/www.infokuryr.cz\/n\/wp-json\/wp\/v2\/posts"}],"about":[{"href":"https:\/\/www.infokuryr.cz\/n\/wp-json\/wp\/v2\/types\/post"}],"author":[{"embeddable":true,"href":"https:\/\/www.infokuryr.cz\/n\/wp-json\/wp\/v2\/users\/2"}],"replies":[{"embeddable":true,"href":"https:\/\/www.infokuryr.cz\/n\/wp-json\/wp\/v2\/comments?post=8493"}],"version-history":[{"count":0,"href":"https:\/\/www.infokuryr.cz\/n\/wp-json\/wp\/v2\/posts\/8493\/revisions"}],"wp:featuredmedia":[{"embeddable":true,"href":"https:\/\/www.infokuryr.cz\/n\/wp-json\/wp\/v2\/media\/4128"}],"wp:attachment":[{"href":"https:\/\/www.infokuryr.cz\/n\/wp-json\/wp\/v2\/media?parent=8493"}],"wp:term":[{"taxonomy":"category","embeddable":true,"href":"https:\/\/www.infokuryr.cz\/n\/wp-json\/wp\/v2\/categories?post=8493"},{"taxonomy":"post_tag","embeddable":true,"href":"https:\/\/www.infokuryr.cz\/n\/wp-json\/wp\/v2\/tags?post=8493"}],"curies":[{"name":"wp","href":"https:\/\/api.w.org\/{rel}","templated":true}]}}