{"id":84917,"date":"2025-08-04T06:31:50","date_gmt":"2025-08-04T04:31:50","guid":{"rendered":"https:\/\/www.infokuryr.cz\/n\/?p=84917"},"modified":"2025-08-04T06:31:50","modified_gmt":"2025-08-04T04:31:50","slug":"cela-gaza-a-kazde-dite-v-gaze-musi-umrit-hladem-byla-chyba-ze-jsme-je-nevyhladili","status":"publish","type":"post","link":"https:\/\/www.infokuryr.cz\/n\/2025\/08\/04\/cela-gaza-a-kazde-dite-v-gaze-musi-umrit-hladem-byla-chyba-ze-jsme-je-nevyhladili\/","title":{"rendered":"Cel\u00e1 Gaza a ka\u017ed\u00e9 d\u00edt\u011b v Gaze mus\u00ed um\u0159\u00edt hladem! Byla chyba, \u017ee jsme je nevyhladili!"},"content":{"rendered":"<div id=\"fb-root\"><\/div>\n<h4>Cel\u00e1 Gaza a ka\u017ed\u00e9 d\u00edt\u011b v Gaze mus\u00ed um\u0159\u00edt hladem! Byla chyba, \u017ee jsme je nevyhladili! Izraelsk\u00fd rab\u00edn vyzval k plo\u0161n\u00e9 genocid\u011b Palestinc\u016f a jejich d\u011bt\u00ed v odkazu na pou\u010den\u00ed od Amaleka! Mezit\u00edm tiskov\u00e1 mluv\u010d\u00ed OSN popsala, co se d\u011bje uvnit\u0159 Gazy p\u0159i pokusech o dod\u00e1vky potravin! Izrael blokuje a zpomaluje konvoje s c\u00edlem, aby v Gaze nedo\u0161lo k p\u0159eru\u0161en\u00ed hladomoru a um\u00edr\u00e1n\u00ed!<\/h4>\n<p>Video s rab\u00edny, kte\u0159\u00ed s nad\u0161en\u00edm popisuj\u00ed pl\u00e1n na zni\u010den\u00ed z\u00e1padn\u00ed civilizace a b\u00edl\u00e9 k\u0159es\u0165ansk\u00e9 rasy, otev\u0159elo mnoha lidem o\u010di p\u0159i studiu konceptu\u00e1ln\u00edch proces\u016f \u0159\u00edzen\u00ed. Ov\u0161em tentokr\u00e1t p\u0159in\u00e1\u0161\u00edme video, kter\u00e9 je daleko tvrd\u0161\u00edho kalibru, a to dokonce i pro samotn\u00e9 Izraelce.<\/p>\n<p>Video bylo nato\u010deno ve velk\u00e9 synagoze v A\u0161dodu v pond\u011bl\u00ed 28. \u010dervence a zachycuje rab\u00edna Ronena \u0160aulova b\u011bhem k\u00e1z\u00e1n\u00ed, kdy vyz\u00fdv\u00e1 k vyhladov\u011bn\u00ed cel\u00e9 Gazy.\u00a0<strong>Podle jeho slov cel\u00e1 Gaza a v\u0161echny d\u011bti v Gaze mus\u00ed um\u0159\u00edt hlady<\/strong>, proto\u017ee kdy\u017e neum\u0159ou, tak vyrostou a stanou se z nich terorist\u00e9. Kompletn\u011b ze v\u0161ech. A to nebylo v\u0161echno.<\/p>\n<p>&nbsp;<\/p>\n<div id=\"rumble_v6uw8mi\">\n<div id=\"vid_v6uw8mi\" class=\"rumble_v6uw8mi-Rumble-cls\" tabindex=\"-1\">\n<div><div class='videoWrapper'>\r\n\t            <iframe src='https:\/\/rumble.com\/embed\/pj.v6uw8mi\/' frameborder='0' allowfullscreen><\/iframe>\r\n\t        <\/div><\/div>\n<\/div>\n<\/div>\n<p>&nbsp;<\/p>\n<p>Rab\u00edn n\u00e1sledn\u011b prohl\u00e1sil, \u017ee byla chyba, \u017ee Izrael nevyhladil Palestince v minulosti, kdy\u017e k tomu byla p\u0159\u00edle\u017eitost, a \u017ee kdy\u017e to pr\u00fd neud\u011bl\u00e1 te\u010f, kdy\u017e po Palestinc\u00edch v Gaze z\u016fstanou n\u011bjak\u00e9 stopy, tedy ve smyslu p\u0159e\u017eit\u00ed Palestinc\u016f, tak \u017ee to pr\u00fd povede k tomu, \u017ee v budoucnu znovu dojde k dal\u0161\u00edmu 7. \u0159\u00edjnu 2023.\u00a0<strong>Podle jeho slov je pr\u00fd pot\u0159eba si vz\u00edt pou\u010den\u00ed od Amaleka, \u017ee pouze vyhlazen\u00ed n\u00e1roda, kter\u00fd nen\u00e1vid\u00ed \u017didy, je jedin\u00fdm trval\u00fdm a kone\u010dn\u00fdm \u0159e\u0161en\u00edm.<\/strong><\/p>\n<p>\u0160aulov uplatnil kolektivn\u00ed vinu na v\u0161echny Palestince a prohl\u00e1sil, \u017ee neexistuj\u00ed nez\u00fa\u010dastn\u011bn\u00ed civilist\u00e9 v Gaze. Nelze pr\u00fd d\u011blit Palestince na nez\u00fa\u010dastn\u011bn\u00e9 civilisty a na Ham\u00e1s. Podle jeho n\u00e1zoru jsou v\u0161ichni Palestinci terorist\u00e9, nen\u00ed mezi nimi pr\u00fd rozd\u00edlu. Pokud nem\u00e1te \u010das na video naho\u0159e, tak tady je p\u0159epis:<\/p>\n<h3>Rab\u00ednova v\u00fdzva k vyhladov\u011bn\u00ed Gazy a palestinsk\u00fdch d\u011bt\u00ed<\/h3>\n<p>Cel\u00e1 Gaza a ka\u017ed\u00e9 d\u00edt\u011b v Gaze mus\u00ed um\u0159\u00edt hlady. Je hanba a ostuda, \u017ee se v na\u0161\u00ed zemi v\u016fbec mluv\u00ed o hladov\u011bj\u00edc\u00edch d\u011btech v Gaze. Je hanba a ostuda, \u017ee lid\u00e9 b\u011bhem n\u011bkolika m\u011bs\u00edc\u016f zapomn\u011bli na na\u0161i minulost 7. \u0159\u00edjna (2023).\u00a0<strong>Cel\u00e1 Gaza a ka\u017ed\u00e9 d\u00edt\u011b v Gaze mus\u00ed um\u0159\u00edt hlady.<\/strong>\u00a0Proto\u017ee to, co te\u010f d\u011blaj\u00ed \u00fanosci s rukojm\u00edmi, je, \u017ee je nech\u00e1vaj\u00ed hladov\u011bt a zneu\u017e\u00edvaj\u00ed je. A nezapome\u0148te, \u017ee ti, kte\u0159\u00ed jsou v Gaze a dus\u00ed a bij\u00ed rukojm\u00ed, byli kdysi d\u011btmi. V Gaze nejsou \u017e\u00e1dn\u00ed nez\u00fa\u010dastn\u011bn\u00ed lid\u00e9. V\u0161echny fotky, kter\u00e9 jsem vid\u011bl, a videa, kter\u00e1 jsem bohu\u017eel sledoval, jsou od nez\u00fa\u010dastn\u011bn\u00fdch civilist\u016f.<\/p>\n<p>Ne od Ham\u00e1su, kter\u00fd dostal bonb\u00f3ny, zabalili t\u011bla unesen\u00fdch a spolu s \u017eiv\u00fdmi je um\u00edstili do dom\u016f. \u0158ekli: \u201c<em>Dohl\u00ed\u017eejte na n\u011b<\/em>,\u201d zat\u00edmco oni jed\u00ed a rukojm\u00ed maj\u00ed hlad. Hladov\u00ed, tak\u017ee kdy\u017e mluv\u00edme o hladov\u00fdch lidech, mluvme o hladov\u00fdch rukojm\u00edch. Hladov\u00ed rodi\u010de budou hladov\u011bt cel\u00fd \u017eivot, aby vid\u011bli, jak se jejich d\u00edt\u011b vrac\u00ed k \u017eivotu. Nepou\u010dili jsme se od Amaleka, kdy\u017e jsme je nevyhladili.\u00a0<strong>A pokud je nech\u00e1me, z\u016fstane po nich stopa, vr\u00e1t\u00ed se n\u00e1m to a budeme m\u00edt dal\u0161\u00ed 7. \u0159\u00edjen.<\/strong>\u00a0Nelituji ty, kte\u0159\u00ed nelituj\u00ed na\u0161e d\u011bti. Nelituji ty, kte\u0159\u00ed za p\u00e1r let vyrostou a nebudou n\u00e1s litovat. Nem\u00e1m soucit s t\u011bmi, kdo prol\u00e9vaj\u00ed \u017eidovskou krev.<\/p>\n<p>Neud\u011blali mu pr\u00fd nic \u0161patn\u00e9ho, \u201cjen\u201d ho zn\u00e1silnili zavra\u017edili, sp\u00e1lili jeho \u00fady a fotili se s useknut\u00fdmi kon\u010detinami, d\u011blali v\u011bci, kter\u00e9 zv\u00ed\u0159ata ned\u011blaj\u00ed. Jen hlup\u00e1k, kter\u00fd nen\u00e1vid\u00ed Izrael, lituje terorist\u016f, kte\u0159\u00ed p\u0159ich\u00e1zej\u00ed, i kdy\u017e jsou dnes mal\u00ed a p\u0159\u00e1l bych si, aby to ch\u00e1pali. A\u0165 zem\u0159ou, pane! A pro ty, kte\u0159\u00ed maj\u00ed probl\u00e9m s t\u00edm, co jsem \u0159ekl, je to jejich probl\u00e9m. Nikomu nebylo l\u00edto stovek \u017did\u016f, kte\u0159\u00ed si p\u0159i\u0161li jen tak u\u017e\u00edt. Nikdo k nim nec\u00edtil soucit ani slitov\u00e1n\u00ed. Jedn\u00edm z nejv\u00edce \u0161okuj\u00edc\u00edch zji\u0161t\u011bn\u00ed je, \u017ee 7. \u0159\u00edjna posadili dva rodi\u010de a p\u0159ed jejich o\u010dima post\u0159\u00edleli jejich d\u011bti. A potom je samotn\u00e9. Jich je mi l\u00edto, ne t\u011bch d\u011bt\u00ed, kter\u00e9 se z\u00edtra stanou teroristy.<\/p>\n<p>\u2013<em>Ronen \u0160aulov<\/em>\u2013<\/p>\n<h3>Heydrichi\u00e1da byla oproti tomu, co te\u010f d\u011blaj\u00ed Izraelci v Gaze, nepodstatnou epizodou<\/h3>\n<p>\u0160aulov poznamenal, \u017ee nikdo nem\u011bl slitov\u00e1n\u00ed s n\u011bkolika stovkami \u017did\u016f, kte\u0159\u00ed si cht\u011bli jen u\u017e\u00edt b\u011bhem\u00a0<em>p\u00e1rty<\/em>\u00a0v pou\u0161ti a zem\u0159eli b\u011bhem a po operaci Ham\u00e1su ze dne 7. \u0159\u00edjna 2023, a proto ani on pr\u00fd nem\u00e1 slitov\u00e1n\u00ed se v\u0161emi palestinsk\u00fdmi d\u011btmi a ani s celou Gazou. Za smrt n\u011bkolika stovek \u017did\u016f tak chce vyhlazen\u00ed cel\u00e9ho palestinsk\u00e9ho n\u00e1roda, nebo p\u0159inejmen\u0161\u00edm cel\u00e9 Gazy a v\u0161ech d\u011bt\u00ed v Gaze, aby podle jeho slov nemohly vyr\u016fst a st\u00e1t se z nich terorist\u00e9. Rab\u00ednovy po\u010dty odplaty hodn\u011b p\u0159ipom\u00ednaj\u00ed nacistick\u00e9 N\u011bmecko, kter\u00e9 popravovalo v ur\u010dit\u00fdch pom\u011brech \u010dleny etnik a n\u00e1rod\u016f za \u00fatoky proti \u0158\u00ed\u0161i.<\/p>\n<div class=\"twitter-tweet twitter-tweet-rendered\"><iframe id=\"twitter-widget-0\" class=\"\" title=\"X Post\" src=\"https:\/\/platform.twitter.com\/embed\/Tweet.html?dnt=false&amp;embedId=twitter-widget-0&amp;features=eyJ0ZndfdGltZWxpbmVfbGlzdCI6eyJidWNrZXQiOltdLCJ2ZXJzaW9uIjpudWxsfSwidGZ3X2ZvbGxvd2VyX2NvdW50X3N1bnNldCI6eyJidWNrZXQiOnRydWUsInZlcnNpb24iOm51bGx9LCJ0ZndfdHdlZXRfZWRpdF9iYWNrZW5kIjp7ImJ1Y2tldCI6Im9uIiwidmVyc2lvbiI6bnVsbH0sInRmd19yZWZzcmNfc2Vzc2lvbiI6eyJidWNrZXQiOiJvbiIsInZlcnNpb24iOm51bGx9LCJ0ZndfZm9zbnJfc29mdF9pbnRlcnZlbnRpb25zX2VuYWJsZWQiOnsiYnVja2V0Ijoib24iLCJ2ZXJzaW9uIjpudWxsfSwidGZ3X21peGVkX21lZGlhXzE1ODk3Ijp7ImJ1Y2tldCI6InRyZWF0bWVudCIsInZlcnNpb24iOm51bGx9LCJ0ZndfZXhwZXJpbWVudHNfY29va2llX2V4cGlyYXRpb24iOnsiYnVja2V0IjoxMjA5NjAwLCJ2ZXJzaW9uIjpudWxsfSwidGZ3X3Nob3dfYmlyZHdhdGNoX3Bpdm90c19lbmFibGVkIjp7ImJ1Y2tldCI6Im9uIiwidmVyc2lvbiI6bnVsbH0sInRmd19kdXBsaWNhdGVfc2NyaWJlc190b19zZXR0aW5ncyI6eyJidWNrZXQiOiJvbiIsInZlcnNpb24iOm51bGx9LCJ0ZndfdXNlX3Byb2ZpbGVfaW1hZ2Vfc2hhcGVfZW5hYmxlZCI6eyJidWNrZXQiOiJvbiIsInZlcnNpb24iOm51bGx9LCJ0ZndfdmlkZW9faGxzX2R5bmFtaWNfbWFuaWZlc3RzXzE1MDgyIjp7ImJ1Y2tldCI6InRydWVfYml0cmF0ZSIsInZlcnNpb24iOm51bGx9LCJ0ZndfbGVnYWN5X3RpbWVsaW5lX3N1bnNldCI6eyJidWNrZXQiOnRydWUsInZlcnNpb24iOm51bGx9LCJ0ZndfdHdlZXRfZWRpdF9mcm9udGVuZCI6eyJidWNrZXQiOiJvbiIsInZlcnNpb24iOm51bGx9fQ%3D%3D&amp;frame=false&amp;hideCard=false&amp;hideThread=false&amp;id=1949463317220618651&amp;lang=cs&amp;origin=https%3A%2F%2Faeronet.news%2Fcela-gaza-a-kazde-dite-v-gaze-musi-umrit-hladem-byla-chyba-ze-jsme-je-nevyhladili-izraelsky-rabin-vyzval-k-plosne-genocide-palestincu-a-jejich-deti-v-odkazu-na-pouceni-od-amaleka%2F&amp;sessionId=f92885ea8d7065f37740e2e1622f8154063e7412&amp;theme=light&amp;widgetsVersion=2615f7e52b7e0%3A1702314776716&amp;width=550px\" frameborder=\"0\" scrolling=\"no\" allowfullscreen=\"allowfullscreen\" data-tweet-id=\"1949463317220618651\" data-mce-fragment=\"1\"><\/iframe><\/div>\n<p>Nejbli\u017e\u0161\u00edm p\u0159\u00edkladem pro n\u00e1s \u010cechy byla samoz\u0159ejm\u011b tzv. Heydrichi\u00e1da v roce 1942, kdy za smrt jedin\u00e9 osoby v podob\u011b Reinharda Heydricha popravili N\u011bmci v odvet\u011b p\u0159ibli\u017en\u011b p\u0159es 5 000 ob\u010dan\u016f Protektor\u00e1tu \u010cechy a Morava.\u00a0<strong>Pom\u011b\u0159 odvety byl tedy 1 : 5000, ale tady se s t\u00edm rab\u00edn \u0160aulov nijak nep\u00e1r\u00e1 a za smrt zhruba 1 200 Izraelc\u016f, kte\u0159\u00ed zahynuli 7. \u0159\u00edjna 2023, chce vyhladit celou Gazu se 2 miliony obyvatel.<\/strong>\u00a0P\u0159i\u010dem\u017e rab\u00edn sice mluv\u00ed hlavn\u011b o Gaze, ale ty \u0159e\u010di o Amalekovi a o vyhlazen\u00ed v podstat\u011b ukazuj\u00ed na celou Palestinu a na v\u0161echny Palestince.<\/p>\n<h3>Podle mluv\u010d\u00ed OSN se Izrael sna\u017e\u00ed hladomor prohlubovat pomoc\u00ed obstrukc\u00ed, blok\u00e1d a zpomalov\u00e1n\u00ed konvoj\u016f s potravinami<\/h3>\n<p>Sami vid\u00edte, \u017ee Izraeli a t\u011bmto sionistick\u00fdm militantn\u00edm rab\u00edn\u016fm nejde jen o por\u00e1\u017eku a likvidaci Ham\u00e1su, ale o vyhlazen\u00ed, p\u0159\u00edpadn\u011b v lep\u0161\u00edm p\u0159\u00edpad\u011b o vyhn\u00e1n\u00ed Palestinc\u016f z jejich \u00fazem\u00ed. A situace v Gaze nenech\u00e1v\u00e1 nikoho na pochybnostech, \u017ee pl\u00e1n genocidy pomoc\u00ed hladu jako zbran\u011b hromadn\u00e9ho ni\u010den\u00ed byl nejen spu\u0161t\u011bn, ale je d\u016fsledn\u011b \u0159\u00edzen izraelskou arm\u00e1dou.<\/p>\n<p>A to tak, aby humanit\u00e1rn\u00ed potravinov\u00e1 pomoc byla zpomalov\u00e1na a zdr\u017eov\u00e1na, a to tak maxim\u00e1ln\u011b, aby hladomor nebyl zastaven, ale sou\u010dasn\u011b tak, aby Izrael nemohl b\u00fdt obvin\u011bn, \u017ee potravinovou pomoc Palestinc\u016fm zastavil \u00fapln\u011b. Je to prost\u011b syst\u00e9m, kter\u00fd rusk\u00e9 stanici RT nejl\u00e9pe popsala tiskov\u00e1 mluv\u010d\u00ed OSN Olga \u010cerevko.<\/p>\n<p>&nbsp;<\/p>\n<div id=\"rumble_v6uwccg\">\n<div id=\"vid_v6uwccg\" class=\"rumble_v6uwccg-Rumble-cls\" tabindex=\"-1\">\n<div><div class='videoWrapper'>\r\n\t            <iframe src='https:\/\/rumble.com\/embed\/pj.v6uwccg\/' frameborder='0' allowfullscreen><\/iframe>\r\n\t        <\/div><\/div>\n<\/div>\n<\/div>\n<p>&nbsp;<\/p>\n<p>V rozhovoru, kter\u00fd byl odvys\u00edl\u00e1n v sobotu, vysv\u011btlila, \u017ee izraelsk\u00e9 s\u00edly br\u00e1n\u00ed dod\u00e1vk\u00e1m potravin, zat\u00edmco podv\u00fd\u017eiva a hladomor se v palestinsk\u00e9 enkl\u00e1v\u011b prohlubuj\u00ed. \u010cerevko, kter\u00e1 zastupuje \u00da\u0159ad OSN pro koordinaci humanit\u00e1rn\u00edch z\u00e1le\u017eitost\u00ed (OCHA), popsala, \u017ee konvoje s humanit\u00e1rn\u00ed pomoc\u00ed jsou na izraelsk\u00fdch kontroln\u00edch stanovi\u0161t\u00edch zadr\u017eov\u00e1ny cel\u00e9 hodiny.\u00a0<strong>\u201c<em>Jednomu konvoji trv\u00e1 18 hodin, ne\u017e se dostane z Deir al-Balah do Kerem Shalom, co\u017e je vzd\u00e1lenost pouh\u00fdch 24 kilometr\u016f<\/em>,\u201d<\/strong>\u00a0uvedla.<\/p>\n<p>\u201c<em>Dost\u00e1v\u00e1me trasy, kter\u00e9 jsou nebezpe\u010dn\u00e9, trasy, kter\u00fdmi nem\u016f\u017eeme proj\u00edt, trasy, kter\u00e9 jsou p\u0159et\u00ed\u017een\u00e9.<\/em>\u201d Vysv\u011btlila, \u017ee b\u011bhem posledn\u00edho p\u0159\u00edm\u011b\u0159\u00ed m\u011bla OSN \u201c<em>neomezen\u00fd p\u0159\u00edstup<\/em>\u201d a mohla rychle poskytovat pomoc. \u201c<em>Mohli jsme v\u00e9st n\u011bkolik konvoj\u016f denn\u011b. Neexistovala \u017e\u00e1dn\u00e1 vy\u010dk\u00e1vac\u00ed m\u00edsta, \u017e\u00e1dn\u00e1 zelen\u00e1 sv\u011btla, \u017e\u00e1dn\u00e9 \u010dek\u00e1n\u00ed na povolen\u00ed k p\u0159esunu<\/em>,\u201d \u0159ekla \u010cerevko pro RT. \u201c<em>Nyn\u00ed je to v\u0161echno zavedeno a velmi n\u00e1s to omezuje<\/em>.\u201d<\/p>\n<h3>Dv\u011b ze t\u0159\u00ed hranic hladomoru ji\u017e byly v Gaze p\u0159ekro\u010deny<\/h3>\n<p>Tvrdila tak\u00e9, \u017ee v\u00edce ne\u017e 1300 lid\u00ed bylo zabito bu\u010f na m\u00edstech militarizovan\u00e9 distribuce, nebo p\u0159i \u010dek\u00e1n\u00ed na tras\u00e1ch konvoj\u016f. Mluv\u010d\u00ed varovala, \u017ee Gaza za\u017e\u00edv\u00e1 naprostou hladovou krizi a \u017ee \u201c<em>v ohro\u017een\u00ed jsou \u017eivoty v\u00edce ne\u017e 2 miliony lid\u00ed<\/em>\u201c. \u201c<em>Vyvinula se katastrofa nep\u0159edstaviteln\u00fdch rozm\u011br\u016f, kter\u00e1 se d\u00e1le rozv\u00edj\u00ed,<\/em>\u201d varovala \u010cerevko.\u00a0<strong>OSN potvrdila [<a href=\"https:\/\/href.li\/?https:\/\/www.unicef.org\/romania\/press-releases\/un-agencies-warn-key-food-and-nutrition-indicators-exceed-famine-thresholds-gaza\" target=\"_blank\" rel=\"nofollow noopener\">1<\/a>], \u017ee v Gaze byly p\u0159ekro\u010deny dv\u011b ze t\u0159\u00ed hranic hladomoru.<\/strong>\u00a0Od dubna bylo 20 000 d\u011bt\u00ed o\u0161et\u0159eno kv\u016fli akutn\u00ed podv\u00fd\u017eiv\u011b a 16 d\u011bt\u00ed zem\u0159elo na n\u00e1sledky hladu.<\/p>\n<figure id=\"attachment_64356\" class=\"wp-caption aligncenter\" style=\"width: 730px;\"><a href=\"https:\/\/aeronet.news\/wp-content\/uploads\/SteveWitkoffGazaFood.jpg\"><img decoding=\"async\" loading=\"lazy\" class=\"wp-image-64356 \" src=\"https:\/\/aeronet.news\/wp-content\/uploads\/SteveWitkoffGazaFood-1024x674.jpg\" sizes=\"(max-width: 700px) 100vw, 700px\" srcset=\"https:\/\/aeronet.news\/wp-content\/uploads\/SteveWitkoffGazaFood-1024x674.jpg 1024w, https:\/\/aeronet.news\/wp-content\/uploads\/SteveWitkoffGazaFood-300x197.jpg 300w, https:\/\/aeronet.news\/wp-content\/uploads\/SteveWitkoffGazaFood-768x505.jpg 768w, https:\/\/aeronet.news\/wp-content\/uploads\/SteveWitkoffGazaFood-700x460.jpg 700w, https:\/\/aeronet.news\/wp-content\/uploads\/SteveWitkoffGazaFood-100x65.jpg 100w, https:\/\/aeronet.news\/wp-content\/uploads\/SteveWitkoffGazaFood-543x357.jpg 543w, https:\/\/aeronet.news\/wp-content\/uploads\/SteveWitkoffGazaFood-734x483.jpg 734w, https:\/\/aeronet.news\/wp-content\/uploads\/SteveWitkoffGazaFood.jpg 1280w\" alt=\"\" width=\"730\" height=\"481\" \/><\/a><figcaption class=\"wp-caption-text\">Steve Witkoff si v distribu\u010dn\u00edm centru s potravinami pot\u0159\u00e1s\u00e1 rukou s palestinskou \u017eenou, kter\u00e1 si p\u0159i\u0161la pro americkou potravinovou pomoc nachystanou izraelskou arm\u00e1dou. V pozad\u00ed bannery, \u017ee ji\u017e bylo pr\u00fd rozd\u00e1no 100 milion\u016f potravinov\u00fdch porc\u00ed v Gaze z americk\u00e9 pomoci<\/figcaption><\/figure>\n<p>V\u00e1lka v Gaze za\u010dala 7. \u0159\u00edjna 2023, kdy Ham\u00e1s vedl \u00fatok na Izrael, p\u0159i kter\u00e9m zahynulo p\u0159ibli\u017en\u011b 1 250 lid\u00ed a bylo zajato 250 rukojm\u00edch.\u00a0<span data-huuid=\"32398164090897962\">Hladomor je vyhl\u00e1\u0161en, pokud jsou spln\u011bny ur\u010dit\u00e9 prahov\u00e9 hodnoty t\u00fdkaj\u00edc\u00ed se nedostatku potravin, podv\u00fd\u017eivy a \u00famrtnosti.\u00a0<\/span><span data-huuid=\"32398164090900465\">T\u0159i hlavn\u00ed ukazatele jsou: extr\u00e9mn\u00ed nedostatek potravin, akutn\u00ed podv\u00fd\u017eiva a \u00famrtnost.\u00a0<\/span><span data-huuid=\"32398164090898872\">Tyto ukazatele se hodnot\u00ed podle\u00a0IPC \u2013 Integrovan\u00e9 klasifikace f\u00e1z\u00ed potravinov\u00e9 bezpe\u010dnosti\u00a0<strong>[<a href=\"https:\/\/href.li\/?https:\/\/www.ipcinfo.org\/famine-facts\/\" target=\"_blank\" rel=\"nofollow noopener\">2<\/a>]<\/strong>.<span class=\"pjBG2e\" data-cid=\"55698e73-d136-404a-91ed-a1f0796d768f\"><span class=\"UV3uM\">\u00a0<\/span><\/span><\/span><\/p>\n<div class=\"WaaZC\">\n<div class=\"RJPOee EIJn2\">\n<h3 class=\"rPeykc pyPiTc\" data-hveid=\"CAsQAQ\" data-ved=\"2ahUKEwiK4ofaye-OAxUjh_0HHRweO50Qo_EKegQICxAB\"><span data-huuid=\"32398164090897733\">T\u0159i hranice hladomoru<\/span><\/h3>\n<\/div>\n<\/div>\n<div class=\"WaaZC\">\n<div class=\"RJPOee EIJn2\">\n<ol data-hveid=\"CA8QAQ\" data-ved=\"2ahUKEwiK4ofaye-OAxUjh_0HHRweO50Qm_YKegQIDxAB\">\n<li><span data-huuid=\"32398164090897050\"><strong data-dl-uid=\"32\" data-dl-original=\"true\" data-dl-translated=\"true\">Extr\u00e9mn\u00ed nedostatek potravin:<\/strong>\u00a0<\/span><span data-huuid=\"32398164090899553\">Nejm\u00e9n\u011b 20% dom\u00e1cnost\u00ed se pot\u00fdk\u00e1 s extr\u00e9mn\u00edm nedostatkem potravin a jejich schopnost vyrovnat se s n\u00edm je omezen\u00e1.<span class=\"pjBG2e\" data-cid=\"76551061-c4cf-4032-acc3-431ff93d37ab\"><span class=\"UV3uM\">\u00a0<\/span><\/span><\/span>\n<div class=\"NPrrbc\" data-cid=\"76551061-c4cf-4032-acc3-431ff93d37ab\" data-uuids=\"32398164090897050,32398164090899553\">\n<div class=\"BMebGe btku5b fCrZyc LwdV0e FR7ZSc qVhvac OJeuxf\" tabindex=\"0\" role=\"button\" aria-label=\"View related links\" data-hveid=\"CBoQAQ\" data-ved=\"2ahUKEwiK4ofaye-OAxUjh_0HHRweO50Q3fYKegQIGhAB\">\n<div class=\"niO4u\">\n<div class=\"kHtcsd\"><\/div>\n<\/div>\n<\/div>\n<\/div>\n<\/li>\n<li><span data-huuid=\"32398164090900463\"><strong data-dl-uid=\"34\" data-dl-original=\"true\" data-dl-translated=\"true\">Akutn\u00ed podv\u00fd\u017eiva:<\/strong>\u00a0<\/span><span data-huuid=\"32398164090898870\">Prevalence glob\u00e1ln\u00ed akutn\u00ed podv\u00fd\u017eivy mus\u00ed b\u00fdt vy\u0161\u0161\u00ed ne\u017e 30%.<span class=\"pjBG2e\" data-cid=\"ecc241e0-40eb-4c70-9eb3-41c4f030f278\"><span class=\"UV3uM\">\u00a0<\/span><\/span><\/span>\n<div class=\"NPrrbc\" data-cid=\"ecc241e0-40eb-4c70-9eb3-41c4f030f278\" data-uuids=\"32398164090900463,32398164090898870\">\n<div class=\"BMebGe btku5b fCrZyc LwdV0e FR7ZSc qVhvac OJeuxf\" tabindex=\"0\" role=\"button\" aria-label=\"View related links\" data-hveid=\"CBUQAQ\" data-ved=\"2ahUKEwiK4ofaye-OAxUjh_0HHRweO50Q3fYKegQIFRAB\">\n<div class=\"niO4u\">\n<div class=\"kHtcsd\"><\/div>\n<\/div>\n<\/div>\n<\/div>\n<\/li>\n<li><span data-huuid=\"32398164090899780\"><strong data-dl-uid=\"36\" data-dl-original=\"true\" data-dl-translated=\"true\">M\u00edra \u00famrtnosti:<\/strong>\u00a0<\/span><span data-huuid=\"32398164090898187\">Podle IPC mus\u00ed hrub\u00e1 \u00famrtnost p\u0159ekro\u010dit dv\u011b \u00famrt\u00ed na 10 000 osob denn\u011b nebo alespo\u0148 dv\u011b \u00famrt\u00ed na 10 000 osob v d\u016fsledku hladov\u011bn\u00ed nebo souhry podv\u00fd\u017eivy a nemoc\u00ed.<span class=\"pjBG2e\" data-cid=\"4f850245-ad32-405a-8aff-d0a1efcf59b8\"><span class=\"UV3uM\">\u00a0<\/span><\/span><\/span>\n<div class=\"NPrrbc\" data-cid=\"4f850245-ad32-405a-8aff-d0a1efcf59b8\" data-uuids=\"32398164090899780,32398164090898187\">\n<div class=\"BMebGe btku5b fCrZyc LwdV0e FR7ZSc qVhvac OJeuxf\" tabindex=\"0\" role=\"button\" aria-label=\"View related links\" data-hveid=\"CBkQAQ\" data-ved=\"2ahUKEwiK4ofaye-OAxUjh_0HHRweO50Q3fYKegQIGRAB\">\n<div class=\"niO4u\">\n<div class=\"kHtcsd\"><\/div>\n<\/div>\n<\/div>\n<\/div>\n<\/li>\n<\/ol>\n<\/div>\n<\/div>\n<div class=\"WaaZC\">\n<div class=\"RJPOee EIJn2\">\n<div class=\"rPeykc\" data-hveid=\"CCAQAQ\" data-ved=\"2ahUKEwiK4ofaye-OAxUjh_0HHRweO50Qo_EKegQIIBAB\"><span data-huuid=\"32398164090899095\">Hranice 1 a 2 ji\u017e byly v Gaze p\u0159ekro\u010deny. Hranici \u010d. 3 se da\u0159\u00ed zat\u00edm oddalovat, proto\u017ee izraelsk\u00e1 blok\u00e1da nen\u00ed stoprocentn\u00ed a n\u011bjak\u00e9 potraviny se do Gazy p\u0159ece jen dostanou. Nedostanou se v\u0161ak k nemocn\u00fdm, kte\u0159\u00ed si nemohou vyst\u00e1t frontu na potraviny. Tyto t\u0159i prahov\u00e9 hodnoty se pou\u017e\u00edvaj\u00ed pro klasifikaci \u00farovn\u011b nedostatku potravin, p\u0159i\u010dem\u017e \u201c<em>hladomor<\/em>\u201d je nejz\u00e1va\u017en\u011bj\u0161\u00ed \u00farove\u0148,\u00a0<span class=\"M5tQyf\" data-dl-uid=\"39\" data-dl-original=\"true\" data-dl-translated=\"true\">IPC f\u00e1ze 5.<\/span>\u00a0Pokud je vyhl\u00e1\u0161en hladomor, znamen\u00e1 to, \u017ee rozs\u00e1hl\u00fd a z\u00e1va\u017en\u00fd nedostatek potravin vedl k podv\u00fd\u017eiv\u011b, hladov\u011bn\u00ed a smrti.<span class=\"pjBG2e\" data-cid=\"782d86c9-e8de-4c07-92a4-ed45fc752a85\"><span class=\"UV3uM\">\u00a0<\/span><\/span><\/span><\/div>\n<div data-hveid=\"CCAQAQ\" data-ved=\"2ahUKEwiK4ofaye-OAxUjh_0HHRweO50Qo_EKegQIIBAB\">\n<div class=\"twitter-tweet twitter-tweet-rendered\"><iframe id=\"twitter-widget-1\" class=\"\" title=\"X Post\" src=\"https:\/\/platform.twitter.com\/embed\/Tweet.html?dnt=false&amp;embedId=twitter-widget-1&amp;features=eyJ0ZndfdGltZWxpbmVfbGlzdCI6eyJidWNrZXQiOltdLCJ2ZXJzaW9uIjpudWxsfSwidGZ3X2ZvbGxvd2VyX2NvdW50X3N1bnNldCI6eyJidWNrZXQiOnRydWUsInZlcnNpb24iOm51bGx9LCJ0ZndfdHdlZXRfZWRpdF9iYWNrZW5kIjp7ImJ1Y2tldCI6Im9uIiwidmVyc2lvbiI6bnVsbH0sInRmd19yZWZzcmNfc2Vzc2lvbiI6eyJidWNrZXQiOiJvbiIsInZlcnNpb24iOm51bGx9LCJ0ZndfZm9zbnJfc29mdF9pbnRlcnZlbnRpb25zX2VuYWJsZWQiOnsiYnVja2V0Ijoib24iLCJ2ZXJzaW9uIjpudWxsfSwidGZ3X21peGVkX21lZGlhXzE1ODk3Ijp7ImJ1Y2tldCI6InRyZWF0bWVudCIsInZlcnNpb24iOm51bGx9LCJ0ZndfZXhwZXJpbWVudHNfY29va2llX2V4cGlyYXRpb24iOnsiYnVja2V0IjoxMjA5NjAwLCJ2ZXJzaW9uIjpudWxsfSwidGZ3X3Nob3dfYmlyZHdhdGNoX3Bpdm90c19lbmFibGVkIjp7ImJ1Y2tldCI6Im9uIiwidmVyc2lvbiI6bnVsbH0sInRmd19kdXBsaWNhdGVfc2NyaWJlc190b19zZXR0aW5ncyI6eyJidWNrZXQiOiJvbiIsInZlcnNpb24iOm51bGx9LCJ0ZndfdXNlX3Byb2ZpbGVfaW1hZ2Vfc2hhcGVfZW5hYmxlZCI6eyJidWNrZXQiOiJvbiIsInZlcnNpb24iOm51bGx9LCJ0ZndfdmlkZW9faGxzX2R5bmFtaWNfbWFuaWZlc3RzXzE1MDgyIjp7ImJ1Y2tldCI6InRydWVfYml0cmF0ZSIsInZlcnNpb24iOm51bGx9LCJ0ZndfbGVnYWN5X3RpbWVsaW5lX3N1bnNldCI6eyJidWNrZXQiOnRydWUsInZlcnNpb24iOm51bGx9LCJ0ZndfdHdlZXRfZWRpdF9mcm9udGVuZCI6eyJidWNrZXQiOiJvbiIsInZlcnNpb24iOm51bGx9fQ%3D%3D&amp;frame=false&amp;hideCard=false&amp;hideThread=false&amp;id=1951279363355201840&amp;lang=cs&amp;origin=https%3A%2F%2Faeronet.news%2Fcela-gaza-a-kazde-dite-v-gaze-musi-umrit-hladem-byla-chyba-ze-jsme-je-nevyhladili-izraelsky-rabin-vyzval-k-plosne-genocide-palestincu-a-jejich-deti-v-odkazu-na-pouceni-od-amaleka%2F&amp;sessionId=f92885ea8d7065f37740e2e1622f8154063e7412&amp;theme=light&amp;widgetsVersion=2615f7e52b7e0%3A1702314776716&amp;width=550px\" frameborder=\"0\" scrolling=\"no\" allowfullscreen=\"allowfullscreen\" data-tweet-id=\"1951279363355201840\" data-mce-fragment=\"1\"><\/iframe><\/div>\n<\/div>\n<\/div>\n<\/div>\n<p>Podle posledn\u00edch odhad\u016f OSN od t\u00e9 doby 7. \u0159\u00edjna 2023 zabily IDF v obl\u00e9han\u00e9 enkl\u00e1v\u011b v\u00edce ne\u017e 60 000 lid\u00ed. Izraelsk\u00e1 m\u00e9dia na za\u010d\u00e1tku t\u00fddne s odvol\u00e1n\u00edm na zvl\u00e1\u0161tn\u00edho vyslance USA Steva Witkoffa informovala, \u017ee Ham\u00e1s \u00fadajn\u011b vyj\u00e1d\u0159il ochotu odzbrojit. Witkoffova n\u00e1v\u0161t\u011bva v jednom z distribu\u010dn\u00edch center potravin v Gaze z\u0159\u00edzen\u00fdch jako Pot\u011bmkinova vesnice p\u0159\u00edmo IDF se do\u010dkala zdrcuj\u00edc\u00ed kritiky v USA, \u017ee Trump\u016fv vyslanec nav\u0161t\u00edvil Netanyahuovy divadeln\u00ed kulisy dob\u0159e z\u00e1soben\u00e9ho centra, kde v\u0161ude byly pov\u011b\u0161eny bannery a vlaje\u010dky, \u017ee jde o potravinovou pomoc z USA, co\u017e je v rozporu s realitou v cel\u00e9m zbytku Gazy.<\/p>\n<p>V sobotu v\u0161ak Ham\u00e1s informace o odzbrojen\u00ed pop\u0159el a trval na sv\u00e9m pr\u00e1vu br\u00e1nit se izraelsk\u00e9 okupaci.\u00a0<strong>Odzbrojen\u00ed by vedlo k vyhn\u00e1n\u00ed Palestinc\u016f ze zem\u011b hladce a bez odporu.<\/strong>\u00a0Dokud maj\u00ed Palestinci zbran\u011b, hladk\u00e9 etnick\u00e9 vy\u010di\u0161t\u011bn\u00ed Gazy nep\u0159ipad\u00e1 v \u00favahu. Palestinci v\u011bd\u00ed, \u017ee je sionisti\u010dt\u00ed cht\u011bj\u00ed bu\u010f vyhnat, anebo vyhladit. To je nab\u00eddka, kterou Palestinci dostali.\u00a0<em>No future!<\/em>\u00a0A reakce rab\u00edna \u0160aulova ukazuje, \u017ee se schyluje sp\u00ed\u0161e k t\u00e9 druh\u00e9 mo\u017enosti.<\/p>\n<p><a href=\"https:\/\/aeronet.news\/cela-gaza-a-kazde-dite-v-gaze-musi-umrit-hladem-byla-chyba-ze-jsme-je-nevyhladili-izraelsky-rabin-vyzval-k-plosne-genocide-palestincu-a-jejich-deti-v-odkazu-na-pouceni-od-amaleka\/\">-VK-<\/a><\/p>\n<p>&nbsp;<\/p>\n","protected":false},"excerpt":{"rendered":"<p>Cel\u00e1 Gaza a ka\u017ed\u00e9 d\u00edt\u011b v Gaze mus\u00ed um\u0159\u00edt hladem! Byla chyba, \u017ee jsme je&#8230;<\/p>\n","protected":false},"author":2,"featured_media":84918,"comment_status":"closed","ping_status":"closed","sticky":false,"template":"","format":"standard","meta":[],"categories":[6],"tags":[1042,178,9594,92],"_links":{"self":[{"href":"https:\/\/www.infokuryr.cz\/n\/wp-json\/wp\/v2\/posts\/84917"}],"collection":[{"href":"https:\/\/www.infokuryr.cz\/n\/wp-json\/wp\/v2\/posts"}],"about":[{"href":"https:\/\/www.infokuryr.cz\/n\/wp-json\/wp\/v2\/types\/post"}],"author":[{"embeddable":true,"href":"https:\/\/www.infokuryr.cz\/n\/wp-json\/wp\/v2\/users\/2"}],"replies":[{"embeddable":true,"href":"https:\/\/www.infokuryr.cz\/n\/wp-json\/wp\/v2\/comments?post=84917"}],"version-history":[{"count":0,"href":"https:\/\/www.infokuryr.cz\/n\/wp-json\/wp\/v2\/posts\/84917\/revisions"}],"wp:featuredmedia":[{"embeddable":true,"href":"https:\/\/www.infokuryr.cz\/n\/wp-json\/wp\/v2\/media\/84918"}],"wp:attachment":[{"href":"https:\/\/www.infokuryr.cz\/n\/wp-json\/wp\/v2\/media?parent=84917"}],"wp:term":[{"taxonomy":"category","embeddable":true,"href":"https:\/\/www.infokuryr.cz\/n\/wp-json\/wp\/v2\/categories?post=84917"},{"taxonomy":"post_tag","embeddable":true,"href":"https:\/\/www.infokuryr.cz\/n\/wp-json\/wp\/v2\/tags?post=84917"}],"curies":[{"name":"wp","href":"https:\/\/api.w.org\/{rel}","templated":true}]}}