{"id":84911,"date":"2025-08-04T00:26:01","date_gmt":"2025-08-03T22:26:01","guid":{"rendered":"https:\/\/www.infokuryr.cz\/n\/?p=84911"},"modified":"2025-08-03T17:42:44","modified_gmt":"2025-08-03T15:42:44","slug":"petr-vlk-jak-evropa-zaplati-horecne-zbrojeni","status":"publish","type":"post","link":"https:\/\/www.infokuryr.cz\/n\/2025\/08\/04\/petr-vlk-jak-evropa-zaplati-horecne-zbrojeni\/","title":{"rendered":"Petr Vlk: Jak Evropa zaplat\u00ed hore\u010dn\u00e9 zbrojen\u00ed???!!!"},"content":{"rendered":"<div id=\"fb-root\"><\/div>\n<p>N\u00e1sleduj\u00edc\u00ed\u00a0 text\u00a0 vydal p\u016fvodn\u011b\u00a0 Bloomberg.\u00a0 Zab\u00fdv\u00e1 se t\u00edm,\u00a0 kde\u00a0 asi tak\u00a0 Evropa\u00a0 vezme prost\u0159edky\u00a0 jednak\u00a0 na\u00a0 sv\u00e9\u00a0 zbrojn\u00ed\u00a0 ze\u0161\u00edlen\u00ed a\u00a0 k\u00a0 tomu\u00a0 tak\u00e9\u00a0 je\u0161t\u011b\u00a0 nav\u00edc\u00a0 na\u00a0 n\u00e1kup\u00a0 americk\u00fdch zbran\u00ed pro\u00a0 Ukrajinu,\u00a0 k\u00a0 \u010demu\u017e\u00a0 ji donutil\u00a0 Trump. A\u00a0 ud\u011blal\u00a0 z n\u00ed dojnou\u00a0 kr\u00e1vu a\u00a0 blbce\u00a0 z\u00e1rove\u0148\u00a0 \u2013 co\u017e p\u0159edstavte\u00a0 si,\u00a0 dok\u00e1zala\u00a0 poznat u\u017e\u00a0 i takov\u00e1\u00a0 Kallasov\u00e1\u2026\u00a0 Neuv\u011b\u0159iteln\u00e9!<\/p>\n<p>A\u00a0 to nen\u00ed\u00a0 jedin\u00e9,\u00a0 \u010demu se podiv\u00edte.\u00a0 Bloomberg\u00a0 a\u00a0 to dokonce dvakr\u00e1t\u00a0 cituje\u00a0 i takovou\u00a0 du\u0161evn\u00ed\u00a0 trosku , jakou je\u00a0 Lipavsk\u00fd.\u00a0 A konstatuji,\u00a0 \u017ee\u00a0 k m\u00e9mu\u00a0 velk\u00e9mu\u00a0 \u00fadivu nikoliv proto,\u00a0 \u017ee\u00a0 by cht\u011bl\u00a0 p\u0159edv\u00e9st\u00a0 unijn\u00edho\u00a0 Pepka\u00a0 Vysko\u010de.\u00a0 V\u00a0 druh\u00e9m p\u0159\u00edpad\u011b\u00a0 mne\u00a0 Lipavsk\u00fd\u00a0 dokonce\u00a0 zasko\u010dil. Ne\u010dekan\u011b\u00a0 a p\u0159\u00edjemn\u011b. Z\u0159ejm\u011b\u00a0 m\u011bl zrovna\u00a0 n\u00e1hodou sv\u011btlou\u00a0 chvilku. I\u00a0 to se m\u016f\u017ee p\u0159ihodit. Z\u00e1zraky\u00a0 se\u00a0 d\u011bj\u00ed..<\/p>\n<h3 class=\"western\"><a href=\"https:\/\/www.bloomberg.com\/news\/articles\/2025-07-15\/trump-s-plan-for-europe-to-foot-ukraine-bill-ups-budget-pressure?srnd=homepage-europe\"><strong>Trump\u2019s Plan for Europe to Foot Ukraine Bill Ups Budget Pressure<\/strong><\/a><\/h3>\n<p>podle\u00a0 p\u0159eklada\u010de<\/p>\n<h3 class=\"media-ui-HedAndDek_headline-D19MOidHYLI-\"><strong>Trump\u016fv pl\u00e1n, aby Evropa zaplatila \u00fa\u010det za Ukrajinu, zvy\u0161uje tlak na rozpo\u010dty<\/strong><\/h3>\n<p class=\"media-ui-Paragraph_text-SqIsdNjh0t0-\">Pl\u00e1n Donalda Trumpa dotla\u010dit\u00a0 Evropskou unii platit za zbran\u011b dod\u00e1van\u00e9 Ukrajin\u011b zvy\u0161uje tlak na \u00fa\u0159edn\u00edky EU, kte\u0159\u00ed vyjedn\u00e1vaj\u00ed o tom, jak financovat ambice bloku v oblasti v\u00fddaj\u016f na obranu.<\/p>\n<p class=\"media-ui-Paragraph_text-SqIsdNjh0t0-\">Tato jedn\u00e1n\u00ed komplikuj\u00ed u\u017e tak\u00a0 t\u011b\u017ek\u00e1 dohadov\u00e1n\u00ed o rozpo\u010dtu 27\u010dlenn\u00e9 EU ve v\u00fd\u0161i 1,2 bilionu eur (1,4 bilionu dolar\u016f), v dob\u011b, kdy \u010dlensk\u00e9 st\u00e1ty zahajuj\u00ed dvoulet\u00fd proces hled\u00e1n\u00ed konsensu. Zat\u00edmco mnoho evropsk\u00fdch hlavn\u00edch m\u011bst chce p\u0159ijmout obvykl\u00e9 standardn\u00ed financov\u00e1n\u00ed pro zem\u011bd\u011blce a regiony \u2013 co\u017e p\u0159edstavuje dv\u011b t\u0159etiny rozpo\u010dtu \u2013 jin\u00e1 cht\u011bj\u00ed p\u0159esm\u011brovat financov\u00e1n\u00ed na nov\u00e9 a nal\u00e9hav\u011bj\u0161\u00ed probl\u00e9my, jako je obrana.<\/p>\n<p class=\"media-ui-Paragraph_text-SqIsdNjh0t0- paywall\">\u201eTolik priorit, tak m\u00e1lo pen\u011bz,\u201c \u0159ekl v \u00fater\u00fd novin\u00e1\u0159\u016fm \u010desk\u00fd ministr zahrani\u010d\u00ed Jan Lipavsk\u00fd s t\u00edm, \u017ee v\u00fddaje na obranu budou muset konkurovat st\u00e1vaj\u00edc\u00edm po\u017eadavk\u016fm, jako je zem\u011bd\u011blstv\u00ed. Rozhovory budou podle n\u011bj \u201evelmi obt\u00ed\u017en\u00e9\u201c.<\/p>\n<p class=\"media-ui-Paragraph_text-SqIsdNjh0t0- paywall\">Slo\u017eit\u00fd rozpo\u010dtov\u00fd proces EU prob\u00edh\u00e1 v m\u011bn\u00edc\u00ed se geopolitick\u00e9 krajin\u011b, kdy se USA pod Trumpov\u00fdm veden\u00edm odkl\u00e1n\u011bj\u00ed od evropsk\u00e9 bezpe\u010dnosti a region se zavazuje podporovat \u00fasil\u00ed Ukrajiny o obranu proti rusk\u00e9mu \u00fatoku. Americk\u00fd prezident tento t\u00fdden sl\u00edbil \u201e\u0161pi\u010dkov\u00fd\u201c bal\u00ed\u010dek zbran\u00ed, ale uvedl, \u017ee \u00fa\u010det zaplat\u00ed evrop\u0161t\u00ed spojenci v NATO.<\/p>\n<p class=\"media-ui-Paragraph_text-SqIsdNjh0t0- paywall\">Evropsk\u00e1 komise, v\u00fdkonn\u00fd org\u00e1n EU, ve st\u0159edu p\u0159edstav\u00ed n\u00e1vrh sv\u00e9ho sedmilet\u00e9ho rozpo\u010dtu na obdob\u00ed po\u010d\u00ednaje rokem 2028, jeho\u017e hlavn\u00edmi prioritami budou bezpe\u010dnost a konkurenceschopnost. N\u011bkter\u00e9 zem\u011b zesiluj\u00ed \u00fasil\u00ed o spole\u010dn\u00e9 zadlu\u017een\u00ed, aby pos\u00edlily vliv bloku, co\u017e by mohlo b\u00fdt p\u0159\u00ednosem pro Kyjev.<\/p>\n<div class=\"gap-1\">\n<div class=\"media-ui-BaseAd_baseAd-dXBqvbLRJy0- media-ui-BaseAd_adPlaceholder-W4Hid5G045M- media-ui-InBodyAds_inBodyAd-mz0YfknFCIM- styles_inBodyAd__23KGn\">\n<div>\n<p class=\"media-ui-Paragraph_text-SqIsdNjh0t0- paywall\">Nes\u010detn\u00e9 prom\u011bnn\u00e9 \u010d\u00e1sti tohoto procesu komplikuje pot\u0159eba EU urychlit znovuzbrojov\u00e1n\u00ed po letech nedostate\u010dn\u00fdch investic. V\u00e1lka s Ruskem, kter\u00e1 je nyn\u00ed ve \u010dtvrt\u00e9m roce, a kol\u00edsav\u00e1 podpora USA odhalily pot\u0159ebu kontinentu pos\u00edlit svou vojenskou kapacitu.<\/p>\n<p class=\"media-ui-Paragraph_text-SqIsdNjh0t0- paywall\">Trump\u016fv n\u00e1vrh na dod\u00e1vky zbran\u00ed financovan\u00fdch z evropsk\u00fdch rozpo\u010dt\u016f se v \u00fater\u00fd setkal s vla\u017enou reakc\u00ed. Nejvy\u0161\u0161\u00ed p\u0159edstavitelka EU pro zahrani\u010dn\u00ed politiku Kaja Kallasov\u00e1 varovala, \u017ee pokud blok zaplat\u00ed za americk\u00e9 zbran\u011b, bude se to rovnat \u010dist\u011b\u00a0 evropsk\u00e9 podpo\u0159e.<\/p>\n<p class=\"media-ui-Paragraph_text-SqIsdNjh0t0- paywall\">\u201eD\u011bl\u00e1me, co m\u016f\u017eeme, abychom pomohli Ukrajin\u011b,\u201c \u0159ekl Kallas. \u201eV\u00fdzva je, aby v\u0161ichni ud\u011blali tot\u00e9\u017e. Pokud jste sl\u00edbili, \u017ee zbran\u011b d\u00e1te, ale \u0159eknete, \u017ee je n\u011bkdo jin\u00fd zaplat\u00ed, tak je ve skute\u010dnosti ned\u00e1v\u00e1te vy, \u017ee ne?\u201c<\/p>\n<div>\n<figure class=\"styles_chart-container__fnhzx\">\n<div class=\"styles_text-group__CHnbJ\">\n<h3 class=\"media-ui-Subhead_subhead-kvbO7lQX1LU- styles_title__AMlyl\"><em>V\u00fddaje zem\u00ed EU na obranu<\/em><\/h3>\n<p class=\"styles_subtitle__AWEks\"><em>N\u011bkter\u00e9 \u010dlensk\u00e9 st\u00e1ty EU jsou st\u00e1le daleko od c\u00edle 2 %<\/em><\/p>\n<\/div>\n<\/figure>\n<\/div>\n<p class=\"media-ui-Paragraph_text-SqIsdNjh0t0- paywall\">Ve\u0161ker\u00e9 v\u00fddaje na obranu, kter\u00e9 EU vy\u010dlen\u00ed, jsou odd\u011blen\u00e9 \u2013 a mnohem men\u0161\u00ed \u2013 ne\u017e to, co investuj\u00ed jednotliv\u00e9 \u010dlensk\u00e9 st\u00e1ty. Komisa\u0159 pro obranu Andrius Kubilius odhadl, \u017ee financov\u00e1n\u00ed EU bude v p\u0159\u00ed\u0161t\u00edm rozpo\u010dtov\u00e9m obdob\u00ed \u0159\u00e1dov\u011b 40kr\u00e1t ni\u017e\u0161\u00ed ne\u017e n\u00e1rodn\u00ed v\u00fddaje na obranu.<\/p>\n<p class=\"media-ui-Paragraph_text-SqIsdNjh0t0- paywall\">Kubilius agentu\u0159e Bloomberg News uvedl, \u017ee smlouvy bloku neumo\u017e\u0148uj\u00ed pou\u017eit\u00ed finan\u010dn\u00edch prost\u0159edk\u016f EU na n\u00e1kup zbran\u00ed z USA pro Ukrajinu. Hlavn\u00ed m\u011bsta v\u0161ak mohou b\u00fdt vyzv\u00e1na k vyu\u017eit\u00ed celoblokov\u00e9ho \u00fav\u011brov\u00e9ho fondu ve v\u00fd\u0161i 150 miliard eur na spole\u010dn\u00e9 zad\u00e1v\u00e1n\u00ed ve\u0159ejn\u00fdch zak\u00e1zek, co\u017e by potenci\u00e1ln\u011b uvolnilo n\u00e1rodn\u00ed prost\u0159edky na b\u011b\u017en\u00e9 n\u00e1kupy zbran\u00ed z USA.<\/p>\n<\/div>\n<\/div>\n<\/div>\n<p class=\"media-ui-Paragraph_text-SqIsdNjh0t0- paywall\">\u00davahy jsou o to slo\u017eit\u011bj\u0161\u00ed, \u017ee mnoho vl\u00e1d EU se pot\u00fdk\u00e1 s neust\u00e1l\u00fdm nar\u016fst\u00e1n\u00edm dluhu. Na summitu EU minul\u00fd m\u011bs\u00edc n\u011bmeck\u00fd kancl\u00e9\u0159 Friedrich Merz varoval, \u017ee hromad\u011bn\u00ed \u00fav\u011br\u016f mezi st\u00e1ty a spole\u010dnostmi\u00a0<a class=\"media-ui-Link_link-tVkXhPLPofs-\" href=\"https:\/\/www.bloomberg.com\/news\/articles\/2025-06-27\/merz-tells-eu-leaders-to-beware-growing-dangers-of-a-debt-crisis\" target=\"_blank\" rel=\"noopener\">zvy\u0161uje riziko nov\u00e9 finan\u010dn\u00ed krize\u00a0<\/a>.<\/p>\n<p class=\"media-ui-Paragraph_text-SqIsdNjh0t0- paywall\">\u010ct\u011bte d\u00e1le:\u00a0<a class=\"media-ui-Link_link-tVkXhPLPofs-\" href=\"https:\/\/www.bloomberg.com\/news\/articles\/2025-06-27\/merz-tells-eu-leaders-to-beware-growing-dangers-of-a-debt-crisis\" target=\"_blank\" rel=\"noopener\">Merz vyz\u00fdv\u00e1 l\u00eddry EU, aby si dali pozor na rostouc\u00ed nebezpe\u010d\u00ed dluhov\u00e9 krize<\/a><\/p>\n<p class=\"media-ui-Paragraph_text-SqIsdNjh0t0- paywall\">Dal\u0161\u00ed, v\u010detn\u011b \u0161pan\u011blsk\u00e9ho premi\u00e9ra Pedra S\u00e1ncheze , se ptali, jak by mohl b\u00fdt spln\u011bn nov\u00fd z\u00e1vazek NATO zv\u00fd\u0161it v\u00fddaje na obranu na 5 % ekonomick\u00e9ho v\u00fdkonu vzhledem k r\u016fzn\u00fdm\u00a0 omezen\u00edm ve\u0159ejn\u00fdch financ\u00ed, uvedla agentura Bloomberg.<\/p>\n<p class=\"media-ui-Paragraph_text-SqIsdNjh0t0- paywall\">\u010clensk\u00e9 st\u00e1ty v\u010detn\u011b Francie, \u0160pan\u011blska a \u0158ecka prosazuj\u00ed spole\u010dn\u00e9 p\u016fj\u010dky jako cestu k z\u00edsk\u00e1n\u00ed v\u011bt\u0161\u00edho mno\u017estv\u00ed financov\u00e1n\u00ed. \u0160pan\u011blsko nab\u00eddlo nevratn\u00e9 granty \u010dlen\u016fm na v\u00fdchodn\u00edm k\u0159\u00eddle regionu. It\u00e1lie pat\u0159\u00ed mezi vl\u00e1dy, kter\u00e9 trvaj\u00ed na tom, \u017ee spol\u00e9h\u00e1n\u00ed se na st\u00e1tn\u00ed dluh nen\u00ed udr\u017eiteln\u00e9 vzhledem k k\u0159ehk\u00e9mu stavu financ\u00ed v n\u011bkter\u00fdch hlavn\u00edch m\u011bstech.<\/p>\n<p class=\"media-ui-Paragraph_text-SqIsdNjh0t0- paywall\">N\u011bkter\u00e9 zem\u011b, kter\u00e9 se dlouho stav\u011bly proti velk\u00fdm evropsk\u00fdm rozpo\u010dt\u016fm, jsou nyn\u00ed otev\u0159en\u011bj\u0161\u00ed inovativn\u00edm \u0159e\u0161en\u00edm, v\u010detn\u011b D\u00e1nska. N\u011bmecko a Nizozemsko v\u0161ak v posledn\u00edch dnech v uzav\u0159en\u00fdch diskus\u00edch trvaly na sv\u00e9m odm\u00edtnut\u00ed vyd\u00e1n\u00ed spole\u010dn\u00e9ho dluhopisu na v\u00fddaje na obranu, uvedly zdroje obezn\u00e1men\u00e9 s touto z\u00e1le\u017eitost\u00ed.<\/p>\n<p class=\"media-ui-Paragraph_text-SqIsdNjh0t0- paywall\">Lipavsk\u00fd v \u00fater\u00fd prohl\u00e1sil, \u017ee je proti spole\u010dn\u00e9mu dluhu, a poznamenal, \u017ee chce, aby byl nejprve splacen dluh souvisej\u00edc\u00ed s pandemi\u00ed \u2013 pro kter\u00fd blok otev\u0159el sv\u00e9 pen\u011b\u017eenky prost\u0159ednictv\u00edm spole\u010dn\u00fdch dluhopis\u016f.<\/p>\n<p class=\"media-ui-Paragraph_text-SqIsdNjh0t0- paywall\">EU z\u0159\u00eddila \u00fav\u011brov\u00fd n\u00e1stroj ve v\u00fd\u0161i 150 miliard eur, financovan\u00fd spole\u010dn\u00fdm dluhem, aby poskytla levn\u00e9 \u00fav\u011bry \u010dlensk\u00fdm st\u00e1t\u016fm, kter\u00e9 by se mohly \u00fa\u010dastnit spole\u010dn\u00fdch zak\u00e1zek s n\u011bkter\u00fdmi zem\u011bmi v\u010detn\u011b Ukrajiny. P\u0159edsedkyn\u011b Evropsk\u00e9 komise Ursula von der Leyenov\u00e1 \u010dlen\u016fm vyzvala, aby tento \u00fav\u011br vyu\u017eili k p\u0159\u00edm\u00fdm investic\u00edm na Ukrajin\u011b, jeliko\u017e 40 % pr\u016fmyslov\u00e9 kapacity je nevyu\u017eito.<\/p>\n<p class=\"media-ui-Paragraph_text-SqIsdNjh0t0- paywall\">\u201eNa\u0161e \u010dlensk\u00e9 st\u00e1ty si mohou vz\u00edt \u00fav\u011bry SAFE a nakupovat p\u0159\u00edmo od ukrajinsk\u00e9ho obrann\u00e9ho pr\u016fmyslu. Pro na\u0161e \u010dlensk\u00e9 st\u00e1ty je to vysok\u00e1 kvalita, rychlost a levnost,\u201c uvedla tento m\u011bs\u00edc. \u201ePro Ukrajinu je to oboj\u00ed \u2013 kl\u00ed\u010dov\u00e9 p\u0159\u00edjmy, ale tak\u00e9 p\u0159\u00edle\u017eitost pos\u00edlit jej\u00ed obrann\u011b pr\u016fmyslovou z\u00e1kladnu.\u201c<\/p>\n<p>oooooooooooooooooooooooooooooooooooooooooooooooooooooooooooooooooooooooo<\/p>\n<p>Ano, Evropu\u00a0 \u010dek\u00e1\u00a0 nemilosrdn\u00e1\u00a0 bitva\u00a0 o p\u0159\u00ed\u0161t\u00ed unijn\u00ed rozpo\u010det!\u00a0 V\u017edycky\u00a0 \u0161lo\u00a0 o\u00a0 \u0159e\u017ebu,\u00a0 kdy\u00a0 nikdo neznal\u00a0 bratra\u00a0 ni sestru. Pouze\u00a0 svoj\u00ed\u00a0 \u0161rajtofli. A\u00a0 to\u00a0 se\u00a0 jednalo o\u00a0 dobu\u00a0 hojnosti. Dneska\u00a0 u\u017e\u00a0 drt\u00ed\u00a0 dluh\u00a0 skoro\u00a0 v\u0161echny -a\u017e na Bulhary a\u00a0 Estonce.<\/p>\n<p>Ale evrop\u0161t\u00ed zem\u011bd\u011blci\u00a0 se rozhodn\u011b\u00a0 nevzdaj\u00ed\u00a0 sv\u00fdch\u00a0 dotac\u00ed,\u00a0 zelen\u00ed Khmerov\u00e9ho\u00a0 sv\u00e9ho\u00a0 mimo\u0159\u00e1dn\u011b\u00a0 n\u00e1kladn\u00e9ho n\u00e1bo\u017eenstv\u00ed, a\u0165\u00a0 stoj\u00ed cokoliv,\u00a0 v\u00e1le\u010dn\u00ed\u00a0 \u0161tv\u00e1\u010di\u00a0 touhy\u00a0 porazit\u00a0 nebo\u00a0 alespo\u0148\u00a0 n\u011bjak\u00a0 zadr\u017eet\u00a0 Rusko, ameri\u010dt\u00ed poskoci\u00a0 touhy\u00a0 ud\u011blat\u00a0 za\u00a0 pen\u00edze\u00a0 t\u011bch ostatn\u00edch\u00a0 dojem na\u00a0 Trumpa,\u00a0 a\u0165\u00a0 to ko\u0161tuje\u00a0 cokoliv\u00a0 a mraky\u00a0 r\u016fzn\u00fdch lobyst\u016f\u00a0 hodlaj\u00ed\u00a0 uspokojit\u00a0 sv\u00e9 p\u00e1ny\u00a0 a\u00a0 jejich\u00a0 touhu\u00a0 drancovat\u00a0 unijn\u00ed finance.<\/p>\n<p>\u010cek\u00e1\u00a0 n\u00e1s skute\u010dn\u011b\u00a0 AAA thriller!!! Ale\u00a0 v\u0161ichni\u00a0 u\u017e\u00a0 te\u010f\u00a0 v\u00ed,\u00a0 \u017ee u\u017e\u00a0 d\u00e1vno jde\u00a0 z\u00a0 tlust\u00fdch\u00a0 do tenk\u00fdch!<\/p>\n<p>Ale\u00a0 to nen\u00ed\u00a0 ani n\u00e1hodou\u00a0 v\u0161echno.\u00a0 NA kolektivn\u00ed\u00a0 Z\u00e1pad\u00a0 u\u017e pravideln\u011b,\u00a0 asi tak\u00a0 ka\u017ed\u00fdch\u00a0 8 let\u00a0 ude\u0159\u00ed\u00a0 ne\u010dekan\u00e1, ale ve\u00a0 sv\u00e9m d\u016fsledku\u00a0 finan\u010dn\u011b\u00a0 krajn\u011b\u00a0 n\u00e1ro\u010dn\u00e1 ne\u010dekan\u00e1\u00a0 \u00a0r\u00e1na\u00a0 \u2013 \u010dern\u00e1 labu\u0165, \u017ee\u00a0 \u010dern\u011bj\u0161\u00ed\u00a0 b\u00fdt\u00a0 nem\u016f\u017ee.<\/p>\n<p>Rok 2000\u00a0 internetov\u00e1\u00a0 bublina<\/p>\n<p>rok 2008 \u2013 finan\u010dn\u00ed\u00a0 krize americk\u00fdch hypot\u00e9k<\/p>\n<p>rok 2020 covid<\/p>\n<p>rok 2022 ukrajinsk\u00e1\u00a0 v\u00e1lka<\/p>\n<p>Kolektivn\u011b\u00a0 z\u00e1padn\u00ed\u00a0 papal\u00e1\u0161i, aby\u00a0 nep\u0159i\u0161li o moc\u00a0 a koryta\u00a0 v\u0161e\u00a0 \u0159e\u0161ili\u00a0 jedn\u00edm jedin\u00fdm\u00a0 zp\u016fsobem \u2013 p\u0159es\u00a0 lit\u00ed\u00a0 vrtuln\u00edkov\u00fdch pen\u011bz\u00a0 do ekonomiky\u00a0 a lid\u00ed. P\u016fvodn\u011b\u00a0 to\u00a0 zafungovalo. Naposled\u00a0 u\u017e\u00a0 z\u00a0 toho\u00a0 vznikla\u00a0 megainflace. Nejd\u0159\u00edve\u00a0 se\u00a0 vy\u010derpaly\u00a0 rezervy\u00a0 z\u00a0 tu\u010dn\u00fdch let. Pak\u00a0 p\u0159i\u0161ly\u00a0 na\u00a0 \u0159adu\u00a0 \u010d\u00edm\u00a0 d\u00e1l v\u011bt\u0161\u00ed\u00a0 n\u00e1rodn\u00ed\u00a0 dluhy\u00a0 a naposled\u00a0 se zkusilo\u00a0 spole\u010dn\u00e9\u00a0 zadlu\u017een\u00ed. Nic\u00a0 dal\u0161\u00edho u\u017e\u00a0 v\u00a0 instrument\u00e1riu\u00a0 nen\u00ed. Co\u00a0 vyt\u00e1hnou\u00a0 tihle\u00a0 borci\u00a0 z\u00a0 horn\u00ed\u00a0 paluby\u00a0 Titaniku,\u00a0 \u00a0kte\u0159\u00ed pop\u00edraj\u00ed\u00a0 zdrav\u00fd\u00a0 rozum, fyzik\u00e1ln\u00ed, p\u0159\u00edrodn\u00ed a ekonomick\u00e9\u00a0 z\u00e1kony\u00a0 a\u017e\u00a0 p\u0159ijde dal\u0161\u00ed\u00a0 velk\u00e1\u00a0 krize \u2013 tipuji\u00a0 tak kolem\u00a0 roku\u00a0 2030?<\/p>\n<p>Netu\u0161\u00edm. Opravdu\u00a0 netu\u0161\u00edm.\u00a0 Oni by\u00a0 tu\u0161it\u00a0 m\u011bli.\u00a0 Ale\u00a0 to\u00a0 by\u00a0 se rovnou\u00a0 museli\u00a0 hned\u00a0 j\u00edt\u00a0 n\u011bjak zasebevra\u017edit.\u00a0 Jen\u017ee\u00a0 to\u00a0 je\u00a0 ani nenapadne!\u00a0 Oni\u00a0 rad\u0161i p\u0159edep\u00ed\u0161\u00ed\u00a0 tu sebevra\u017edu\u00a0 n\u00e1m\u00a0 \u2013 viz\u00a0 n\u00e1vrh\u00a0 na\u00a0 zaveden\u00e9\u00a0 eutanasie\u00a0 z d\u00edlny\u00a0 STANu. Kde jako pr\u00fd\u00a0 u\u017e\u00a0 i pro 14let\u00e9 d\u011bti!!!\u00a0 Pro n\u00e1s\u00a0 ostatn\u00ed\u00a0 samoz\u0159ejm\u011b!\u00a0 Proto\u017ee\u00a0 se t\u00edm\u00a0 d\u00e1\u00a0 \u0159e\u0161it probl\u00e9m\u00a0 rostouc\u00edch\u00a0 v\u00fddaj\u016f\u00a0 na\u00a0 zdravotn\u00ed p\u00e9\u010di\u00a0 minist\u0159e\u00a0 Rakovino?\u00a0 Aby\u00a0 jako\u00a0 bylo\u00a0 na\u00a0 to zbrojen\u00ed a Ukrajinu? A\u00a0 na\u00a0 dotov\u00e1n\u00ed\u00a0 elektroaut pro horn\u00edch 10 000?<\/p>\n<p><a href=\"https:\/\/vlkovobloguje.wordpress.com\/2025\/08\/03\/jak-evropa-zaplati-horecne-zbrojeni\/\">Petr Vlk<\/a><\/p>\n<p><img decoding=\"async\" loading=\"lazy\" class=\"alignnone size-full wp-image-63439\" src=\"http:\/\/www.infokuryr.cz\/n\/wp-content\/uploads\/2024\/10\/petr-vlk.jpg\" alt=\"\" width=\"182\" height=\"176\" \/><\/p>\n<p>&nbsp;<\/p>\n","protected":false},"excerpt":{"rendered":"<p>N\u00e1sleduj\u00edc\u00ed\u00a0 text\u00a0 vydal p\u016fvodn\u011b\u00a0 Bloomberg.\u00a0 Zab\u00fdv\u00e1 se t\u00edm,\u00a0 kde\u00a0 asi tak\u00a0 Evropa\u00a0 vezme prost\u0159edky\u00a0 jednak\u00a0&#8230;<\/p>\n","protected":false},"author":2,"featured_media":84188,"comment_status":"closed","ping_status":"closed","sticky":false,"template":"","format":"standard","meta":[],"categories":[6],"tags":[1042,59,41,338],"_links":{"self":[{"href":"https:\/\/www.infokuryr.cz\/n\/wp-json\/wp\/v2\/posts\/84911"}],"collection":[{"href":"https:\/\/www.infokuryr.cz\/n\/wp-json\/wp\/v2\/posts"}],"about":[{"href":"https:\/\/www.infokuryr.cz\/n\/wp-json\/wp\/v2\/types\/post"}],"author":[{"embeddable":true,"href":"https:\/\/www.infokuryr.cz\/n\/wp-json\/wp\/v2\/users\/2"}],"replies":[{"embeddable":true,"href":"https:\/\/www.infokuryr.cz\/n\/wp-json\/wp\/v2\/comments?post=84911"}],"version-history":[{"count":0,"href":"https:\/\/www.infokuryr.cz\/n\/wp-json\/wp\/v2\/posts\/84911\/revisions"}],"wp:featuredmedia":[{"embeddable":true,"href":"https:\/\/www.infokuryr.cz\/n\/wp-json\/wp\/v2\/media\/84188"}],"wp:attachment":[{"href":"https:\/\/www.infokuryr.cz\/n\/wp-json\/wp\/v2\/media?parent=84911"}],"wp:term":[{"taxonomy":"category","embeddable":true,"href":"https:\/\/www.infokuryr.cz\/n\/wp-json\/wp\/v2\/categories?post=84911"},{"taxonomy":"post_tag","embeddable":true,"href":"https:\/\/www.infokuryr.cz\/n\/wp-json\/wp\/v2\/tags?post=84911"}],"curies":[{"name":"wp","href":"https:\/\/api.w.org\/{rel}","templated":true}]}}