{"id":8491,"date":"2022-02-22T08:03:32","date_gmt":"2022-02-22T07:03:32","guid":{"rendered":"http:\/\/www.infokuryr.cz\/n\/?p=8491"},"modified":"2022-02-22T08:03:32","modified_gmt":"2022-02-22T07:03:32","slug":"vymirani-je-zde-s-akceleraci-umrti-po-vakcine-stouply-vyplaty-zivotnich-pojistek-o-258","status":"publish","type":"post","link":"https:\/\/www.infokuryr.cz\/n\/2022\/02\/22\/vymirani-je-zde-s-akceleraci-umrti-po-vakcine-stouply-vyplaty-zivotnich-pojistek-o-258\/","title":{"rendered":"Vym\u00edr\u00e1n\u00ed je zde: S akcelerac\u00ed \u00famrt\u00ed po vakc\u00edn\u011b stouply v\u00fdplaty \u017eivotn\u00edch pojistek o 258%"},"content":{"rendered":"<div id=\"fb-root\"><\/div>\n<p><span>Ned\u00e1vno spat\u0159ila sv\u011btlo sv\u011bta jedna m\u00e1lo zn\u00e1m\u00e1 zpr\u00e1va agentury Reuters, kterou si t\u00e9m\u011b\u0159 \u017e\u00e1dn\u00e1 v\u00fdznamn\u011bj\u0161\u00ed m\u00e9dia hlavn\u00edho proudu nev\u0161\u00edmala.<\/span><\/p>\n<p><span>Zpr\u00e1va uv\u00e1d\u00ed, \u017ee nizozemsk\u00e9 poji\u0161\u0165ovn\u011b Aegon vzrostly ve t\u0159et\u00edm kvart\u00e1lu roku 2021 v\u00fdplaty \u017eivotn\u00edch pojistek o neuv\u011b\u0159iteln\u00fdch 258% v porovn\u00e1n\u00ed s v\u00fdplatami za t\u0159et\u00ed kvart\u00e1l roku 2020. Rozd\u00edl samoz\u0159ejm\u011b p\u0159edstavuj\u00ed vakc\u00edny proti Covid-19.<\/span><\/p>\n<p><span>V roce 2020, kdy je\u0161t\u011b vakc\u00edny nebyly k dispozici, vyplatil Aegon na \u017eivotn\u00edch pojistk\u00e1ch 31 milion\u016f dolar\u016f.\u00a0Po t\u0159ech kvart\u00e1lech agresivn\u00ed o\u010dkovac\u00ed kampan\u011b v roce 2021 to u\u017e bylo 111 milion\u016f dolar\u016f, tedy n\u00e1r\u016fst o 258%!<\/span><\/p>\n<p><span>Jak uv\u00e1d\u00ed\u00a0<\/span><a href=\"https:\/\/uk.finance.yahoo.com\/news\/life-insurers-adapt-pandemic-risk-070702607.html\" target=\"_blank\" rel=\"noopener\"><span>zpr\u00e1va Reuters<\/span><\/a><span>\u00a0zve\u0159ejn\u011bn\u00e1 port\u00e1lem Yahoo Finance:<\/span><\/p>\n<p><em><span>\u201eNizozemsk\u00e1 poji\u0161\u0165ovna Aegon, kter\u00e1 \u010din\u00ed dv\u011b t\u0159etiny sv\u00e9ho byznysu v USA, zve\u0159ejnila informaci, \u017ee v\u00fdplata \u017eivotn\u00edch pojistek v Americe byla ve t\u0159et\u00edm kvart\u00e1lu roku 2021 ve v\u00fd\u0161i 111 milion\u016f dolar\u016f, ve srovn\u00e1n\u00ed s 31 miliony dolar\u016f ve stejn\u00e9m obdob\u00ed p\u0159edchoz\u00edho roku.<\/span><\/em><\/p>\n<p><em><span>Americk\u00e9 poji\u0161\u0165ovny MetLife a Prudential Financial tak\u00e9 hl\u00e1s\u00ed zv\u00fd\u0161enou v\u00fdplatu \u017eivotn\u00edch pojistek.<\/span><\/em><\/p>\n<p><em><span>Jihoaftrick\u00fd Old Mutual minul v\u00fdrazn\u011b vy\u0161\u0161\u00ed prost\u0159edky na v\u00fdplatu pojistn\u00fdch ud\u00e1lost\u00ed a Munich Re zv\u00fd\u0161il pro rok 2021 sv\u016fj odhad v\u00fdplat spojen\u00fdch s Covid-19 a v\u00fdplat zdravotn\u00edch pojistek ze 400 na 600 milion\u016f Euro.\u201c<\/span><\/em><\/p>\n<h2><span>Kolik lid\u00ed mo\u017en\u00e1 zem\u0159e kv\u016fli vakc\u00edn\u00e1m ro\u010dn\u011b?<\/span><\/h2>\n<p><span>Poji\u0161\u0165ovny si pomalu uv\u011bdomuj\u00ed pravdu o covidov\u00fdch vakc\u00edn\u00e1ch, p\u0159i\u010dem\u017e spoluodpov\u011bdn\u00e1 m\u00e9dia hlavn\u00edho proudu se st\u00e1le sna\u017e\u00ed utajovat akceleruj\u00edc\u00ed \u00famrt\u00ed.<\/span><\/p>\n<p><span>Prvn\u00ed sign\u00e1ly nazna\u010duj\u00edc\u00ed vym\u00edr\u00e1n\u00ed, kter\u00e9 poch\u00e1zej\u00ed pr\u00e1v\u011b od finan\u010dn\u00edch instituc\u00ed a \u017eivotn\u00edch poji\u0161\u0165oven, nelze jen tak snadno zam\u00e9st pod koberec.<\/span><\/p>\n<p><span>Zde se nask\u00fdt\u00fd ot\u00e1zka:<\/span><\/p>\n<p><em><span>Pokud ve t\u0159et\u00edm kvart\u00e1lu roku 2021 do\u0161lo k 258% n\u00e1r\u016fstu v\u00fdplat \u017eivotn\u00edch pojistek, o kolik hor\u0161\u00ed to bude ve \u010dtvrt\u00e9m kvart\u00e1lu roku 2021 nebo v prvn\u00edm kvart\u00e1lu roku 2022?<\/span><\/em><\/p>\n<p><span>V \u201enorm\u00e1ln\u00ed\u201c p\u0159edcovidov\u00fd den v Americe zem\u0159elo denn\u011b kolem 7700 lid\u00ed.\u00a0Pokud \u00famrt\u00ed narostou o 100%, to znamen\u00e1, \u017ee ka\u017ed\u00fd den zem\u0159e extra 7700 lid\u00ed.\u00a0Vyn\u00e1sobme to 365 a dostaneme extra 2,8 milionu \u00famrt\u00ed ro\u010dn\u011b!\u00a0A to jsme po\u010d\u00edtali jen se 100% n\u00e1r\u016fstem, ne 258%.<\/span><\/p>\n<p><span>V p\u0159epo\u010dtu na Slovensko by to bylo 150 \u00famrt\u00ed denn\u011b x 365 = extra 54 750 \u00famrt\u00ed ro\u010dn\u011b.<\/span><\/p>\n<p><span>Firma Aegon hl\u00e1s\u00ed 258% n\u00e1r\u016fst v\u00fdplat \u017eivotn\u00edch pojistek.\u00a0P\u0159esto\u017ee nepoji\u0161\u0165uj\u00ed celou zemi, jde o d\u016fle\u017eit\u00fd \u00fadaj, kter\u00fd by m\u011bl u pozorn\u00fdch lid\u00ed spustit alarm.<\/span><\/p>\n<p><span>Pokud bychom konzistentn\u011b zaznamen\u00e1vali o 200% zv\u00fd\u0161en\u00e1 \u00famrt\u00ed, co\u017e p\u0159edstavuje v USA 15000 lid\u00ed denn\u011b (300 na Slovensku), tak by bez pochyb \u0161lo o\u00a0\u00a0<\/span><strong><span>vakcina\u010dn\u00ed holocaust\u00a0<\/span><\/strong><span>\u00a0odehr\u00e1vaj\u00edc\u00ed se p\u0159\u00edmo p\u0159ed na\u0161ima o\u010dima!<\/span><\/p>\n<p><span>Je dost mo\u017en\u00e9, \u017ee se nach\u00e1z\u00edme pr\u00e1v\u011b v tomto bod\u011b.\u00a0Aktu\u00e1ln\u00ed statistiky \u00famrt\u00ed zat\u00edm nedostihly realitu toho, co se odehr\u00e1v\u00e1 v \u00fanoru 2022. M\u00edry rakoviny se v roce 2021 t\u00e9m\u011b\u0159 jist\u011b zdvojn\u00e1sobily a v roce 2022 se o\u010dek\u00e1vaj\u00ed je\u0161t\u011b v\u00fd\u0161e.<\/span><\/p>\n<p><span>Rakovinov\u00fd pr\u016fmysl, kter\u00fd je sou\u010d\u00e1st\u00ed farmaceutick\u00e9ho pr\u016fmyslu, se samoz\u0159ejm\u011b bude sna\u017eit tyto informace ututlat tak dlouho, jak jen to bude mo\u017en\u00e9.<\/span><\/p>\n<p><span>Necht\u011bj\u00ed toti\u017e, aby se lid\u00e9 za\u010dali pt\u00e1t, pro\u010d najednou tak mnoho lid\u00ed um\u00edr\u00e1 na rakovinu, kter\u00e1 je jedn\u00edm z dlouhodob\u00fdch vedlej\u0161\u00edch \u00fa\u010dink\u016f covidov\u00fdch vakc\u00edn.\u00a0Psali jsme o tom iv\u00a0\u00a0<\/span><a href=\"https:\/\/www.badatel.net\/lekar-z-idaha-hlasi-u-ockovanych-na-covid-20-nasobny-narast-rakoviny\/\"><span>\u010dl\u00e1nku o americk\u00e9m l\u00e9ka\u0159i<\/span><\/a><span>\u00a0, kter\u00fd hl\u00e1s\u00ed u o\u010dkovan\u00fdch a\u017e 20n\u00e1sobn\u00fd n\u00e1r\u016fst rakoviny.<\/span><\/p>\n<p><strong><span>Pozn\u00e1mka redakce:<\/span><\/strong><\/p>\n<p><span>Ned\u00e1vno jsme tak\u00e9 p\u0159inesli\u00a0<\/span><a href=\"https:\/\/www.badatel.net\/francuzsky-sud-rozhodol-ze-umrtie-na-covidovu-vakcinu-je-samovrazdou\/\"><span>\u010dl\u00e1nek<\/span><\/a><span>\u00a0o tom, jak francouzsk\u00fd soud prohl\u00e1sil \u00famrt\u00ed po covidov\u011b vakc\u00edn\u011b za sebevra\u017edu.\u00a0Stalo se tak v r\u00e1mci sporu mezi poz\u016fstal\u00fdmi poji\u0161t\u011bnce a \u017eivotn\u00ed poji\u0161\u0165ovnou, kdy\u017e se soud postavil na stranu poji\u0161\u0165ovny, kter\u00e1 odm\u00edtla vyplatit \u017eivotn\u00ed pojistku.<\/span><\/p>\n<p><span>V dan\u00e9m p\u0159\u00edpad\u011b poji\u0161\u0165ovna pojistku odm\u00edtla vyplatit, proto\u017ee l\u00e9ka\u0159i jako p\u0159\u00ed\u010dinu \u00famrt\u00ed v \u00famrtn\u00edm listu p\u0159\u00edmo uvedli o\u010dkov\u00e1n\u00ed experiment\u00e1ln\u00ed vakc\u00ednou proti Covid-19.<\/span><\/p>\n<p><span>Zv\u00fd\u0161en\u00e9 v\u00fdplaty pojistek v aktu\u00e1ln\u00edm \u010dl\u00e1nku se t\u00fdkaj\u00ed t\u011bch p\u0159\u00edpad\u016f \u00famrt\u00ed, kter\u00e9 sice souvis\u00ed s o\u010dkov\u00e1n\u00edm, ale tento souvisel nebyl ofici\u00e1ln\u011b l\u00e9ka\u0159i potvrzen v \u00famrtn\u00edm listu, a tedy poji\u0161\u0165ovny se v\u00fdplat\u011b pojistky nedok\u00e1\u017eou vyhnout.<\/span><\/p>\n<h2><span>Vakc\u00ednov\u00fd holocaust je re\u00e1ln\u00fd a zrychluje\u2026 miliony (mo\u017en\u00e1 miliardy) na cel\u00e9m sv\u011bt\u011b zem\u0159ou<\/span><\/h2>\n<p><span>Moment\u00e1ln\u011b neza\u017e\u00edv\u00e1me jen vakc\u00ednov\u00fd holocaust, ale tak\u00e9 holocaust, kter\u00fd je utajov\u00e1n spolupachateli, mezi kter\u00e9 pat\u0159\u00ed farmaceutick\u00fd pr\u016fmysl, technologick\u00ed giganti, m\u00e9dia hlavn\u00edho proudu a sv\u011btov\u00e9 vl\u00e1dy.\u00a0V\u0161ichni v tom jdou spolu!<\/span><\/p>\n<p><span>Jsou to masov\u00ed vrazi a v\u0161ichni spole\u010dn\u011b pracuj\u00ed na tom, aby tento zlo\u010din utajili tak dlouho, jak jen to bude mo\u017en\u00e9.\u00a0Cht\u011bj\u00ed toti\u017e p\u0159im\u011bt je\u0161t\u011b v\u00edce lid\u00ed sp\u00e1chat\u00a0<\/span><a href=\"https:\/\/www.badatel.net\/vaxivrazda-ako-globalisti-presvedcili-miliardy-ludi-aby-sa-dali-dobrovolne-vyhubit\/\"><span>vakc\u00ednovou sebevra\u017edu<\/span><\/a><span>\u00a0, ne\u017e se po\u010dty mrtv\u00fdch stanou nep\u0159ehl\u00e9dnuteln\u00e9.<\/span><\/p>\n<p><span>Toto je m\u00edra \u010f\u00e1belsk\u00e9ho zlo\u010dinu, se kter\u00fdm m\u00e1me nyn\u00ed co do \u010din\u011bn\u00ed, a kter\u00fd se d\u011bje pod hlavi\u010dkou \u201ev\u011bdy\u201c.<\/span><\/p>\n<p><span>Pod touto z\u00e1st\u011brkou kultu fale\u0161n\u00e9 \u201ev\u011bdy\u201c m\u00e1 cel\u00fd sv\u011bt p\u0159edst\u00edrat, \u017ee covidov\u00fdm vakc\u00edn\u00e1m vd\u011b\u010d\u00edme za zastaven\u00ed \u0161\u00ed\u0159en\u00ed infekce, jej\u00edmu p\u0159enosu a hospitalizac\u00edm, zat\u00edmco se d\u00edv\u00e1me jin\u00fdm sm\u011brem, zat\u00edmco mnoz\u00ed o\u010dkovan\u00ed p\u0159ed\u010dasn\u011b um\u00edraj\u00ed.<\/span><\/p>\n<p><span>Izrael s 96,2% m\u00edrou proo\u010dkovanosti (mezi zp\u016fsobilou populac\u00ed, tedy mimo mal\u00e9 d\u011bti) je moment\u00e1ln\u011b sv\u011btov\u00fdm l\u00eddrem v po\u010dtu nov\u00fdch p\u0159\u00edpad\u016f covidu na po\u010det obyvatel.\u00a0Toto je d\u016fkaz, \u017ee vakc\u00edny maj\u00ed p\u0159esn\u011b opa\u010dn\u00fd efekt, ne\u017e ten, kter\u00fd n\u00e1m byl slibov\u00e1n jm\u00e9nem \u201ev\u011bdy\u201c.<\/span><\/p>\n<h2><span>Z\u00e1v\u011br<\/span><\/h2>\n<p><span>V podstat\u011b, \u010d\u00edm je zem\u011b o\u010dkovan\u011bj\u0161\u00ed, t\u00edm m\u00e1 v\u00edce p\u0159\u00edpad\u016f covidu.\u00a0Je to proto, \u017ee ve skute\u010dnosti\u00a0\u00a0<\/span><strong><span>vakc\u00edna je pandemie<\/span><\/strong><span>\u00a0.<\/span><\/p>\n<p><span>Bez vakc\u00edn produkuj\u00edc\u00edch v t\u011ble toxick\u00fd hrotov\u00fd protein po\u0161kozuj\u00edc\u00ed org\u00e1ny a zp\u016fsobuj\u00edc\u00ed smrt by u\u017e bylo d\u00e1vno po pandemii.<\/span><\/p>\n<p><span>Tak\u00e9 nen\u00ed v\u016fbec \u017e\u00e1dn\u00e1 n\u00e1hoda, \u017ee vra\u017eedn\u00fd medic\u00ednsk\u00fd establi\u0161ment, podplacen\u00fd vl\u00e1dou a farma firmami za \u00fa\u010delem zab\u00edjen\u00ed lid\u00ed, \u010dasto ozna\u010duje p\u0159\u00edznaky po\u0161kozen\u00ed vakc\u00ednou jako \u201ecovid\u201c.<\/span><\/p>\n<p><span>Autor: Mike Adams, Zdroj:\u00a0<\/span><a href=\"https:\/\/www.naturalnews.com\/2022-02-01-die-off-is-here-life-insurance-payouts-skyrocket-258-as-post-vaccine-deaths-accelerate.html\" target=\"_blank\" rel=\"noopener\"><span>naturalnews.com<\/span><\/a><span>\u00a0, Zpracoval: Badatel.net<\/span><\/p>\n<p>&nbsp;<\/p>\n","protected":false},"excerpt":{"rendered":"<p>Ned\u00e1vno spat\u0159ila sv\u011btlo sv\u011bta jedna m\u00e1lo zn\u00e1m\u00e1 zpr\u00e1va agentury Reuters, kterou si t\u00e9m\u011b\u0159 \u017e\u00e1dn\u00e1 v\u00fdznamn\u011bj\u0161\u00ed&#8230;<\/p>\n","protected":false},"author":2,"featured_media":4447,"comment_status":"closed","ping_status":"closed","sticky":false,"template":"","format":"standard","meta":[],"categories":[7],"tags":[23,1923,523],"_links":{"self":[{"href":"https:\/\/www.infokuryr.cz\/n\/wp-json\/wp\/v2\/posts\/8491"}],"collection":[{"href":"https:\/\/www.infokuryr.cz\/n\/wp-json\/wp\/v2\/posts"}],"about":[{"href":"https:\/\/www.infokuryr.cz\/n\/wp-json\/wp\/v2\/types\/post"}],"author":[{"embeddable":true,"href":"https:\/\/www.infokuryr.cz\/n\/wp-json\/wp\/v2\/users\/2"}],"replies":[{"embeddable":true,"href":"https:\/\/www.infokuryr.cz\/n\/wp-json\/wp\/v2\/comments?post=8491"}],"version-history":[{"count":0,"href":"https:\/\/www.infokuryr.cz\/n\/wp-json\/wp\/v2\/posts\/8491\/revisions"}],"wp:featuredmedia":[{"embeddable":true,"href":"https:\/\/www.infokuryr.cz\/n\/wp-json\/wp\/v2\/media\/4447"}],"wp:attachment":[{"href":"https:\/\/www.infokuryr.cz\/n\/wp-json\/wp\/v2\/media?parent=8491"}],"wp:term":[{"taxonomy":"category","embeddable":true,"href":"https:\/\/www.infokuryr.cz\/n\/wp-json\/wp\/v2\/categories?post=8491"},{"taxonomy":"post_tag","embeddable":true,"href":"https:\/\/www.infokuryr.cz\/n\/wp-json\/wp\/v2\/tags?post=8491"}],"curies":[{"name":"wp","href":"https:\/\/api.w.org\/{rel}","templated":true}]}}