{"id":8486,"date":"2022-02-22T07:46:45","date_gmt":"2022-02-22T06:46:45","guid":{"rendered":"http:\/\/www.infokuryr.cz\/n\/?p=8486"},"modified":"2022-02-22T07:46:45","modified_gmt":"2022-02-22T06:46:45","slug":"jan-vitek-vseobsazne-lec-bezzube","status":"publish","type":"post","link":"https:\/\/www.infokuryr.cz\/n\/2022\/02\/22\/jan-vitek-vseobsazne-lec-bezzube\/","title":{"rendered":"Jan V\u00edtek: V\u0161eobsa\u017en\u00e9, le\u010d bezzub\u00e9"},"content":{"rendered":"<div id=\"fb-root\"><\/div>\n<section class=\"perex\">Rusk\u00fd president Vladimir Putin a jeho \u010d\u00ednsk\u00fd prot\u011bj\u0161ek Si \u0164in-pching vyhl\u00e1sili \u201enovou \u00e9ru\u201c v glob\u00e1ln\u00edm \u0159\u00e1du a vz\u00e1jemn\u011b podpo\u0159ili sv\u00e9 bezpe\u010dnostn\u00ed po\u017eadavky na Ukrajin\u011b a \u00fazemn\u00ed na Tchaj-wanu.<\/p>\n<p>Dva nejmocn\u011bj\u0161\u00ed autokrat\u00e9 sv\u011bta odhalili v\u0161eobsa\u017enou dlouhodobou dohodu, kter\u00e1 z\u00e1rove\u0148 zpochyb\u0148uje Spojen\u00e9 st\u00e1ty jako glob\u00e1ln\u00ed mocnost, NATO jako z\u00e1kladn\u00ed k\u00e1men mezin\u00e1rodn\u00ed bezpe\u010dnosti a liber\u00e1ln\u00ed demokracii jako model pro sv\u011bt.<\/p>\n<\/section>\n<section class=\"clanek-obsah\">\u201eP\u0159\u00e1telstv\u00ed mezi na\u0161imi dv\u011bma st\u00e1ty nem\u00e1 \u017e\u00e1dn\u00e9 hranice,\u201c uji\u0161\u0165uj\u00ed presidenti dvou atomov\u00fdch mocnost\u00ed v komunik\u00e9, kter\u00e9 bylo zve\u0159ejn\u011bno pot\u00e9, co se oba v\u016fdci setkali v p\u0159edve\u010der zimn\u00edch olympijsk\u00fdch her v Pekingu.<\/p>\n<p>Rusko a \u010c\u00edna vyz\u00fdvaj\u00ed k nav\u00e1z\u00e1n\u00ed nov\u00e9ho druhu vztah\u016f mezi sv\u011btov\u00fdmi mocnostmi na z\u00e1klad\u011b vz\u00e1jemn\u00e9ho respektu, m\u00edrov\u00e9ho sou\u017eit\u00ed a recipro\u010dn\u00ed v\u00fdhodn\u00e9 spolupr\u00e1ce. Znovu n\u00e1s uji\u0161\u0165uj\u00ed, \u017ee jejich nov\u00e9 mezist\u00e1tn\u00ed vztahy jsou lep\u0161\u00ed ne\u017e politick\u00e1 a vojensk\u00e1 spojenectv\u00ed z dob studen\u00e9 v\u00e1lky.<\/p>\n<p>P\u0159\u00e1telstv\u00ed mezi Ruskem a \u010c\u00ednou \u201ednes nezn\u00e1 mez\u00ed a neexistuj\u00ed \u017e\u00e1dn\u00e9 zak\u00e1zan\u00e9 oblasti spolupr\u00e1ce,\u201c opakuj\u00ed signat\u00e1\u0159i. Na\u0161e strategick\u00e9 partnerstv\u00ed \u201enen\u00ed nam\u00ed\u0159eno proti t\u0159et\u00edm zem\u00edm,\u201c zd\u016fraz\u0148uj\u00ed, \u201eani ovlivn\u011bno m\u011bn\u00edc\u00edm se mezin\u00e1rodn\u00edm prost\u0159ed\u00edm a zm\u011bnami okolnost\u00ed ve t\u0159et\u00edch zem\u00edch.\u201c<\/p>\n<p>Spole\u010dn\u00e9 prohl\u00e1\u0161en\u00ed je diplomatick\u00fdm po\u017eehn\u00e1n\u00edm pro Putina, nebo\u0165 Peking vyslovil sv\u016fj naprost\u00fd a z\u00e1sadn\u00ed nesouhlas s roz\u0161i\u0159ov\u00e1n\u00edm NATO a vytv\u00e1\u0159en\u00edm dal\u0161\u00edch region\u00e1ln\u00edch bezpe\u010dnostn\u00edch alianc\u00ed. Rusko na opl\u00e1tku znovu potvrdilo svou podporu pekingsk\u00e9 politice jedn\u00e9 \u010c\u00edny podle n\u00ed\u017e Tchaj-wan je nezcizitelnou sou\u010d\u00e1st\u00ed \u010c\u00edny.<\/p>\n<p>Rusko a \u010c\u00edna jsou proti pokus\u016fm vn\u011bj\u0161\u00edch sil podkopat bezpe\u010dnost a stabilitu v jejich spole\u010dn\u00fdch sousedn\u00edch regionech, proti vm\u011b\u0161ov\u00e1n\u00ed vn\u011bj\u0161\u00edch sil do vnit\u0159n\u00edch z\u00e1le\u017eitost\u00ed suver\u00e9nn\u00edch zem\u00ed pod jakoukoli z\u00e1minkou, proti barevn\u00fdm revoluc\u00edm, a naopak podporuj\u00ed m\u00edrovou spolupr\u00e1ci mezi n\u00e1rody.<\/p>\n<p>Prohl\u00e1\u0161en\u00ed m\u00e1, bohu\u017eel, vadu: Je bezzub\u00e9.<\/p>\n<p>Nen\u00ed v\u00a0n\u011bm ani zm\u00ednka o vz\u00e1jemn\u00e9 vojensk\u00e9 pomoci, kter\u00e1 by odrazovala v\u00e1le\u010dn\u00e9 dobrodruhy. Kdyby Washington v\u011bd\u011bl, \u017ee \u010d\u00edn\u0161t\u00ed voj\u00e1ci se mohou zapojit do akce na Ukrajin\u011b, v\u0161echno by se zm\u011bnilo. Tot\u00e9\u017e plat\u00ed pro Tchaj-wan.<\/p>\n<p>Ozn\u00e1men\u00ed \u010d\u00ednsko-rusk\u00e9ho vojensk\u00e9ho spojenectv\u00ed by m\u011blo p\u0159evratn\u00fd dopad na geopolitickou situaci ve sv\u011bt\u011b. Pro USA by mohlo znamenat skute\u010dn\u00e9 ohro\u017een\u00ed, na na\u0161em kontinent\u011b vyvolat roztr\u017eku mezi z\u00e1padn\u00ed \u010d\u00e1st\u00ed a n\u011bkter\u00fdmi n\u00e1rody st\u0159edn\u00ed a v\u00fdchodn\u00ed Evropy zm\u00e1men\u00fdmi manou \u010d\u00ednsk\u00fdch investic, a pro \u0159adu zb\u00edda\u010den\u00fdch zem\u00ed v\u00a0Africe, Asii a ji\u017en\u00ed Americe p\u0159edstavovat v\u00e1bni\u010dku lep\u0161\u00edch z\u00edt\u0159k\u016f.<\/p>\n<p>Nam\u00edtnete, \u017ee nem\u00e1me sebemen\u0161\u00ed potuchu, co si dva nejmocn\u011bj\u0161\u00ed mu\u017ei sv\u011bta mohou \u0159\u00edci mezi \u010dty\u0159ma o\u010dima a pak stvrd\u00ed stiskem ruky. K\u00a0tomu je\u0161t\u011b m\u016f\u017eete dodat, \u017ee v\u00a0prohl\u00e1\u0161en\u00ed se opakuje p\u0159\u00edslib partnerstv\u00ed bez hranic, jeho\u017e ned\u00edlnou sou\u010d\u00e1st\u00ed se implicitn\u011b rozum\u00ed bratrstv\u00ed ve zbrani.<\/p>\n<p>To je sice pravda, jen\u017ee historick\u00e1 zku\u0161enost u\u010d\u00ed, \u017ee v\u00a0zahrani\u010dn\u00ed politice st\u00e1le plat\u00ed star\u00e1 pr\u00e1vn\u00ed z\u00e1sada litera scripta manet, co je ps\u00e1no, to je d\u00e1no. Putin by si m\u011bl uv\u011bdomit, \u017ee dnes vlastn\u011b skl\u00edz\u00ed, co Gorba\u010dov z\u00a0nedostatku politick\u00e9 p\u0159edv\u00eddavosti nebo p\u0159\u00edli\u0161n\u00e9 d\u016fv\u011b\u0159ivosti zasel.<\/p>\n<p>Trp\u011blivost \u010di pasivita Kremlu a jeho snaha spol\u00e9hat se na dohody s USA a EU p\u0159i \u0159e\u0161en\u00ed ukrajinsk\u00e9 situace p\u0159esv\u011bd\u010dily Washington a ministra NATO Jense Stoltenberga, \u017ee Rusko bojovat nechce. Washington n\u00e1sledn\u011b dosp\u011bl k\u00a0nebezpe\u010dn\u00e9mu z\u00e1v\u011bru, \u017ee Putinovy \u010derven\u00e9 linie jsou pouhou r\u00e9torikou a \u017ee v\u0161echny opce jsou na stole. P\u0159itom nen\u00ed vylou\u010deno, \u017ee hlavy rozp\u00e1len\u00e9 v\u00e1le\u010dnou hore\u010dkou mohla v\u00a0rusko-\u010d\u00ednsk\u00e9m prohl\u00e1\u0161en\u00ed schladit jedna v\u011bta.<\/p>\n<p>Pro odleh\u010den\u00ed, ale abychom z\u016fstali v\u00a0n\u00e1m\u011btu, p\u0159ipome\u0148me st\u00e1le platn\u00fd v\u00fdrok Marka Twaina: \u201eHistorie se neopakuje, ale r\u00fdmuje.\u201c<\/p>\n<p>Jan V\u00edtek<\/p>\n<p>&nbsp;<\/p>\n<\/section>\n","protected":false},"excerpt":{"rendered":"<p>Rusk\u00fd president Vladimir Putin a jeho \u010d\u00ednsk\u00fd prot\u011bj\u0161ek Si \u0164in-pching vyhl\u00e1sili \u201enovou \u00e9ru\u201c v glob\u00e1ln\u00edm&#8230;<\/p>\n","protected":false},"author":2,"featured_media":2910,"comment_status":"closed","ping_status":"closed","sticky":false,"template":"","format":"standard","meta":[],"categories":[6],"tags":[30,29,22],"_links":{"self":[{"href":"https:\/\/www.infokuryr.cz\/n\/wp-json\/wp\/v2\/posts\/8486"}],"collection":[{"href":"https:\/\/www.infokuryr.cz\/n\/wp-json\/wp\/v2\/posts"}],"about":[{"href":"https:\/\/www.infokuryr.cz\/n\/wp-json\/wp\/v2\/types\/post"}],"author":[{"embeddable":true,"href":"https:\/\/www.infokuryr.cz\/n\/wp-json\/wp\/v2\/users\/2"}],"replies":[{"embeddable":true,"href":"https:\/\/www.infokuryr.cz\/n\/wp-json\/wp\/v2\/comments?post=8486"}],"version-history":[{"count":0,"href":"https:\/\/www.infokuryr.cz\/n\/wp-json\/wp\/v2\/posts\/8486\/revisions"}],"wp:featuredmedia":[{"embeddable":true,"href":"https:\/\/www.infokuryr.cz\/n\/wp-json\/wp\/v2\/media\/2910"}],"wp:attachment":[{"href":"https:\/\/www.infokuryr.cz\/n\/wp-json\/wp\/v2\/media?parent=8486"}],"wp:term":[{"taxonomy":"category","embeddable":true,"href":"https:\/\/www.infokuryr.cz\/n\/wp-json\/wp\/v2\/categories?post=8486"},{"taxonomy":"post_tag","embeddable":true,"href":"https:\/\/www.infokuryr.cz\/n\/wp-json\/wp\/v2\/tags?post=8486"}],"curies":[{"name":"wp","href":"https:\/\/api.w.org\/{rel}","templated":true}]}}