{"id":84851,"date":"2025-08-03T00:13:49","date_gmt":"2025-08-02T22:13:49","guid":{"rendered":"https:\/\/www.infokuryr.cz\/n\/?p=84851"},"modified":"2025-08-02T16:28:50","modified_gmt":"2025-08-02T14:28:50","slug":"erik-best-uznani-palestiny","status":"publish","type":"post","link":"https:\/\/www.infokuryr.cz\/n\/2025\/08\/03\/erik-best-uznani-palestiny\/","title":{"rendered":"Erik Best: Uzn\u00e1n\u00ed Palestiny"},"content":{"rendered":"<div id=\"fb-root\"><\/div>\n<p>Fialova vl\u00e1da byla u\u017eite\u010dn\u00fdm geopolitick\u00fdm n\u00e1strojem Bidenovy administrativy, zejm\u00e9na pokud jde o\u00a0Ukrajinu, ale od zvolen\u00ed Donalda Trumpa jaksi nev\u00ed kudy kam.<\/p>\n<p>Premi\u00e9r Petr Fiala dokonce letos v\u00a0b\u0159eznu vyzval Francii a\u00a0Velkou Brit\u00e1nii, aby se v\u00edce anga\u017eovaly a\u00a0hr\u00e1ly\u00a0<a href=\"https:\/\/www.ft.com\/content\/a5c29c7c-4fb0-471a-8b75-89e9625dcd27\" target=\"_blank\" rel=\"noopener\">v\u00a0glob\u00e1ln\u00edch z\u00e1le\u017eitostech v\u011bt\u0161\u00ed roli<\/a>. V\u00a0ot\u00e1zce Gazy a\u00a0Izraele se v\u0161ak nyn\u00ed Fialova vl\u00e1da st\u00e1le v\u00edce p\u0159ikl\u00e1n\u00ed na stranu USA. Francie i\u00a0Velk\u00e1 Brit\u00e1nie hodlaj\u00ed uznat Palestinu jako st\u00e1t v\u00a0z\u00e1\u0159\u00ed (v\u00a0p\u0159\u00edpad\u011b Brit\u00e1nie, pokud nedojde k\u00a0p\u0159\u00edm\u011b\u0159\u00ed). \u201ePl\u00e1nuje i\u00a0\u010cesko v\u00a0z\u00e1\u0159\u00ed uznat Palestinu jako samostatn\u00fd st\u00e1t?\u201c zeptala se v\u010dera ve\u010der moder\u00e1torka \u010cesk\u00e9 televize Jana Peroutkov\u00e1 (<a href=\"https:\/\/www.ceskatelevize.cz\/porady\/1096898594-udalosti-komentare\/225411000370729\/\" target=\"_blank\" rel=\"noopener\">v 37. minut\u011b<\/a>).<\/p>\n<p>\u201eRozhodn\u011b ne,\u201c odpov\u011bd\u011bl Petr Hlad\u00edk, vedouc\u00ed odboru Bl\u00edzk\u00e9ho v\u00fdchodu a\u00a0severn\u00ed Afriky na ministerstvu zahrani\u010d\u00ed. Co jin\u00e9ho mohl \u0159\u00edct? \u010cesk\u00e1 republika u\u017e m\u00e1 v\u00a0Praze\u00a0<a href=\"https:\/\/www.fsfinalword.cz\/?page=archive&amp;show=1&amp;day=2024-5-28\" target=\"_blank\" rel=\"noopener\">palestinsk\u00e9ho velvyslance<\/a>\u00a0i\u00a0<a href=\"https:\/\/www.palestine.cz\/cz\/kontakty\" target=\"_blank\" rel=\"noopener\">velvyslanectv\u00ed<\/a>, jen to\u00a0<a href=\"https:\/\/mzv.gov.cz\/jnp\/cz\/zahranicni_vztahy\/vyrocni_zpravy_a_dokumenty\/poskytnute_informace\/postoj_cssr_csfr_a_cr_k_oop_a.html\" target=\"_blank\" rel=\"noopener\">m\u00e1lokdy p\u0159izn\u00e1v\u00e1<\/a>. K\u00a0velk\u00e9mu posunu v\u00a0bl\u00edzkov\u00fdchodn\u00ed politice \u010cesk\u00e9 republiky dojde a\u017e tehdy, kdy se rozhodne uznat, s\u00a0Trumpem nebo bez Trumpa, \u017ee Palestinu uzn\u00e1v\u00e1.<\/p>\n<p><a href=\"https:\/\/www.fsfinalword.cz\/?page=archive&amp;day=2025-07-30\">Erik Best<\/a><\/p>\n<p><img decoding=\"async\" loading=\"lazy\" class=\"alignnone  wp-image-1179\" src=\"http:\/\/www.infokuryr.cz\/n\/wp-content\/uploads\/2021\/04\/erik-best.jpg\" alt=\"\" width=\"127\" height=\"143\" \/><\/p>\n<p>&nbsp;<\/p>\n","protected":false},"excerpt":{"rendered":"<p>Fialova vl\u00e1da byla u\u017eite\u010dn\u00fdm geopolitick\u00fdm n\u00e1strojem Bidenovy administrativy, zejm\u00e9na pokud jde o\u00a0Ukrajinu, ale od zvolen\u00ed&#8230;<\/p>\n","protected":false},"author":2,"featured_media":80561,"comment_status":"closed","ping_status":"closed","sticky":false,"template":"","format":"standard","meta":[],"categories":[6],"tags":[1503,312,535,99],"_links":{"self":[{"href":"https:\/\/www.infokuryr.cz\/n\/wp-json\/wp\/v2\/posts\/84851"}],"collection":[{"href":"https:\/\/www.infokuryr.cz\/n\/wp-json\/wp\/v2\/posts"}],"about":[{"href":"https:\/\/www.infokuryr.cz\/n\/wp-json\/wp\/v2\/types\/post"}],"author":[{"embeddable":true,"href":"https:\/\/www.infokuryr.cz\/n\/wp-json\/wp\/v2\/users\/2"}],"replies":[{"embeddable":true,"href":"https:\/\/www.infokuryr.cz\/n\/wp-json\/wp\/v2\/comments?post=84851"}],"version-history":[{"count":0,"href":"https:\/\/www.infokuryr.cz\/n\/wp-json\/wp\/v2\/posts\/84851\/revisions"}],"wp:featuredmedia":[{"embeddable":true,"href":"https:\/\/www.infokuryr.cz\/n\/wp-json\/wp\/v2\/media\/80561"}],"wp:attachment":[{"href":"https:\/\/www.infokuryr.cz\/n\/wp-json\/wp\/v2\/media?parent=84851"}],"wp:term":[{"taxonomy":"category","embeddable":true,"href":"https:\/\/www.infokuryr.cz\/n\/wp-json\/wp\/v2\/categories?post=84851"},{"taxonomy":"post_tag","embeddable":true,"href":"https:\/\/www.infokuryr.cz\/n\/wp-json\/wp\/v2\/tags?post=84851"}],"curies":[{"name":"wp","href":"https:\/\/api.w.org\/{rel}","templated":true}]}}