{"id":84837,"date":"2025-08-03T00:22:16","date_gmt":"2025-08-02T22:22:16","guid":{"rendered":"https:\/\/www.infokuryr.cz\/n\/?p=84837"},"modified":"2025-08-02T15:36:40","modified_gmt":"2025-08-02T13:36:40","slug":"usa-a-evropa-hraji-hry-s-palestinskym-statem-zatimco-izrael-vyhladovi-gazu","status":"publish","type":"post","link":"https:\/\/www.infokuryr.cz\/n\/2025\/08\/03\/usa-a-evropa-hraji-hry-s-palestinskym-statem-zatimco-izrael-vyhladovi-gazu\/","title":{"rendered":"USA a Evropa hraj\u00ed hry s palestinsk\u00fdm st\u00e1tem, zat\u00edmco Izrael vyhladov\u00ed Gazu"},"content":{"rendered":"<div id=\"fb-root\"><\/div>\n<p><strong>Uzn\u00e1n\u00ed palestinsk\u00e9ho st\u00e1tu Franci\u00ed, Velkou Brit\u00e1ni\u00ed a Kanadou by jednoho dne mohlo m\u00edt v\u00fdznam. Ale jako obvykle se Palestinc\u016fm nyn\u00ed nedostane \u017e\u00e1dn\u00e9 okam\u017eit\u00e9 pomoci od Evropy, nato\u017e od Severn\u00ed Ameriky, aby zastavili genocidu v Gaze.\u00a0<\/strong><\/p>\n<p><span>St\u00e1t Palestina je uzn\u00e1v\u00e1n 147 ze 193 \u010dlensk\u00fdch st\u00e1t\u016f OSN. Prohl\u00e1\u0161en\u00ed n\u011bkolika z\u00e1padn\u00edch zem\u00ed o uzn\u00e1n\u00ed Palestiny v\u0161ak vyvolalo hysterii, jako by se jednalo o novou my\u0161lenku.<\/span><\/p>\n<p><span>Francouzsk\u00fd prezident Emmanuel Macron minul\u00fd t\u00fdden\u00a0<\/span><a href=\"https:\/\/apnews.com\/article\/france-recognize-palestine-state-macron-800ed63143f0653a7f215ad96f7038d3\"><span>ozn\u00e1mil sv\u016fj z\u00e1m\u011br<\/span><\/a><span>\u00a0uznat Palestinu. Pot\u00e9 n\u00e1sledovala hrozba britsk\u00e9ho\u00a0<\/span><a href=\"https:\/\/www.axios.com\/2025\/07\/29\/uk-recognize-palestine-un-general-assembly\"><span>premi\u00e9ra Keira Starmera<\/span><\/a><span>\u00a0. Macronovo prohl\u00e1\u0161en\u00ed i Starmerova hrozba vyvolaly hysterickou reakci izraelsk\u00fdch v\u016fdc\u016f, v\u010detn\u011b premi\u00e9ra Benjamina Netanjahua, kter\u00fd\u00a0Starmera i Macrona\u00a0<\/span><a href=\"https:\/\/www.aa.com.tr\/en\/middle-east\/israel-outraged-over-macron-s-decision-to-recognize-palestinian-state\/3641470\"><span>obvinil z \u201e\u00a0<\/span><\/a><a href=\"https:\/\/www.politico.eu\/article\/israel-benjamin-netanyahu-uk-keir-starmer-palestinian-statehood-war-in-gaza-hamas\/\"><span>odm\u011b\u0148ov\u00e1n\u00ed terorismu<\/span><\/a><span>\u00a0\u201c.<\/span><\/p>\n<p><span>Kanada ve st\u0159edu n\u00e1sledovala tento p\u0159\u00edklad a prohl\u00e1sila, \u017ee uzn\u00e1 Palestinu, proto\u017ee\u00a0<\/span><a href=\"https:\/\/www.reuters.com\/world\/middle-east\/canada-plans-recognize-palestinian-state-raising-allies-pressure-israel-2025-07-30\/\"><span>podle jejich premi\u00e9ra Marka Carneyho<\/span><\/a><span> \u201ese n\u00e1m vyhl\u00eddka na palestinsk\u00fd st\u00e1t doslova p\u0159ed o\u010dima vzdaluje\u201c.<\/span><\/p>\n<p><span>Co si m\u00e1me myslet o t\u011bchto prohl\u00e1\u0161en\u00edch o sl\u00edben\u00e9m uzn\u00e1n\u00ed? Budou m\u00edt n\u011bjak\u00fd dopad na chov\u00e1n\u00ed Izraele?<\/span><\/p>\n<h2 class=\"wp-block-heading\"><strong><span>Politick\u00e9 divadlo, ale ne \u00fapln\u011b pr\u00e1zdn\u00e9<\/span><\/strong><\/h2>\n<p><span>Uzn\u00e1n\u00ed ze strany Kanady, Francie a Velk\u00e9 Brit\u00e1nie nep\u0159inese \u017e\u00e1dnou okam\u017eitou zm\u011bnu v izraelsk\u00e9 politice hladov\u011bn\u00ed a genocidy v Gaze. V\u0161echny t\u0159i zem\u011b budou, jak se zd\u00e1, i po uzn\u00e1n\u00ed pokra\u010dovat v obchodov\u00e1n\u00ed s Izraelem, v\u010detn\u011b obchodov\u00e1n\u00ed se zbran\u011bmi.<\/span><\/p>\n<p><span>I tomu nejzapjat\u011bj\u0161\u00edmu zast\u00e1nci usm\u00ed\u0159en\u00ed Izraele je nyn\u00ed jasn\u00e9, \u017ee nic jin\u00e9ho ne\u017e bojkoty a sankce, kter\u00e9 prosazuje hnut\u00ed BDS po cel\u00e9m sv\u011bt\u011b, izraelskou politiku nezm\u011bn\u00ed. Je neuv\u011b\u0159iteln\u00e9, \u017ee to Macron, Carney a Starmer nev\u011bd\u00ed.\u00a0<\/span><\/p>\n<p><span>Tato prohl\u00e1\u0161en\u00ed maj\u00ed uklidnit kritiky francouzsk\u00e9, kanadsk\u00e9 a britsk\u00e9 politiky, ani\u017e by bylo nutn\u00e9 podniknout drasti\u010dt\u011bj\u0161\u00ed a nepochybn\u011b slo\u017eit\u011bj\u0161\u00ed kroky, kter\u00e9 by skute\u010dn\u011b ovlivnily Netanjahuovu vl\u00e1du.\u00a0<\/span><\/p>\n<p><span>To ale neznamen\u00e1, \u017ee uzn\u00e1n\u00ed je zcela bezv\u00fdznamn\u00fd \u010din. Zdaleka to nen\u00ed takov\u00fd dopad, jak by si \u010dlov\u011bk myslel, vzhledem k pronikav\u00e9mu izraelsk\u00e9mu n\u00e1\u0159ku nad n\u00edm, ale z dlouhodob\u00e9ho hlediska to n\u011bco znamen\u00e1.\u00a0<\/span><\/p>\n<p><span>Uzn\u00e1n\u00ed ze strany Francie a Velk\u00e9 Brit\u00e1nie by znamenalo, \u017ee Spojen\u00e9 st\u00e1ty by byly jedin\u00fdm st\u00e1l\u00fdm \u010dlenem Rady bezpe\u010dnosti OSN, kter\u00fd neuzn\u00e1v\u00e1 Palestinu, stejn\u011b jako Rusko a \u010c\u00edna uznaly Palestinu v roce 1988. Kanada je nejbli\u017e\u0161\u00edm sousedem USA a jej\u00ed rozhodnut\u00ed bude m\u00edt dopad i na jih od jej\u00edch hranic.\u00a0<\/span><\/p>\n<p><span>To dod\u00e1 Palestin\u011b a jej\u00edm zast\u00e1nc\u016fm v\u011bt\u0161\u00ed v\u00e1hu ve snaze p\u0159im\u011bt Spojen\u00e9 st\u00e1ty, jedinou zemi, na kter\u00e9 Izraeli z\u00e1le\u017e\u00ed, aby tak\u00e9 uznaly Palestinu. To se m\u016f\u017ee zd\u00e1t nep\u0159edstaviteln\u00e9, ale\u00a0<\/span><a href=\"https:\/\/news.gallup.com\/poll\/692948\/u.s.-back-israel-military-action-gaza-new-low.aspx\"><span>m\u011bn\u00edc\u00ed se pohled ve\u0159ejnosti na Izrael<\/span><\/a><span>\u00a0v USA znamen\u00e1, \u017ee budouc\u00ed administrativa by se mohla ub\u00edrat spr\u00e1vn\u00fdm sm\u011brem.<\/span><\/p>\n<p><span>Uzn\u00e1n\u00ed tak\u00e9 povzbud\u00ed s\u00edly v Kanad\u011b, Velk\u00e9 Brit\u00e1nii, Francii a zbytku Evropy, aby v\u00edce prosazovaly zm\u011bny politiky. V ur\u010dit\u00e9m okam\u017eiku nebudou moci evrop\u0161t\u00ed, kanad\u0161t\u00ed a dokonce i ameri\u010dt\u00ed v\u016fdci ignorovat tak drtivou opozici v\u016f\u010di podpo\u0159e genocidn\u00ed etnokracie apartheidu. Ve skute\u010dnosti vid\u00edme bezprecedentn\u00ed ve\u0159ejnou touhu po zm\u011bn\u011b. Rychle roste, a to i mezi n\u011bkter\u00fdmi pravicov\u00fdmi skupinami, a za\u010d\u00edn\u00e1 m\u00edt \u00fa\u010dinky.<\/span><\/p>\n<p><span>Macronova, Carneyho a Starmerova prohl\u00e1\u0161en\u00ed nejsou identick\u00e1. Mus\u00edme se na ka\u017ed\u00e9 z nich pod\u00edvat zvl\u00e1\u0161\u0165 a zv\u00e1\u017eit v\u00fdznamnou roli, kterou v tom v\u0161em hraje re\u017eim Donalda Trumpa.<\/span><\/p>\n<h2 class=\"wp-block-heading\"><strong><span>Spojen\u00e9 kr\u00e1lovstv\u00ed<\/span><\/strong><\/h2>\n<p><span>Starmerovo pou\u017eit\u00ed uzn\u00e1n\u00ed Palestiny jako kladiva nad hlavou Izraele p\u0159evrac\u00ed realitu naruby. Z\u00e1rove\u0148 se to vymyk\u00e1 jak\u00e9koli logice. Starmer Palestinc\u016fm \u0159\u00edk\u00e1, \u017ee uzn\u00e1 jejich pr\u00e1vo na st\u00e1t, pokud st\u00e1t, kter\u00fd v sou\u010dasn\u00e9 dob\u011b vyhladov\u00ed jejich d\u011bti k smrti, jen trochu nepolev\u00ed, v takov\u00e9m p\u0159\u00edpad\u011b to neud\u011bl\u00e1. Palestinci si tedy podle Starmera zaslou\u017e\u00ed st\u00e1t, jen pokud jsou mrtv\u00ed.\u00a0<\/span><\/p>\n<p><span>Bu\u010f maj\u00ed Palestinci n\u00e1rok na vlastn\u00ed st\u00e1t, nebo ne. Pokud ano, pak by m\u011bl b\u00fdt uzn\u00e1n bez ohledu na to, co Izrael ud\u011bl\u00e1. Pokud na n\u011bj nemaj\u00ed n\u00e1rok, pak by k uzn\u00e1n\u00ed nedo\u0161lo. Ale my\u0161lenka, \u017ee uzn\u00e1n\u00ed lze pou\u017e\u00edt jako p\u00e1ku proti genocidn\u00edmu st\u00e1tu, je sama o sob\u011b obsc\u00e9nn\u00ed. Pr\u00e1va nejsou vyjedn\u00e1vac\u00edmi argumenty.<\/span><\/p>\n<p><span>Nem\u00e1 logiku pou\u017e\u00edvat uzn\u00e1n\u00ed jako obu\u0161ek, pokud je \u0159e\u0161en\u00ed \u00fatlaku a vyvlast\u0148ov\u00e1n\u00ed Palestinc\u016f a ukon\u010den\u00ed n\u00e1sil\u00ed skute\u010dn\u00fdm c\u00edlem diplomacie. Starmer uk\u00e1zal, \u017ee to nen\u00ed c\u00edlem britsk\u00e9 diplomacie.<\/span><\/p>\n<h2 class=\"wp-block-heading\"><strong><span>Francie\u00a0<\/span><\/strong><\/h2>\n<p><span>Macron ud\u011blal n\u011bco jin\u00e9ho, ale t\u00e9m\u011b\u0159 stejn\u011b kluzk\u00e9ho.<\/span><\/p>\n<p><span>Palestina je ve Francii ji\u017e dlouhou dobu v\u00fdznamn\u00fdm zdrojem nap\u011bt\u00ed a genocida situaci zjevn\u011b zhor\u0161ila. Macron, kter\u00fd necht\u011bl podniknout smyslupln\u00fd krok v podob\u011b sankc\u00ed nebo bojkotu Izraele, tak u\u010dinil.<\/span><\/p>\n<p><span>Nebyl to u\u017eite\u010dn\u00fd krok, ale kritika jeho rozhodnut\u00ed v tomto bod\u011b mus\u00ed vz\u00edt v \u00favahu, \u017ee bude je\u0161t\u011b hor\u0161\u00ed, pokud znovu ustoup\u00ed. Poka\u017ed\u00e9, kdy\u017e st\u00e1t \u0159ekne, \u017ee zaujme postoj, by\u0165 jen praktick\u00fd, proti izraelsk\u00fdm zlo\u010din\u016fm, ale ustoup\u00ed tv\u00e1\u0159\u00ed v tv\u00e1\u0159 izraelsk\u00e9mu k\u0148u\u010den\u00ed a potenci\u00e1ln\u00edm d\u016fsledk\u016fm ze strany Washingtonu, zvy\u0161uje to dom\u00e1c\u00ed tlak na ostatn\u00ed v\u016fdce, aby se do tohoto boje nepou\u0161t\u011bli, a z\u00e1rove\u0148 to povzbuzuje Izrael a USA, aby zdvojn\u00e1sobily sv\u016fj odpor k tomu, aby Palestinc\u016fm dop\u0159\u00e1ly jedin\u00fd n\u00e1dech \u017eivota.\u00a0<\/span><\/p>\n<p><span>Uzn\u00e1n\u00ed m\u016f\u017ee b\u00fdt u\u017eite\u010dn\u00fdm krokem, pokud je vyvrcholen\u00edm procesu. K jeho zah\u00e1jen\u00ed ned\u011bl\u00e1 mnoho.\u00a0<\/span><\/p>\n<p><span>To dokazuje\u00a0<\/span><a href=\"https:\/\/euobserver.com\/eu-and-the-world\/ar2eedce06\"><span>dopis 34 b\u00fdval\u00fdch evropsk\u00fdch velvyslanc\u016f<\/span><\/a><span>\u00a0z 23. \u010dervence. V tomto dopise vyzvali EU, aby proti izraelsk\u00e9 genocid\u011b zakro\u010dila strategi\u010dt\u011bj\u0161\u00edm zp\u016fsobem.\u00a0<\/span><\/p>\n<p><span>Velvyslanci nast\u00ednili osm krok\u016f, kter\u00e9 by EU m\u011bla podniknout p\u0159ed uzn\u00e1n\u00edm Palestiny na Valn\u00e9m shrom\u00e1\u017ed\u011bn\u00ed OSN koncem z\u00e1\u0159\u00ed:<\/span><\/p>\n<p><span>1. Okam\u017eit\u011b obnovit dod\u00e1vky mezin\u00e1rodn\u00ed pomoci ve velk\u00e9m m\u011b\u0159\u00edtku a zaplavit p\u00e1smo Gazy humanit\u00e1rn\u00edmi z\u00e1sobami.<\/span><\/p>\n<p><span>2. Okam\u017eit\u011b pozastavit ve\u0161ker\u00fd v\u00fdvoz zbran\u00ed a zbo\u017e\u00ed dvoj\u00edho u\u017eit\u00ed do Izraele.<\/span><\/p>\n<p><span>3. Zak\u00e1zat obchod s izraelsk\u00fdmi osadami na okupovan\u00e9m palestinsk\u00e9m \u00fazem\u00ed a zak\u00e1zat obchodn\u00ed a investi\u010dn\u00ed vztahy EU a \u010dlensk\u00fdch st\u00e1t\u016f s jak\u00fdmkoli subjektem nebo spole\u010dnost\u00ed, kter\u00e9 podnikaj\u00ed v izraelsk\u00fdch osad\u00e1ch nebo z nich maj\u00ed prosp\u011bch.<\/span><\/p>\n<p><span>4. Pozastavit ve\u0161ker\u00e1 preferen\u010dn\u00ed obchodn\u00ed ujedn\u00e1n\u00ed pro Izrael v r\u00e1mci asocia\u010dn\u00ed dohody s EU, kter\u00e1 obsahuje \u010dl\u00e1nek podmi\u0148uj\u00edc\u00ed dohodu dodr\u017eov\u00e1n\u00edm mezin\u00e1rodn\u00edho pr\u00e1va a norem v oblasti lidsk\u00fdch pr\u00e1v.<\/span><\/p>\n<p><span>5. Zru\u0161it \u00fa\u010dast Izraele v programu\u00a0<\/span><a href=\"https:\/\/research-and-innovation.ec.europa.eu\/funding\/funding-opportunities\/funding-programmes-and-open-calls\/horizon-europe_en\"><span>Horizont Evropa<\/span><\/a><span>\u00a0a ve v\u0161ech v\u00fdzkumn\u00fdch, akademick\u00fdch a technologick\u00fdch programech EU v oblasti dvoj\u00edho u\u017eit\u00ed.<\/span><\/p>\n<p><span>6. Uvalit c\u00edlen\u00e9 sankce na izraelsk\u00e9 ministry, vl\u00e1dn\u00ed \u00fa\u0159edn\u00edky, vojensk\u00e9 velitele a n\u00e1siln\u00e9 osadn\u00edky odpov\u011bdn\u00e9 za v\u00e1le\u010dn\u00e9 zlo\u010diny, zlo\u010diny proti lidskosti, napom\u00e1h\u00e1n\u00ed genocid\u011b a prov\u00e1d\u011bn\u00ed st\u00e1tem schv\u00e1len\u00e9ho terorismu.<\/span><\/p>\n<p><span>7. Podporovat mezin\u00e1rodn\u00ed a n\u00e1rodn\u00ed soudn\u00ed mechanismy \u2013 v\u010detn\u011b Mezin\u00e1rodn\u00edho trestn\u00edho soudu a n\u00e1rodn\u00edch soud\u016f v r\u00e1mci univerz\u00e1ln\u00ed jurisdikce \u2013 s c\u00edlem postavit pachatele p\u0159ed soud.<\/span><\/p>\n<p><span>8. Poskytovat politickou, pr\u00e1vn\u00ed a finan\u010dn\u00ed podporu palestinsk\u00fdm civiln\u00edm ob\u011btem, obr\u00e1nc\u016fm lidsk\u00fdch pr\u00e1v a humanit\u00e1rn\u00edm organizac\u00edm p\u016fsob\u00edc\u00edm v nemo\u017en\u00fdch podm\u00ednk\u00e1ch.<\/span><\/p>\n<p><span>9. Uznat palestinskou st\u00e1tnost.\u00a0<\/span><\/p>\n<p><span>N\u011bkter\u00e9 z t\u011bchto krok\u016f by nemohly b\u00fdt u\u010din\u011bny samotn\u00fdmi \u010dleny EU, jako je Francie, a k jejich proveden\u00ed by bylo zapot\u0159eb\u00ed jednomysln\u00e9 dohody EU. N\u011bkter\u00e9 mohou b\u00fdt u\u010din\u011bny jednotliv\u00fdmi \u010dlensk\u00fdmi st\u00e1ty. Pouh\u00e9 ve\u0159ejn\u00e9 p\u0159ednesen\u00ed t\u011bchto n\u00e1vrh\u016f a v\u00fdzva ob\u010dan\u016fm \u010dlensk\u00fdch st\u00e1t\u016f k jejich podpo\u0159e by v\u0161ak vytvo\u0159ilo v\u011bt\u0161\u00ed politick\u00fd tlak ne\u017e samotn\u00e9 uzn\u00e1n\u00ed.<\/span><\/p>\n<h2 class=\"wp-block-heading\"><strong><span>Kanada<\/span><\/strong><\/h2>\n<p><span>Kanadsk\u00fd premi\u00e9r Mark Carney se sice p\u0159ibl\u00ed\u017eil k Macronovu postoji, ale pokud jde o palestinsk\u00e1 pr\u00e1va, prozrazuje kolonialistick\u00e9 p\u0159\u00edstupy. P\u0159i ozn\u00e1men\u00ed sv\u00e9ho pl\u00e1nu uzn\u00e1n\u00ed Gazy kanadsk\u00fd v\u016fdce uvedl: \u201eKanada odsuzuje skute\u010dnost, \u017ee izraelsk\u00e1 vl\u00e1da dopustila katastrofu v Gaze.\u201c\u00a0<\/span><\/p>\n<p><span>Pomineme-li fakt, \u017ee se tohle shoduje s Starmerov\u00fdm nehor\u00e1zn\u00fdm vyj\u00e1d\u0159en\u00edm, kter\u00e9 zakl\u00e1d\u00e1 palestinsk\u00e1 pr\u00e1va na \u0161patn\u00e9m chov\u00e1n\u00ed Izraele, dok\u00e1\u017eete si p\u0159edstavit, \u017ee by n\u011bkdo na Norimbersk\u00e9m procesu \u0159ekl, \u017ee \u201eodsuzuj\u00ed skute\u010dnost, \u017ee n\u011bmeck\u00e1 nacistick\u00e1 vl\u00e1da dovolila, aby se takov\u00e1 katastrofa stala v cel\u00e9 oblasti Evropy, kterou ovl\u00e1dali\u201c? \u0158ekl by n\u011bkdo, \u017ee Spojen\u00e9 st\u00e1ty \u201edovolily\u201c shodit atomov\u00e9 bomby na Hiro\u0161imu a Nagasaki?\u00a0<\/span><\/p>\n<p><span>To ma\u017ee odpov\u011bdnost Izraele za Gazu, i kdy\u017e je to zahaleno do jazyka, kter\u00fd zd\u00e1nliv\u011b Izrael obvi\u0148uje. Nazna\u010duje to, \u017ee Izrael byl pouze nezodpov\u011bdn\u00fdm p\u0159ihl\u00ed\u017eej\u00edc\u00edm, zat\u00edmco obyvatele Gazy postihla n\u011bjak\u00e1 p\u0159\u00edrodn\u00ed katastrofa. To je osv\u011bd\u010den\u00fd trik, jak zachr\u00e1nit obraz Izraele, kter\u00fd je alespo\u0148 natolik nevinn\u00fd, \u017ee udr\u017euje obchodn\u00ed a vojensk\u00e9 vztahy. Ve skute\u010dnosti to ale Izrael zpro\u0161\u0165uje viny, ne-li \u00fapln\u011b, tak jist\u011b za jeho nejhor\u0161\u00ed zlo\u010diny.\u00a0<\/span><\/p>\n<p><span>Carney jde dokonce je\u0161t\u011b o krok d\u00e1l a\u00a0<\/span><a href=\"https:\/\/www.bbc.com\/news\/articles\/ceqyx35d9x2o\"><span>podmi\u0148uje uzn\u00e1n\u00ed Palestiny Kanadou<\/span><\/a><span>\u00a0reformami Palestinsk\u00e9 samospr\u00e1vy. I kdy\u017e PA jist\u011b pot\u0159ebuje reformu (a\u010dkoli povahu t\u00e9to nezbytn\u00e9 reformy Palestinci vn\u00edmaj\u00ed velmi odli\u0161n\u011b ne\u017e z\u00e1padn\u00ed v\u016fdci), jedn\u00e1 se o \u0161\u00edlen\u00fd dvoj\u00ed metr.\u00a0<\/span><\/p>\n<p><span>A\u0165 u\u017e jsou zlo\u010diny PA a PLO jak\u00e9koli, blednou p\u0159ed izraelskou genocidou. Uzn\u00e1n\u00ed Izraele v\u0161ak nez\u00e1vis\u00ed na zastaven\u00ed tohoto nejhor\u0161\u00edho ze v\u0161ech zlo\u010din\u016f. Carney m\u00e1 pocit, \u017ee pot\u00e9, co si v\u0161ichni Palestinci pro\u0161li, si mus\u00ed \u201ezaslou\u017eit\u201c uzn\u00e1n\u00ed sv\u00fdch n\u00e1rodn\u00edch pr\u00e1v, zat\u00edmco Izrael si m\u016f\u017ee udr\u017eet sv\u016fj status bez ohledu na genocidu.\u00a0<\/span><\/p>\n<p><span>Carney hraje tyto hry, proto\u017ee mus\u00ed zvl\u00e1dat slo\u017eit\u00fd vztah s Donaldem Trumpem a Spojen\u00fdmi st\u00e1ty a z\u00e1rove\u0148 uklid\u0148ovat\u00a0<\/span><a href=\"https:\/\/leger360.com\/in-the-news-middle-east-ukraine-conflicts\/\"><span>obyvatelstvo<\/span><\/a><span>\u00a0, kter\u00e9 je\u00a0<\/span><a href=\"https:\/\/www.ctvnews.ca\/world\/israel-hamas-war\/article\/poll-suggests-half-of-canadians-believe-israel-is-committing-genocide-in-gaza\/\"><span>v\u016f\u010di Izraeli st\u00e1le kriti\u010dt\u011bj\u0161\u00ed<\/span><\/a><span>\u00a0.\u00a0<\/span><\/p>\n<h2 class=\"wp-block-heading\"><strong><span>Spojen\u00e9 st\u00e1ty a pro\u010d se to d\u011bje pr\u00e1v\u011b te\u010f<\/span><\/strong><\/h2>\n<p><span>Minul\u00fd t\u00fdden, kdy\u017e Spojen\u00e9 st\u00e1ty odstupovaly od rozhovor\u016f o p\u0159\u00edm\u011b\u0159\u00ed s Izraelem, Katarem a Egyptem, Donald Trump\u00a0<\/span><a href=\"https:\/\/www.timesofisrael.com\/liveblog_entry\/trump-says-conversation-with-netanyahu-was-sort-of-disappointing\/\"><span>novin\u00e1\u0159\u016fm \u0159ekl<\/span><\/a><span>\u00a0: \u201eJe to pon\u011bkud zklam\u00e1n\u00ed,\u201c s odkazem na sv\u016fj ned\u00e1vn\u00fd rozhovor s Benjaminem Netanjahuem.<\/span><\/p>\n<p><span>Z \u010deho byl Trump zklaman\u00fd? Je jasn\u00e9, \u017ee cht\u011bl, aby Netanjahu ukon\u010dil genocidu v\u00fdm\u011bnou za v\u00fdm\u011bnu zb\u00fdvaj\u00edc\u00edch rukojm\u00edch v Gaze za palestinsk\u00e9 v\u011bzn\u011b dr\u017een\u00e9 Izraelem. Trumpovy pokusy o uzav\u0159en\u00ed dohod v zahrani\u010dn\u00ed politice byly velk\u00fdm ne\u00fasp\u011bchem a jeho \u201eobchodn\u00ed dohody\u201c jsou nepopul\u00e1rn\u00ed. Zoufale si p\u0159eje v\u00edt\u011bzstv\u00ed.\u00a0<\/span><\/p>\n<p><span>Netanjahu se ale na tom necht\u011bl pod\u00edlet. Trump, kter\u00fd si uv\u011bdomil, \u017ee Ham\u00e1s se jen tak nevzd\u00e1 zb\u00fdvaj\u00edc\u00edch rukojm\u00edch a nedovol\u00ed Izraeli pokra\u010dovat v genocid\u011b bez p\u0159ek\u00e1\u017eek z t\u00e9to obavy, se rozhodl, \u017ee u\u017e nen\u00ed co d\u011blat, a z procesu odstoupil.\u00a0<\/span><\/p>\n<p><span>Toto rozhodnut\u00ed m\u00e1 ale d\u016fsledky pro Trumpovu region\u00e1ln\u00ed vizi. Izraelsk\u00fd publicista Zvi Bar&#8217;el m\u011bl pravdu, kdy\u017e\u00a0<\/span><a href=\"https:\/\/www.haaretz.com\/israel-news\/2025-07-29\/ty-article\/.premium\/as-israels-war-in-gaza-wages-on-trumps-micro-management-stymies-a-long-term-solution\/00000198-5339-d843-af99-d73d9e180000\"><span>v \u00fater\u00fd napsal<\/span><\/a><span>\u00a0: \u201eZd\u00e1 se, \u017ee Trump dosp\u011bl k z\u00e1v\u011bru, \u017ee jeho ambice vytvo\u0159it \u201anov\u00fd Bl\u00edzk\u00fd v\u00fdchod\u2018, nastolit m\u00edr mezi Izraelem a n\u011bkolika dal\u0161\u00edmi arabsk\u00fdmi zem\u011bmi a dos\u00e1hnout velk\u00e9 odm\u011bny, tedy normalizace vztah\u016f mezi Izraelem a Sa\u00fadskou Ar\u00e1bi\u00ed, si budou muset je\u0161t\u011b chv\u00edli po\u010dkat.\u201c<\/span><\/p>\n<p><span>To je pravda, a v\u00fdsledkem je, \u017ee Trump je frustrovan\u00fd a unaven\u00fd z \u0159e\u0161en\u00ed cel\u00e9ho probl\u00e9mu. Chce se od n\u011bj odvr\u00e1tit, zejm\u00e9na nyn\u00ed, kdy\u00a0<\/span><a href=\"https:\/\/www.middleeasteye.net\/opinion\/israel-quickly-losing-right-wing-american-support\"><span>jeho osobn\u00ed skand\u00e1ly<\/span><\/a><span>\u00a0t\u00fdkaj\u00edc\u00ed se zesnul\u00e9ho a neoplak\u00e1van\u00e9ho pedofiln\u00edho obchodn\u00edka se sexem Jeffreyho Epsteina neust\u00e1vaj\u00ed.\u00a0<\/span><\/p>\n<p><span>Dohoda na Bl\u00edzk\u00e9m v\u00fdchod\u011b, by\u0165 jen p\u0159\u00edm\u011b\u0159\u00ed v Gaze, by pomohla, ale k n\u00ed nedojde. A s Netanjahuem v t\u00e9to v\u011bci nen\u00ed spokojen\u00fd.<\/span><\/p>\n<p><span>Trump sice\u00a0<\/span><a href=\"https:\/\/www.politico.com\/news\/2025\/07\/29\/trump-palestine-statehood-00482126\"><span>odm\u00edtl francouzsk\u00e9 ozn\u00e1men\u00ed<\/span><\/a><span>\u00a0, ale nijak na Macrona netla\u010dil, ne\u0159ekl ani nenazna\u010dil, aby zm\u011bnil sv\u016fj postoj. Jednodu\u0161e to ozna\u010dil za irelevantn\u00ed.\u00a0<\/span><\/p>\n<p><span>Jeho reakce na Starmera byla je\u0161t\u011b m\u00edrn\u011bj\u0161\u00ed. Papou\u0161kovsky opakoval izraelskou v\u011btu o uzn\u00e1n\u00ed \u201eodm\u011b\u0148uj\u00edc\u00edm Ham\u00e1s\u201c, ale tak\u00e9 \u0159ekl: \u201eNezaujmu \u017e\u00e1dn\u00e9 stanovisko, nevad\u00ed mi, \u017ee zaujme stanovisko (k uzn\u00e1n\u00ed Palestiny).\u201c Starmer se s Trumpem setkal t\u011bsn\u011b p\u0159ed jeho ozn\u00e1men\u00edm a zjevn\u011b by tento krok neu\u010dinil, kdyby si myslel, \u017ee Washington n\u011bjak v\u00e1\u017en\u011b zareaguje.\u00a0<\/span><\/p>\n<p><span>Ministerstvo zahrani\u010d\u00ed ve \u010dtvrtek\u00a0<\/span><a href=\"https:\/\/www.state.gov\/releases\/office-of-the-spokesperson\/2025\/07\/sanctioning-officials-of-the-palestinian-authority-and-members-of-the-palestine-liberation-organization\/\"><span>ozn\u00e1milo nov\u00e9 sankce<\/span><\/a><span>\u00a0v\u016f\u010di Palestinsk\u00e9 samospr\u00e1v\u011b a Organizaci pro osvobozen\u00ed Palestiny (PLO). Sankce byly zalo\u017eeny na star\u00fdch st\u00ed\u017enostech, zejm\u00e9na na to, \u017ee se PLO obr\u00e1tila na Mezin\u00e1rodn\u00ed trestn\u00ed soud (ICC) a Mezin\u00e1rodn\u00ed soudn\u00ed dv\u016fr (ICJ) pot\u00e9, co kone\u010dn\u011b p\u0159iznala, \u017ee USA nikdy nebudou tla\u010dit na Izrael, aby dos\u00e1hl \u0159e\u0161en\u00ed zalo\u017een\u00e9ho na existenci dvou st\u00e1t\u016f.\u00a0<\/span><\/p>\n<p><span>Nebyl k tomu \u017e\u00e1dn\u00fd skute\u010dn\u00fd d\u016fvod, krom\u011b snahy vyv\u00e1\u017eit Trump\u016fv ve\u0159ejn\u00fd postoj. Sv\u00fdm obvykl\u00fdm, schizofrenn\u00edm zp\u016fsobem vyj\u00e1d\u0159il svou rozmrzelost v\u016f\u010di Netanjahuovi t\u00edm, \u017ee v podstat\u011b povolil Francii a Velk\u00e9 Brit\u00e1nii pokra\u010dovat ve sv\u00fdch snah\u00e1ch o uzn\u00e1n\u00ed (zd\u00e1 se, \u017ee s Kanadou se c\u00edt\u00ed m\u00e9n\u011b uvoln\u011bn\u011b, mo\u017en\u00e1 proto, \u017ee se s n\u00edm Carney nejprve nekonzultoval jako Starmer), ale nad\u00e1le se ob\u00e1v\u00e1, \u017ee jeho evangelik\u00e1ln\u00ed z\u00e1kladna ho bude vn\u00edmat jako p\u0159\u00edli\u0161 siln\u011b naklon\u011bn\u00e9ho Palestinc\u016fm, i kdy\u017e n\u011bkte\u0159\u00ed z jeho z\u00e1klad\u016f v MAGA (Management of Against Georgia) maj\u00ed v\u016f\u010di Izraeli nelibost.\u00a0<\/span><\/p>\n<p><span>Uzn\u00e1n\u00ed by mohlo m\u00edt v\u00fdznam n\u011bkde v budoucnu, a\u017e genocida skon\u010d\u00ed. Ale jako obvykle se Palestinci nedo\u010dkaj\u00ed \u017e\u00e1dn\u00e9 okam\u017eit\u00e9 a podstatn\u00e9 pomoci z Evropy, nato\u017e ze Severn\u00ed Ameriky.\u00a0<\/span><\/p>\n<p><span class=\"post-author\"><span class=\"by\"><span>Od\u00a0<\/span><\/span><a href=\"https:\/\/mondoweiss.net\/2025\/08\/u-s-and-europe-play-games-with-a-palestinian-state-while-israel-starves-gaza\/\"><span>Mitchella Plitnicka<\/span><\/a><\/span><\/p>\n<p>&nbsp;<\/p>\n","protected":false},"excerpt":{"rendered":"<p>Uzn\u00e1n\u00ed palestinsk\u00e9ho st\u00e1tu Franci\u00ed, Velkou Brit\u00e1ni\u00ed a Kanadou by jednoho dne mohlo m\u00edt v\u00fdznam. Ale&#8230;<\/p>\n","protected":false},"author":2,"featured_media":84838,"comment_status":"closed","ping_status":"closed","sticky":false,"template":"","format":"standard","meta":[],"categories":[7],"tags":[1042,178,107,312,4200,365],"_links":{"self":[{"href":"https:\/\/www.infokuryr.cz\/n\/wp-json\/wp\/v2\/posts\/84837"}],"collection":[{"href":"https:\/\/www.infokuryr.cz\/n\/wp-json\/wp\/v2\/posts"}],"about":[{"href":"https:\/\/www.infokuryr.cz\/n\/wp-json\/wp\/v2\/types\/post"}],"author":[{"embeddable":true,"href":"https:\/\/www.infokuryr.cz\/n\/wp-json\/wp\/v2\/users\/2"}],"replies":[{"embeddable":true,"href":"https:\/\/www.infokuryr.cz\/n\/wp-json\/wp\/v2\/comments?post=84837"}],"version-history":[{"count":0,"href":"https:\/\/www.infokuryr.cz\/n\/wp-json\/wp\/v2\/posts\/84837\/revisions"}],"wp:featuredmedia":[{"embeddable":true,"href":"https:\/\/www.infokuryr.cz\/n\/wp-json\/wp\/v2\/media\/84838"}],"wp:attachment":[{"href":"https:\/\/www.infokuryr.cz\/n\/wp-json\/wp\/v2\/media?parent=84837"}],"wp:term":[{"taxonomy":"category","embeddable":true,"href":"https:\/\/www.infokuryr.cz\/n\/wp-json\/wp\/v2\/categories?post=84837"},{"taxonomy":"post_tag","embeddable":true,"href":"https:\/\/www.infokuryr.cz\/n\/wp-json\/wp\/v2\/tags?post=84837"}],"curies":[{"name":"wp","href":"https:\/\/api.w.org\/{rel}","templated":true}]}}