{"id":84834,"date":"2025-08-03T00:20:31","date_gmt":"2025-08-02T22:20:31","guid":{"rendered":"https:\/\/www.infokuryr.cz\/n\/?p=84834"},"modified":"2025-08-02T15:28:15","modified_gmt":"2025-08-02T13:28:15","slug":"odmitnuty-zadatel-o-azyl-z-guineje-kvuli-diagnoze-schizofrenie-byl-zprosten-obvineni-z-vrazdy-souseda","status":"publish","type":"post","link":"https:\/\/www.infokuryr.cz\/n\/2025\/08\/03\/odmitnuty-zadatel-o-azyl-z-guineje-kvuli-diagnoze-schizofrenie-byl-zprosten-obvineni-z-vrazdy-souseda\/","title":{"rendered":"Odm\u00edtnut\u00fd \u017eadatel o azyl z Guineje kv\u016fli diagn\u00f3ze schizofrenie byl zpro\u0161t\u011bn obvin\u011bn\u00ed z vra\u017edy souseda"},"content":{"rendered":"<div id=\"fb-root\"><\/div>\n<h3 class=\"s-tagline fw-tagline\"><span>T\u0159iadvacetilet\u00fd migrant zabil p\u0159i \u00fatoc\u00edch no\u017eem mlad\u00e9ho \u010dlena CDU a zranil dal\u0161\u00ed \u017eenu, ale trest odn\u011bt\u00ed svobody si neodpyk\u00e1, proto\u017ee byl shled\u00e1n nevinn\u00fdm.<\/span><\/h3>\n<div class=\"e-ct-outer\">\n<div class=\"entry-content rbct clearfix is-highlight-shares\">\n<p><span>Region\u00e1ln\u00ed soud v Postupimi zprostil 23let\u00e9ho migranta z Guineje trestn\u00ed odpov\u011bdnosti za lednovou vra\u017edu mlad\u00e9ho \u010dlena CDU v Beelitzu a samostatn\u00fd \u00fatok no\u017eem na \u017eenu s t\u00edm, \u017ee v dob\u011b \u010dinu trp\u011bl paranoidn\u00ed schizofreni\u00ed.<\/span><\/p>\n<p><span>Mamadou Alpha B. bude ve \u010dtvrtek na neur\u010dito um\u00edst\u011bn do zabezpe\u010den\u00e9ho psychiatrick\u00e9ho za\u0159\u00edzen\u00ed.<\/span><\/p>\n<p><span>Soud dosp\u011bl k z\u00e1v\u011bru, \u017ee Guinejec, kter\u00fd do N\u011bmecka p\u0159ijel v roce 2016 a nem\u011bl \u017e\u00e1dn\u00fd p\u0159edchoz\u00ed trestn\u00ed rejst\u0159\u00edk, nebyl kv\u016fli t\u011b\u017ek\u00e9 du\u0161evn\u00ed nemoci schopen ovl\u00e1dat sv\u00e9 jedn\u00e1n\u00ed. \u201eOb\u017ealovan\u00fd nem\u016f\u017ee b\u00fdt trestn\u011b odpov\u011bdn\u00fd,\u201c uvedl p\u0159edseda sen\u00e1tu Bodo Wermelskirchen. \u201eJednalo se o zr\u00e1dnou vra\u017edu, ale ob\u017ealovan\u00fd byl du\u0161evn\u011b nemocn\u00fd a p\u0159edstavuje nebezpe\u010d\u00ed pro ve\u0159ejnost.\u201c<\/span><\/p>\n<p><span>Server Remix News d\u0159\u00edve informoval o tom, jak migrant 14. ledna pod\u0159\u00edzl hrdlo 24let\u00e9mu Christophu R., sousedovi a \u010dlenovi CDU a jej\u00ed ml\u00e1de\u017enick\u00e9 organizace Junge Union. Podle soudn\u00edho sv\u011bdectv\u00ed Mamadou B. mu\u017ei zav\u00e1zal o\u010di, ubodal ho k smrti a pot\u00e9 mu zap\u00e1lil byt. Pozd\u011bji s\u00e1m zavolal z\u00e1chrannou slu\u017ebu. Oba mu\u017ei se d\u0159\u00edve znali a pachatel tvrdil, \u017ee se setkali n\u011bkolikr\u00e1t, p\u0159i\u010dem\u017e mu ob\u011b\u0165 \u00fadajn\u011b zav\u00e1zala o\u010di a za pen\u00edze si s n\u00edm po\u0159\u00eddila fotografie.<\/span><\/p>\n<p><span>Guinejec byl o dva t\u00fddny pozd\u011bji zat\u010den za dal\u0161\u00ed bodnut\u00ed a policii se ho poda\u0159ilo spojit jako podez\u0159el\u00e9ho s p\u0159edchoz\u00ed vra\u017edou politika CDU. Tentokr\u00e1t se zam\u011b\u0159il na 57letou Ukrajinku, kterou bodl do krku ve stejn\u00e9m bytov\u00e9m dom\u011b na ulici Doktor-Hermann.<\/span><\/p>\n<p><span>Ukrajinsk\u00e1 \u017eena, kter\u00e1 m\u011bla s ob\u017ealovan\u00fdm tak\u00e9 osobn\u00ed vztah, p\u0159e\u017eila a b\u011bhem procesu vypov\u00eddala.<\/span><\/p>\n<p><span>Prvn\u00ed den soudn\u00edho procesu u zemsk\u00e9ho soudu v Postupimi se Mamadou B. k obvin\u011bn\u00edm p\u0159iznal a tvrdil, \u017ee k p\u00e1ch\u00e1n\u00ed zlo\u010din\u016f mu na\u0159\u00eddily hlasy v jeho hlav\u011b.<\/span><\/p>\n<p><span>\u201eUd\u011blal jsem to, nem\u016f\u017eu to zm\u011bnit. Pak si p\u0159ipad\u00e1m jako cizinec, nedok\u00e1\u017eu se ovl\u00e1dat,\u201c \u0159ekl.<\/span><\/p>\n<p><span>Mamadou B. \u00fadajn\u011b sly\u0161\u00ed hlasy od roku 2019, obvykle star\u0161\u00ed n\u011bmeck\u00e9 \u017eeny, ale p\u0159ed zat\u010den\u00edm nikdy nevyhledal l\u00e9\u010dbu. Psychiatrick\u00fd expert Jens K\u00f6hler popsal jeho stav jako dlouhodobou, hluboce zako\u0159en\u011bnou formu schizofrenie. \u201eP\u0159edst\u00edr\u00e1, skr\u00fdv\u00e1 p\u0159\u00edznaky a je pravd\u011bpodobn\u00e9, \u017ee l\u00e9\u010dbu mimo bezpe\u010dn\u00e9 prost\u0159ed\u00ed opust\u00ed,\u201c varoval K\u00f6hler.<\/span><\/p>\n<p><span>Od dubna je migrant dr\u017een ve specializovan\u00e9 nemocnici Asklepios v Braniborsku na odd\u011blen\u00ed s vysokou ostrahou vyhrazen\u00e9m pro nebezpe\u010dn\u00e9 pachatele s psychiatrick\u00fdmi onemocn\u011bn\u00edmi. Navzdory snah\u00e1m o l\u00e9\u010dbu klinika hl\u00e1sila nedodr\u017eov\u00e1n\u00ed medikace a ned\u00e1vno mu z bezpe\u010dnostn\u00edch d\u016fvod\u016f zak\u00e1zala pr\u00e1ci.<\/span><\/p>\n<p><span>Jak informoval den\u00edk\u00a0<\/span><a href=\"https:\/\/www.maz-online.de\/brandenburg\/urteil-nach-mord-in-beelitz-heilstaetten-gericht-erteilt-freispruch-und-schickt-taeter-in-ATZDPJRDYZGDTG4NCS4MGWSZ4A.html\"><span>M\u00e4rkische Allgemeine Zeitung<\/span><\/a><span>\u00a0, soudce Wermelskirchen popsal Mamadoua B. jako trvalou hrozbu pro spole\u010dnost. \u201eM\u00e1me z\u00e1va\u017en\u00e9 z\u00e1kladn\u00ed trestn\u00e9 \u010diny a je z\u0159ejm\u00e9, \u017ee p\u0159edstavuje v\u00e1\u017en\u00e9 nebezpe\u010d\u00ed,\u201c \u0159ekl a p\u0159\u00edmo ob\u017ealovan\u00e9mu \u0159ekl: \u201eJste pova\u017eov\u00e1n za nebezpe\u010dn\u00e9ho pro ve\u0159ejnost. Chyb\u00ed v\u00e1m d\u016fkladn\u00e9 pochopen\u00ed va\u0161\u00ed nemoci a l\u00e9\u010dby.\u201c<\/span><\/p>\n<p><span>Mamadou B. \u017eil v N\u011bmecku t\u00e9m\u011b\u0159 deset let a pracoval v r\u016fzn\u00fdch odv\u011btv\u00edch, v\u010detn\u011b pohostinstv\u00ed a o\u0161et\u0159ovatelstv\u00ed. Jeho \u017e\u00e1dost o azyl byla zam\u00edtnuta kv\u016fli p\u0159edchoz\u00edm \u017e\u00e1dostem v It\u00e1lii a Francii, ale v dob\u011b \u00fatok\u016f m\u011bl povolen\u00ed k do\u010dasn\u00e9mu pobytu.<\/span><\/p>\n<p><span>A\u010dkoli soud nerozhodl o ob\u010danskopr\u00e1vn\u00edch n\u00e1roc\u00edch na od\u0161kodn\u011bn\u00ed, nazna\u010dil, \u017ee B. nemus\u00ed b\u00fdt odpov\u011bdn\u00fd podle ob\u010dansk\u00e9ho pr\u00e1va vzhledem ke sv\u00e9mu du\u0161evn\u00edmu stavu. Matka ob\u011bti po\u017eaduje od\u0161kodn\u011bn\u00ed ve v\u00fd\u0161i nejm\u00e9n\u011b 60 000 eur.<\/span><\/p>\n<p><span>Rozsudek je\u0161t\u011b nen\u00ed pravomocn\u00fd a ob\u017ealovan\u00fd m\u00e1 jeden t\u00fdden na to, aby se proti n\u011bmu odvolal.<\/span><\/p>\n<p><img decoding=\"async\" loading=\"lazy\" class=\"alignnone size-full wp-image-1185\" src=\"http:\/\/www.infokuryr.cz\/n\/wp-content\/uploads\/2021\/04\/kuryr-podpis.png\" alt=\"\" width=\"84\" height=\"24\" \/><\/p>\n<p>&nbsp;<\/p>\n<\/div>\n<\/div>\n","protected":false},"excerpt":{"rendered":"<p>T\u0159iadvacetilet\u00fd migrant zabil p\u0159i \u00fatoc\u00edch no\u017eem mlad\u00e9ho \u010dlena CDU a zranil dal\u0161\u00ed \u017eenu, ale trest&#8230;<\/p>\n","protected":false},"author":2,"featured_media":84835,"comment_status":"closed","ping_status":"closed","sticky":false,"template":"","format":"standard","meta":[],"categories":[7],"tags":[551,84,324,656],"_links":{"self":[{"href":"https:\/\/www.infokuryr.cz\/n\/wp-json\/wp\/v2\/posts\/84834"}],"collection":[{"href":"https:\/\/www.infokuryr.cz\/n\/wp-json\/wp\/v2\/posts"}],"about":[{"href":"https:\/\/www.infokuryr.cz\/n\/wp-json\/wp\/v2\/types\/post"}],"author":[{"embeddable":true,"href":"https:\/\/www.infokuryr.cz\/n\/wp-json\/wp\/v2\/users\/2"}],"replies":[{"embeddable":true,"href":"https:\/\/www.infokuryr.cz\/n\/wp-json\/wp\/v2\/comments?post=84834"}],"version-history":[{"count":0,"href":"https:\/\/www.infokuryr.cz\/n\/wp-json\/wp\/v2\/posts\/84834\/revisions"}],"wp:featuredmedia":[{"embeddable":true,"href":"https:\/\/www.infokuryr.cz\/n\/wp-json\/wp\/v2\/media\/84835"}],"wp:attachment":[{"href":"https:\/\/www.infokuryr.cz\/n\/wp-json\/wp\/v2\/media?parent=84834"}],"wp:term":[{"taxonomy":"category","embeddable":true,"href":"https:\/\/www.infokuryr.cz\/n\/wp-json\/wp\/v2\/categories?post=84834"},{"taxonomy":"post_tag","embeddable":true,"href":"https:\/\/www.infokuryr.cz\/n\/wp-json\/wp\/v2\/tags?post=84834"}],"curies":[{"name":"wp","href":"https:\/\/api.w.org\/{rel}","templated":true}]}}