{"id":84832,"date":"2025-08-03T00:18:49","date_gmt":"2025-08-02T22:18:49","guid":{"rendered":"https:\/\/www.infokuryr.cz\/n\/?p=84832"},"modified":"2025-08-02T16:40:42","modified_gmt":"2025-08-02T14:40:42","slug":"baskicka-zena-byla-nucena-opustit-vlastni-domov-pote-co-ji-najemnik-migrant-prestal-platit-najem-rozbil-nabytek-a-nazval-ji-devkou","status":"publish","type":"post","link":"https:\/\/www.infokuryr.cz\/n\/2025\/08\/03\/baskicka-zena-byla-nucena-opustit-vlastni-domov-pote-co-ji-najemnik-migrant-prestal-platit-najem-rozbil-nabytek-a-nazval-ji-devkou\/","title":{"rendered":"Baskick\u00e1 \u017eena byla nucena opustit vlastn\u00ed domov pot\u00e9, co j\u00ed n\u00e1jemn\u00edk-migrant, p\u0159estal platit n\u00e1jem, rozbil n\u00e1bytek a nazval ji \u201ed\u011bvkou\u201c"},"content":{"rendered":"<div id=\"fb-root\"><\/div>\n<h3 class=\"s-tagline fw-tagline\">Est\u00edbaliz Kortazar pronajala pokoj bezdomovci ze Severn\u00ed Afriky prost\u0159ednictv\u00edm charitativn\u00ed skupiny, ale on odm\u00edtl odej\u00edt a prom\u011bnil jej\u00ed \u017eivot v no\u010dn\u00ed m\u016fru.<\/h3>\n<div class=\"e-ct-outer\">\n<div class=\"entry-content rbct clearfix is-highlight-shares\">\n<p>\u017dena ve \u0161pan\u011blsk\u00e9m Basauri tvrd\u00ed, \u017ee jej\u00ed \u017eivot byl zni\u010den pot\u00e9, co bezdomovec, kter\u00e9ho p\u0159ijala prost\u0159ednictv\u00edm charitativn\u00ed organizace, odm\u00edtl opustit jej\u00ed domov, p\u0159estal platit n\u00e1jem, vandalizoval jej\u00ed majetek a vystavil ji slovn\u00edmu napad\u00e1n\u00ed a zastra\u0161ov\u00e1n\u00ed.<\/p>\n<p>Est\u00edbaliz Kortazar, kter\u00e1 mu\u017ei p\u016fvodn\u011b v duchu solidarity pronajala pokoj, byla nyn\u00ed ze strachu nucena opustit sv\u016fj vlastn\u00ed d\u016fm.<\/p>\n<p>\u201ePoznal jsem ho p\u0159es organizaci, kter\u00e1 pom\u00e1h\u00e1 bezdomovc\u016fm,\u201c \u0159ekl Est\u00edbaliz\u00a0<a href=\"https:\/\/www.20minutos.es\/noticia\/5733958\/0\/convivir-inquiokupa-basauri-huir-propia-casa-miedo\/\">po\u0159adu 20minutos<\/a>\u00a0. Mu\u017e, 48let\u00fd cizinec, souhlasil s platbou 350 eur m\u011bs\u00ed\u010dn\u011b a zpo\u010d\u00e1tku dohodu dodr\u017eoval. Pot\u00e9, co v\u0161ak neform\u00e1ln\u00ed smlouva na konci lo\u0148sk\u00e9ho roku skon\u010dila, se odm\u00edtl odst\u011bhovat. V \u00fanoru p\u0159estal platit n\u00e1jemn\u00e9 \u00fapln\u011b. Je\u0161t\u011b p\u0159edt\u00edm se podle Est\u00edbalize situace stala nesnesitelnou.<\/p>\n<p>\u201eVzal mi v\u0161echny hrnce do pokoje a nenech\u00e1val mi nic, co bych mohla pou\u017e\u00edt,\u201c \u0159ekla. \u201eO p\u016flnoci zes\u00edlil televizi, abych nemohla sp\u00e1t, rozbil mi n\u00e1bytek, nazval m\u011b d\u011bvkou, sprostou mrchou a d\u011bvkou.\u201c \u0158\u00edk\u00e1, \u017ee mu\u017e tak\u00e9 manipuloval se z\u00e1mky dve\u0159\u00ed, dovolil si p\u0159ich\u00e1zet a odch\u00e1zet, kdykoli se mu zl\u00edbilo, a j\u00ed z\u00e1rove\u0148 br\u00e1nil v pln\u00e9m p\u0159\u00edstupu do jej\u00edho vlastn\u00edho domu.<\/p>\n<p>Est\u00edbaliz, u\u010ditelka, kter\u00e1 pracuje online, uvedla, \u017ee squatter \u00famysln\u011b ru\u0161il jej\u00ed v\u00fduku a zanech\u00e1val spole\u010dn\u00e9 prostory ve \u0161pinav\u00e9m stavu. S t\u00edm, jak \u00fa\u010dty za energie prudce rostly, byla \u010d\u00edm d\u00e1l p\u0159esv\u011bd\u010den\u011bj\u0161\u00ed, \u017ee mu\u017eov\u00fdm c\u00edlem bylo ji finan\u010dn\u011b a psychicky zlomit.<\/p>\n<p>Podala st\u00ed\u017enost u \u00fa\u0159ad\u016f, ale bylo j\u00ed \u0159e\u010deno, \u017ee jedinou skute\u010dnou mo\u017enost\u00ed je v\u011bc nad\u00e1le hl\u00e1sit. Do ledna 2025 zah\u00e1jila form\u00e1ln\u00ed soudn\u00ed \u0159\u00edzen\u00ed. V b\u0159eznu soud vydal p\u0159\u00edkaz k vyst\u011bhov\u00e1n\u00ed, ale kv\u016fli \u0161pan\u011blsk\u00e9mu dekretu 11\/2020 \u2013 nouzov\u00e9mu z\u00e1konu zaveden\u00e9mu b\u011bhem pandemie na ochranu zraniteln\u00fdch n\u00e1jemn\u00edk\u016f \u2013 bylo vyst\u011bhov\u00e1n\u00ed pozastaveno do konce roku 2025.<\/p>\n<p>Est\u00edbaliz, kter\u00e1 s mu\u017eem nemohla d\u00e1le \u017e\u00edt, se v \u010dervnu nast\u011bhovala ke sv\u00e9mu bratrovi a v sou\u010dasn\u00e9 dob\u011b je na nemocensk\u00e9, kde podstupuje psychologickou l\u00e9\u010dbu. \u201eJe to psychopat a jeho jedin\u00fdm c\u00edlem je zni\u010dit mi \u017eivot,\u201c \u0159ekla. \u201eNem\u00e1 to v hlav\u011b v po\u0159\u00e1dku. Je\u0161t\u011b na m\u011b neza\u00fato\u010dil, ale boj\u00edm se, \u017ee by mohl.\u201c<\/p>\n<p>Zd\u016fraznila, \u017ee nepo\u017eaduje finan\u010dn\u00ed kompenzaci. \u201eDlu\u017e\u00ed mi p\u0159es 2 100 eur, ale o pen\u00edze mi nejde. Chci jen zp\u00e1tky sv\u016fj d\u016fm.\u201c<\/p>\n<p>Est\u00edbaliz nyn\u00ed zah\u00e1jila petici po\u017eaduj\u00edc\u00ed rychlej\u0161\u00ed vyst\u011bhov\u00e1n\u00ed v p\u0159\u00edpadech neplat\u00edc\u00edch n\u00e1jemn\u00edk\u016f.<\/p>\n<p>\u201ePoka\u017ed\u00e9, kdy\u017e vejdu do vlastn\u00edho domu, se mi chce bre\u010det. Oto\u010d\u00edm kl\u00ed\u010dem a c\u00edt\u00edm hr\u016fzu. D\u0159\u00edve jsem si pronaj\u00edmala pokoj a te\u010f \u017eiji se squatterem, kter\u00fd m\u011b d\u011bs\u00ed a kter\u00e9ho nem\u016f\u017eu vyhodit,\u201c p\u00ed\u0161e Est\u00edbaliz. \u201eNev\u00edte, jak\u00e9 to je \u017e\u00edt pod jednou st\u0159echou s \u010dlov\u011bkem, kter\u00fd v\u00e1m znep\u0159\u00edjem\u0148uje \u017eivot. D\u00edvat se, jak v\u00e1m ni\u010d\u00ed d\u016fm\u2026 a v\u00e1\u0161 \u017eivot. A c\u00edtit se opu\u0161t\u011bn\u00fd justi\u010dn\u00edm syst\u00e9mem va\u0161\u00ed zem\u011b, proto\u017ee squatter, kter\u00fd \u017eije jako kr\u00e1l, m\u00e1 v\u00edce pr\u00e1v ne\u017e vy.\u201c<\/p>\n<p>\u201ePodepi\u0161te petici a po\u017eadujte, aby byly procesy vyst\u011bhov\u00e1n\u00ed neplat\u00edc\u00edho n\u00e1jemn\u00edka z va\u0161eho domu urychleny,\u201c uv\u00e1d\u00ed se v n\u00ed. Petice ji\u017e z\u00edskala v\u00edce ne\u017e 27 000 podpis\u016f.<\/p>\n<p>Ve sv\u00e9 v\u00fdzv\u011b k ve\u0159ejnosti dodala: \u201eZ\u00e1kon chr\u00e1n\u00ed squattery v\u00edce ne\u017e majitele dom\u016f. Soudy a policie m\u011b donutily \u017e\u00edt s n\u00e1silnick\u00fdm mu\u017eem. Chci se jen znovu c\u00edtit bezpe\u010dn\u011b ve sv\u00e9m vlastn\u00edm dom\u011b.\u201c<\/p>\n<p><img decoding=\"async\" loading=\"lazy\" class=\"alignnone size-full wp-image-1185\" src=\"http:\/\/www.infokuryr.cz\/n\/wp-content\/uploads\/2021\/04\/kuryr-podpis.png\" alt=\"\" width=\"84\" height=\"24\" \/><\/p>\n<p>&nbsp;<\/p>\n<\/div>\n<\/div>\n","protected":false},"excerpt":{"rendered":"<p>Est\u00edbaliz Kortazar pronajala pokoj bezdomovci ze Severn\u00ed Afriky prost\u0159ednictv\u00edm charitativn\u00ed skupiny, ale on odm\u00edtl odej\u00edt&#8230;<\/p>\n","protected":false},"author":2,"featured_media":84833,"comment_status":"closed","ping_status":"closed","sticky":false,"template":"","format":"standard","meta":[],"categories":[7],"tags":[3728,551,1214],"_links":{"self":[{"href":"https:\/\/www.infokuryr.cz\/n\/wp-json\/wp\/v2\/posts\/84832"}],"collection":[{"href":"https:\/\/www.infokuryr.cz\/n\/wp-json\/wp\/v2\/posts"}],"about":[{"href":"https:\/\/www.infokuryr.cz\/n\/wp-json\/wp\/v2\/types\/post"}],"author":[{"embeddable":true,"href":"https:\/\/www.infokuryr.cz\/n\/wp-json\/wp\/v2\/users\/2"}],"replies":[{"embeddable":true,"href":"https:\/\/www.infokuryr.cz\/n\/wp-json\/wp\/v2\/comments?post=84832"}],"version-history":[{"count":0,"href":"https:\/\/www.infokuryr.cz\/n\/wp-json\/wp\/v2\/posts\/84832\/revisions"}],"wp:featuredmedia":[{"embeddable":true,"href":"https:\/\/www.infokuryr.cz\/n\/wp-json\/wp\/v2\/media\/84833"}],"wp:attachment":[{"href":"https:\/\/www.infokuryr.cz\/n\/wp-json\/wp\/v2\/media?parent=84832"}],"wp:term":[{"taxonomy":"category","embeddable":true,"href":"https:\/\/www.infokuryr.cz\/n\/wp-json\/wp\/v2\/categories?post=84832"},{"taxonomy":"post_tag","embeddable":true,"href":"https:\/\/www.infokuryr.cz\/n\/wp-json\/wp\/v2\/tags?post=84832"}],"curies":[{"name":"wp","href":"https:\/\/api.w.org\/{rel}","templated":true}]}}