{"id":84822,"date":"2025-08-03T00:14:37","date_gmt":"2025-08-02T22:14:37","guid":{"rendered":"https:\/\/www.infokuryr.cz\/n\/?p=84822"},"modified":"2025-08-02T15:08:14","modified_gmt":"2025-08-02T13:08:14","slug":"angry-birds-zapalili-zeleznicni-trat-levicove-extremisticky-teror-v-nemecku","status":"publish","type":"post","link":"https:\/\/www.infokuryr.cz\/n\/2025\/08\/03\/angry-birds-zapalili-zeleznicni-trat-levicove-extremisticky-teror-v-nemecku\/","title":{"rendered":"\u201eAngry Birds\u201c zap\u00e1lili \u017eelezni\u010dn\u00ed tra\u0165 \u2013 levicov\u011b extremistick\u00fd teror v N\u011bmecku"},"content":{"rendered":"<div id=\"fb-root\"><\/div>\n<p><strong><span>V obecn\u00e9m ideologicky motivovan\u00e9m \u0161\u00edlenstv\u00ed \u201eboje proti krajn\u00ed pravici\u201c je st\u00e1tn\u00ed bezpe\u010dnost na jedno oko slep\u00e1. Nen\u00ed divu, \u017ee levicov\u00ed extremist\u00e9 mohli neru\u0161en\u011b prov\u00e9st \u00fatok na n\u011bmeckou \u017eelezni\u010dn\u00ed s\u00ed\u0165 \u2013 a dokonce ho oslavili na levicov\u00e9 platform\u011b \u201eIndymedia\u201c.<\/span><\/strong><\/p>\n<p><span>Stalo se to znovu: \u017eh\u00e1\u0159sk\u00fd \u00fatok na kritickou infrastrukturu, tentokr\u00e1t mezi D\u00fcsseldorfem a Duisburgem \u2013 a op\u011bt se na nechvaln\u011b zn\u00e1m\u00e9 platform\u011b Indymedia oz\u00fdvaj\u00ed samozvan\u00ed dobrodinci z levicov\u011b extremistick\u00e9 sc\u00e9ny.\u00a0<\/span><a href=\"https:\/\/www.n-tv.de\/panorama\/Kommando-Angry-Birds-reklamiert-Brandanschlag-auf-Bahnstrecke-fuer-sich-article25938526.html\"><span>K \u00fatoku<\/span><\/a><span> , kter\u00fd paralyzoval \u017eelezni\u010dn\u00ed dopravu na jedn\u00e9 z nejd\u016fle\u017eit\u011bj\u0161\u00edch n\u011bmeck\u00fdch tras, se p\u0159ihl\u00e1sila \u201eAngry Birds Commando\u201c \u2013 z\u0159ejm\u011b jak\u00e1si infantilizovan\u00e1 teroristick\u00e1 odno\u017e se sklonem k pyrom\u00e1nii. D\u016fvod? Obvykl\u00e1 ezotericko-anarchistick\u00e1 environment\u00e1ln\u00ed idealizace: \u201eMnoho v\u011bc\u00ed by fungovalo nekone\u010dn\u011b l\u00e9pe bez pr\u016fmyslov\u00e9ho syst\u00e9mu.\u201c Jak p\u0159\u00edhodn\u00e9, \u017ee statis\u00edce doj\u00ed\u017ed\u011bj\u00edc\u00edch, \u0161kol\u00e1k\u016f, d\u016fchodc\u016f a pracuj\u00edc\u00edch \u010del\u00ed v d\u016fsledku tohoto antikapitalistick\u00e9ho osv\u00edcen\u00ed obrovsk\u00fdm probl\u00e9m\u016fm. Mimochodem, je to zjevn\u011b tent\u00fd\u017e gang, kter\u00fd (viz tweet n\u00ed\u017ee) na konci kv\u011btna zap\u00e1lil t\u0159i rozhlasov\u00e9 sto\u017e\u00e1ry.<\/span><\/p>\n<figure class=\"wp-block-embed is-type-rich is-provider-twitter wp-block-embed-twitter\">\n<div class=\"wp-block-embed__wrapper\">\n<div class=\"twitter-tweet twitter-tweet-rendered\"><iframe id=\"twitter-widget-0\" class=\"\" title=\"X P\u0159\u00edsp\u011bvek\" src=\"https:\/\/platform.twitter.com\/embed\/Tweet.html?dnt=true&amp;embedId=twitter-widget-0&amp;features=eyJ0ZndfdGltZWxpbmVfbGlzdCI6eyJidWNrZXQiOltdLCJ2ZXJzaW9uIjpudWxsfSwidGZ3X2ZvbGxvd2VyX2NvdW50X3N1bnNldCI6eyJidWNrZXQiOnRydWUsInZlcnNpb24iOm51bGx9LCJ0ZndfdHdlZXRfZWRpdF9iYWNrZW5kIjp7ImJ1Y2tldCI6Im9uIiwidmVyc2lvbiI6bnVsbH0sInRmd19yZWZzcmNfc2Vzc2lvbiI6eyJidWNrZXQiOiJvbiIsInZlcnNpb24iOm51bGx9LCJ0ZndfZm9zbnJfc29mdF9pbnRlcnZlbnRpb25zX2VuYWJsZWQiOnsiYnVja2V0Ijoib24iLCJ2ZXJzaW9uIjpudWxsfSwidGZ3X21peGVkX21lZGlhXzE1ODk3Ijp7ImJ1Y2tldCI6InRyZWF0bWVudCIsInZlcnNpb24iOm51bGx9LCJ0ZndfZXhwZXJpbWVudHNfY29va2llX2V4cGlyYXRpb24iOnsiYnVja2V0IjoxMjA5NjAwLCJ2ZXJzaW9uIjpudWxsfSwidGZ3X3Nob3dfYmlyZHdhdGNoX3Bpdm90c19lbmFibGVkIjp7ImJ1Y2tldCI6Im9uIiwidmVyc2lvbiI6bnVsbH0sInRmd19kdXBsaWNhdGVfc2NyaWJlc190b19zZXR0aW5ncyI6eyJidWNrZXQiOiJvbiIsInZlcnNpb24iOm51bGx9LCJ0ZndfdXNlX3Byb2ZpbGVfaW1hZ2Vfc2hhcGVfZW5hYmxlZCI6eyJidWNrZXQiOiJvbiIsInZlcnNpb24iOm51bGx9LCJ0ZndfdmlkZW9faGxzX2R5bmFtaWNfbWFuaWZlc3RzXzE1MDgyIjp7ImJ1Y2tldCI6InRydWVfYml0cmF0ZSIsInZlcnNpb24iOm51bGx9LCJ0ZndfbGVnYWN5X3RpbWVsaW5lX3N1bnNldCI6eyJidWNrZXQiOnRydWUsInZlcnNpb24iOm51bGx9LCJ0ZndfdHdlZXRfZWRpdF9mcm9udGVuZCI6eyJidWNrZXQiOiJvbiIsInZlcnNpb24iOm51bGx9fQ%3D%3D&amp;frame=false&amp;hideCard=false&amp;hideThread=false&amp;id=1929452695091372493&amp;lang=de&amp;origin=https%3A%2F%2Freport24.news%2Fangry-birds-zuenden-bahntrasse-an-linksextremer-terror-in-deutschland%2F&amp;sessionId=3f909b6cee18a02fc0ba2a2deb31f83662b8e6b0&amp;theme=light&amp;widgetsVersion=2615f7e52b7e0%3A1702314776716&amp;width=550px\" frameborder=\"0\" scrolling=\"no\" allowfullscreen=\"allowfullscreen\" data-tweet-id=\"1929452695091372493\" data-mce-fragment=\"1\"><\/iframe><\/div>\n<\/div>\n<\/figure>\n<p><span>Tento \u010din nen\u00ed ojedin\u011bl\u00fd p\u0159\u00edpad. Levicov\u00ed extremist\u00e9 jsou po l\u00e9ta slep\u00fdm m\u00edstem v politick\u00e9m diskurzu t\u00e9to zem\u011b \u2013 m\u00e9dia je trivializuj\u00ed, politicky bagatelizuj\u00ed a pr\u00e1vn\u00ed syst\u00e9m s nimi zach\u00e1z\u00ed s lehkov\u00e1\u017enost\u00ed. Ka\u017ed\u00fd, kdo ve\u0159ejn\u011b varuje p\u0159ed islamistick\u00fdm terorem, je stigmatizov\u00e1n jako \u201eislamofob\u201c. Ka\u017ed\u00fd, kdo poukazuje na n\u00e1sil\u00ed pravicov\u00fdch extremist\u016f, je v\u017edy ocen\u011bn. Ale kdy\u017e kruhy bl\u00edzk\u00e9 Antif\u011b sabotuj\u00ed civiln\u00ed infrastrukturu, blokuj\u00ed d\u00e1lnice nebo zapaluj\u00ed elektrick\u00e9 veden\u00ed, nastane trapn\u00e9 ticho \u2013 v lep\u0161\u00edm p\u0159\u00edpad\u011b je ozna\u010duj\u00ed za \u201eaktivisty\u201c, v nejhor\u0161\u00edm za \u201ekritick\u00fd protest\u201c. Nesta\u010d\u00ed p\u0159ihl\u00e1\u0161en\u00ed se k odpov\u011bdnosti na platform\u011b, kter\u00e1 po l\u00e9ta slou\u017eila jako digit\u00e1ln\u00ed prost\u0159ed\u00ed pro levicov\u00e9 n\u00e1siln\u00e9 fantazie, k tomu, aby se kone\u010dn\u011b za\u010dalo jednat?<\/span><\/p>\n<p><span>Levicov\u00ed terorist\u00e9 se vyd\u00e1vaj\u00ed za bojovn\u00edky proti \u201epr\u016fmyslov\u00e9mu syst\u00e9mu\u201c. Ve skute\u010dnosti se chovaj\u00ed jako modern\u00ed\u00a0<\/span><a href=\"https:\/\/de.wikipedia.org\/wiki\/Luddismus\"><span>luddit\u00e9<\/span><\/a><span> s Wi-Fi: proti technologi\u00edm, zka\u017een\u00ed prosperitou a ve sv\u00e9m vlastn\u00edm ideologick\u00e9m klamu naprosto neschopn\u00ed rozli\u0161it mezi ob\u010dansk\u00fdm protestem a zlo\u010dinnou sabot\u00e1\u017e\u00ed. Jejich \u010diny se nezam\u011b\u0159uj\u00ed na \u201ekorporace\u201c ani \u201emocn\u00e9\u201c, ale sp\u00ed\u0161e na skute\u010dn\u00e9 lidi \u2013 cestovatele, rodiny, nemocn\u00e9 lidi cestuj\u00edc\u00ed k l\u00e9ka\u0159i, doj\u00ed\u017ed\u011bj\u00edc\u00ed, \u0161kol\u00e1ky. Mor\u00e1ln\u00ed zanedb\u00e1v\u00e1n\u00ed, kter\u00e9 levicov\u00fd st\u00e1t bagatelizuje.<\/span><\/p>\n<p><span>Ale co lze o\u010dek\u00e1vat v zemi, kde se \u201eboj proti krajn\u00ed pravici\u201c stal mor\u00e1ln\u00edm imperativem a levicov\u00e9 teroristick\u00e9 \u017eivly si zjevn\u011b mohou bez p\u0159ek\u00e1\u017eek dop\u0159\u00e1vat nen\u00e1vist ke v\u0161emu bur\u017eoazn\u00edmu? Koneckonc\u016f, \u201eka\u017ed\u00fd je nacista\u201c \u2013 krom\u011b t\u011bch, kte\u0159\u00ed se nach\u00e1zej\u00ed v levicov\u011b extremistick\u00fdch kruz\u00edch.<\/span><\/p>\n<p><img decoding=\"async\" loading=\"lazy\" class=\"alignnone size-full wp-image-1185\" src=\"http:\/\/www.infokuryr.cz\/n\/wp-content\/uploads\/2021\/04\/kuryr-podpis.png\" alt=\"\" width=\"84\" height=\"24\" \/><\/p>\n<p>&nbsp;<\/p>\n","protected":false},"excerpt":{"rendered":"<p>V obecn\u00e9m ideologicky motivovan\u00e9m \u0161\u00edlenstv\u00ed \u201eboje proti krajn\u00ed pravici\u201c je st\u00e1tn\u00ed bezpe\u010dnost na jedno oko&#8230;<\/p>\n","protected":false},"author":2,"featured_media":84823,"comment_status":"closed","ping_status":"closed","sticky":false,"template":"","format":"standard","meta":[],"categories":[7],"tags":[5097,84,2703],"_links":{"self":[{"href":"https:\/\/www.infokuryr.cz\/n\/wp-json\/wp\/v2\/posts\/84822"}],"collection":[{"href":"https:\/\/www.infokuryr.cz\/n\/wp-json\/wp\/v2\/posts"}],"about":[{"href":"https:\/\/www.infokuryr.cz\/n\/wp-json\/wp\/v2\/types\/post"}],"author":[{"embeddable":true,"href":"https:\/\/www.infokuryr.cz\/n\/wp-json\/wp\/v2\/users\/2"}],"replies":[{"embeddable":true,"href":"https:\/\/www.infokuryr.cz\/n\/wp-json\/wp\/v2\/comments?post=84822"}],"version-history":[{"count":0,"href":"https:\/\/www.infokuryr.cz\/n\/wp-json\/wp\/v2\/posts\/84822\/revisions"}],"wp:featuredmedia":[{"embeddable":true,"href":"https:\/\/www.infokuryr.cz\/n\/wp-json\/wp\/v2\/media\/84823"}],"wp:attachment":[{"href":"https:\/\/www.infokuryr.cz\/n\/wp-json\/wp\/v2\/media?parent=84822"}],"wp:term":[{"taxonomy":"category","embeddable":true,"href":"https:\/\/www.infokuryr.cz\/n\/wp-json\/wp\/v2\/categories?post=84822"},{"taxonomy":"post_tag","embeddable":true,"href":"https:\/\/www.infokuryr.cz\/n\/wp-json\/wp\/v2\/tags?post=84822"}],"curies":[{"name":"wp","href":"https:\/\/api.w.org\/{rel}","templated":true}]}}