{"id":84808,"date":"2025-08-02T00:13:31","date_gmt":"2025-08-01T22:13:31","guid":{"rendered":"https:\/\/www.infokuryr.cz\/n\/?p=84808"},"modified":"2025-08-01T19:49:59","modified_gmt":"2025-08-01T17:49:59","slug":"petr-pokorny-bizar-nema-dno-biomasa-jau-jau-katerina-se-nyni-vrhla-na-vojaky-s-moralni-osvetou-jako-ombudsmanka","status":"publish","type":"post","link":"https:\/\/www.infokuryr.cz\/n\/2025\/08\/02\/petr-pokorny-bizar-nema-dno-biomasa-jau-jau-katerina-se-nyni-vrhla-na-vojaky-s-moralni-osvetou-jako-ombudsmanka\/","title":{"rendered":"Petr Pokorn\u00fd: Biz\u00e1r nem\u00e1 dno. Biomasa Jau Jau Kate\u0159ina se nyn\u00ed vrhla na voj\u00e1ky s mor\u00e1ln\u00ed osv\u011btou jako ombudsmanka"},"content":{"rendered":"<div id=\"fb-root\"><\/div>\n<div class=\"introtext\">\n<h4>N\u011bkdej\u0161\u00ed poslankyn\u011b Zelen\u00fdch Kate\u0159ina Jacques se nechala vyfotit nah\u00e1 u vody. M\u011bla k tomu zvl\u00e1\u0161tn\u00ed d\u016fvod. Ze Stromovky mezi voj\u00e1ky vedle na \u00fast\u0159ed\u00ed je to coby kamenem dohodil. Hop a je tu lidoop.<\/h4>\n<\/div>\n<div class=\"fulltext\">\n<p>\u201eJau! Jau! Von mi l\u00e1me ruce!\u201c Kam se hrabe \u201ebiomasa\u201c. Tato sc\u00e9na Kate\u0159iny Jacques st\u00e1la policistu pr\u00e1ci i zdrav\u00ed. Rodina\u00a0<strong>Moniky Pajerov\u00e9<\/strong>, b\u00fdval\u00e9 v\u016fdkyn\u011b SSM a komunistick\u00e9 z\u00e1lohy jako agenta P\u00e1vka, a Biomasov\u00e9 Kate\u0159iny, co\u017e je jej\u00ed sest\u0159i\u010dka\u00a0<strong>Kate\u0159ina<\/strong>\u00a0\u017d\u00c1KOV\u00c1 Burs\u00edkov\u00e1 rodn\u00fdm jm\u00e9nem tak\u00e9\u00a0<strong>Pajerov\u00e1<\/strong>, t\u00e9\u017e zn\u00e1m\u00e1 jako zelen\u00e1\u00a0<strong>&#8222;Biomasa&#8220; si nyn\u00ed na\u0161la dal\u0161\u00ed \u0161olich.\u00a0<\/strong><\/p>\n<p><span class=\"x193iq5w xeuugli x13faqbe x1vvkbs x1xmvt09 x1lliihq x1s928wv xhkezso x1gmr53x x1cpjm7i x1fgarty x1943h6x xudqn12 x3x7a5m x6prxxf xvq8zen xo1l8bm xzsf02u\" dir=\"auto\"><em>Franti\u0161ek Mat\u011bjka<\/em><br class=\"html-br\" \/><br class=\"html-br\" \/>\u201eKate\u0159ina Burs\u00edkov\u00e1 Jacques, b\u00fdval\u00e1 poslankyn\u011b za Stranu zelen\u00fdch, se\u00a0<strong>za\u010d\u00e1tkem \u010dervence stala ombudsmankou ministerstva obrany<\/strong>.<strong>\u00a0Chce se zam\u011b\u0159it na osv\u011btu,\u00a0<\/strong>vzd\u011bl\u00e1v\u00e1n\u00ed, posilov\u00e1n\u00ed mezirezortn\u00ed i mezin\u00e1rodn\u00ed spolupr\u00e1ce a ochranu lidsk\u00fdch pr\u00e1v.\u201c\u00a0<span class=\"html-span xexx8yu xyri2b x18d9i69 x1c1uobl x1hl2dhg x16tdsg8 x1vvkbs x3nfvp2 x1j61x8r x1fcty0u xdj266r xat24cr xm2jcoa x1mpyi22 xxymvpz xlup9mm x1kky2od\"><img decoding=\"async\" loading=\"lazy\" class=\"xz74otr x15mokao x1ga7v0g x16uus16 xbiv7yw\" src=\"https:\/\/static.xx.fbcdn.net\/images\/emoji.php\/v9\/tf5\/1\/16\/1f937.png\" alt=\"?\" width=\"16\" height=\"16\" \/><\/span><br class=\"html-br\" \/><br class=\"html-br\" \/>Zvedl jsem telefon a hodn\u011b pobaven touto zpr\u00e1vou jsem vyt\u011b\u017eil p\u00e1r p\u0159\u00e1tel z arm\u00e1dy na r\u016fzn\u00fdch pozic\u00edch, abych se dozv\u011bd\u011bl, co si o tom mysl\u00ed a jak to Arm\u00e1du \u010cesk\u00e9 republiky posune. Asi takhle&#8230; ned\u00e1 se to publikovat. Styd\u011bl bych se i za citace. N\u011bkter\u00e1 slova jsem ani neznal.\u00a0<span class=\"html-span xexx8yu xyri2b x18d9i69 x1c1uobl x1hl2dhg x16tdsg8 x1vvkbs x3nfvp2 x1j61x8r x1fcty0u xdj266r xat24cr xm2jcoa x1mpyi22 xxymvpz xlup9mm x1kky2od\"><img decoding=\"async\" loading=\"lazy\" class=\"xz74otr x15mokao x1ga7v0g x16uus16 xbiv7yw\" src=\"https:\/\/static.xx.fbcdn.net\/images\/emoji.php\/v9\/t53\/1\/16\/1f605.png\" alt=\"?\" width=\"16\" height=\"16\" \/><\/span><\/span><\/p>\n<p>Zd\u00e1 se, \u017ee rabov\u00e1n\u00ed st\u00e1tn\u00ed kasy s mor\u00e1ln\u00ed \u0161pinou se nese ruku v ruce na sta miliard\u00e1ch odt\u00e9kaj\u00edc\u00edch z arm\u00e1dy b\u016fhv\u00ed komu do kapes.<\/p>\n<h2>A nad nimi bd\u00ed mor\u00e1ln\u00ed sloup d\u00e1ma s fale\u0161n\u00fdmi tituly na ministerstvu spravedlnosti.<\/h2>\n<p><img decoding=\"async\" loading=\"lazy\" class=\"aligncenter\" src=\"https:\/\/www.skrytapravda.cz\/images\/blogy\/805\/2025\/8srpen\/Sn%C3%ADmek_obrazovky_4107_4828d.webp\" alt=\"Sn\u00edmek obrazovky 4107 4828d\" width=\"536\" height=\"948\" \/><\/p>\n<p><strong>Co chcete o politice 2025 v \u010cesk\u00e9 republice v\u011bd\u011bt v\u00edc?\u00a0<\/strong><\/p>\n<p><em>Jau Jau Biomasov\u00e1 u ministerstva v\u00e1lky nen\u00ed fotomont\u00e1\u017e, zde origin\u00e1l<\/em><\/p>\n<p><a title=\"Kate\u0159ina Jacques svl\u00e9kla \u0161aty a p\u00f3zovala ve Stromovce: Pak se vrhla do jez\u00edrka pro kachny\" href=\"https:\/\/www.blesk.cz\/galerie\/zpravy-politika\/854201\/katerina-jacques-svlekla-saty-a-pozovala-ve-stromovce-pak-se-vrhla-do-jezirka-pro-kachny?foto=0\" target=\"_blank\" rel=\"noopener\">Kate\u0159ina Jacques svl\u00e9kla \u0161aty a p\u00f3zovala ve Stromovce: Pak se vrhla do jez\u00edrka pro kachny<\/a><\/p>\n<div class=\"clauthor\">\n<div id=\"article_author\"><a href=\"https:\/\/www.skrytapravda.cz\/z-domova\/2697-bizar-nema-dno-biomasa-jau-jau-katerina-se-nyni-vrhla-na-vojaky-s-moralni-osvetou-jako-ombudsmanka\">Petr Pokorn\u00fd<\/a><\/div>\n<div><\/div>\n<\/div>\n<\/div>\n","protected":false},"excerpt":{"rendered":"<p>N\u011bkdej\u0161\u00ed poslankyn\u011b Zelen\u00fdch Kate\u0159ina Jacques se nechala vyfotit nah\u00e1 u vody. M\u011bla k tomu zvl\u00e1\u0161tn\u00ed&#8230;<\/p>\n","protected":false},"author":2,"featured_media":84809,"comment_status":"closed","ping_status":"closed","sticky":false,"template":"","format":"standard","meta":[],"categories":[6],"tags":[80,8082,2854,1503],"_links":{"self":[{"href":"https:\/\/www.infokuryr.cz\/n\/wp-json\/wp\/v2\/posts\/84808"}],"collection":[{"href":"https:\/\/www.infokuryr.cz\/n\/wp-json\/wp\/v2\/posts"}],"about":[{"href":"https:\/\/www.infokuryr.cz\/n\/wp-json\/wp\/v2\/types\/post"}],"author":[{"embeddable":true,"href":"https:\/\/www.infokuryr.cz\/n\/wp-json\/wp\/v2\/users\/2"}],"replies":[{"embeddable":true,"href":"https:\/\/www.infokuryr.cz\/n\/wp-json\/wp\/v2\/comments?post=84808"}],"version-history":[{"count":1,"href":"https:\/\/www.infokuryr.cz\/n\/wp-json\/wp\/v2\/posts\/84808\/revisions"}],"predecessor-version":[{"id":84810,"href":"https:\/\/www.infokuryr.cz\/n\/wp-json\/wp\/v2\/posts\/84808\/revisions\/84810"}],"wp:featuredmedia":[{"embeddable":true,"href":"https:\/\/www.infokuryr.cz\/n\/wp-json\/wp\/v2\/media\/84809"}],"wp:attachment":[{"href":"https:\/\/www.infokuryr.cz\/n\/wp-json\/wp\/v2\/media?parent=84808"}],"wp:term":[{"taxonomy":"category","embeddable":true,"href":"https:\/\/www.infokuryr.cz\/n\/wp-json\/wp\/v2\/categories?post=84808"},{"taxonomy":"post_tag","embeddable":true,"href":"https:\/\/www.infokuryr.cz\/n\/wp-json\/wp\/v2\/tags?post=84808"}],"curies":[{"name":"wp","href":"https:\/\/api.w.org\/{rel}","templated":true}]}}