{"id":8480,"date":"2022-02-22T07:22:50","date_gmt":"2022-02-22T06:22:50","guid":{"rendered":"http:\/\/www.infokuryr.cz\/n\/?p=8480"},"modified":"2022-02-22T07:28:55","modified_gmt":"2022-02-22T06:28:55","slug":"8480","status":"publish","type":"post","link":"https:\/\/www.infokuryr.cz\/n\/2022\/02\/22\/8480\/","title":{"rendered":"\u010ce\u0161i m\u00e1lo miluj\u00ed Z\u00e1pad. Ministerstvo vnitra chce zas\u00e1hnout"},"content":{"rendered":"<div id=\"fb-root\"><\/div>\n<p>Ministerstvo vnitra se zhrozilo. \u010ce\u0161i se nehl\u00e1s\u00ed k Z\u00e1padu. Maj\u00ed vlastn\u00ed identitu. Podle rezortu V\u00edta Raku\u0161ana za t\u00edm mohou b\u00fdt dezinformace. A co jin\u00e9ho?<\/p>\n<p>Jen si to p\u0159edstavte. Jak\u00e1 dezinformace ohro\u017euje \u010deskou spole\u010dnost? Stra\u0161en\u00ed americk\u00e9ho prezidenta Joea Bidena, \u017ee Rusko za\u00fato\u010d\u00ed \u2013 ano, ano, u\u017e zase \u2013 na Ukrajinu? Omyl. To podle lep\u0161olid\u00ed nen\u00ed fake news, ale pr\u00fd pouh\u00e9 nep\u0159esn\u00e9 varov\u00e1n\u00ed. Na\u0161i republiku ohro\u017euje slab\u00e1 l\u00e1ska k Z\u00e1padu.<\/p>\n<p>\u010ctete spr\u00e1vn\u011b. To je n\u00e1zor \u010desk\u00e9ho ministerstva vnitra. Kter\u00e9 si navrch st\u011b\u017euje, \u017ee \u010ce\u0161i v\u011b\u0159\u00ed vlastn\u00ed, st\u0159edoevropsk\u00e9 identit\u011b v\u00edc ne\u017e z\u00e1padn\u00edm hodnot\u00e1m. \u010ce\u0161i se necht\u011bj\u00ed p\u0159ich\u00fdlit k z\u00e1padn\u00edmu dubisku a rezort V\u00edta Raku\u0161ana to pova\u017euje za pr\u00e1ci dezinform\u00e1tor\u016f.<\/p>\n<p>\u201eVedle klasick\u00e9ho ch\u00e1p\u00e1n\u00ed st\u0159edoevropsk\u00e9ho prostoru jako spole\u010dn\u00e9 identity a politick\u00e9ho celku ale v posledn\u00edch letech v \u010cesk\u00e9 republice st\u00e1le \u010dast\u011bji doch\u00e1z\u00ed i ke zneu\u017e\u00edv\u00e1n\u00ed tohoto konceptu zejm\u00e9na v kontextu snah negativn\u011b se vymezovat v\u016f\u010di dal\u0161\u00edm zem\u00edm a nabour\u00e1vat politick\u00e9 vazby na na\u0161e spojence,&#8220; stoj\u00ed v textu Centra proti terorismu a hybridn\u00edm hrozb\u00e1m \u010desk\u00e9ho ministerstva vnitra.<\/p>\n<p>A te\u010f p\u0159ich\u00e1z\u00ed pl\u00e1\u010d. \u201eJak vypl\u00fdv\u00e1 nap\u0159. z v\u00fdzkum\u016f ve\u0159ejn\u00e9ho m\u00edn\u011bn\u00ed GLOBSEC Trends 2021, 58 % dot\u00e1zan\u00fdch se neidentifikuje se Z\u00e1padem (ten m\u00e1 33 %), ani V\u00fdchodem (ten m\u00e1 2 %), ale pr\u00e1v\u011b jako \u201en\u011bco mezi\u201c. Z\u00e1rove\u0148 se jedn\u00e1 o pod\u00edl, kter\u00fd dlouhodob\u011b roste \u2013 ve stejn\u00e9m v\u00fdzkumu v roce 2016 to bylo 48 % dot\u00e1zan\u00fdch a v roce 2018 55 % dot\u00e1zan\u00fdch. Popularita za\u0159azen\u00ed \u010cesk\u00e9 republiky na Z\u00e1pad byla v roce 2016 30 % a v roce 2018 38 %. V p\u0159\u00edpad\u011b \u017e\u00e1douc\u00edho za\u0159azen\u00ed zem\u011b na Z\u00e1pad tedy vid\u00edme od vrcholu v roce 2018 drobn\u00fd pokles,&#8220; stoj\u00ed v textu.<\/p>\n<p>Jin\u00fdmi slovy \u0159e\u010deno, Raku\u0161anov\u00fdm lidem vad\u00ed, \u017ee \u010ce\u0161i to necht\u011bj\u00ed t\u00e1hnout se Z\u00e1padem. \u017de selsk\u00fdm rozumem dok\u00e1\u017ee na\u0161e spole\u010dnost analyzovat, co se na Z\u00e1pad\u011b d\u011bje. A \u017ee k tomu m\u00e1me sv\u016fj autentick\u00fd postoj, kter\u00fd je spojen s kulturou a histori\u00ed na\u0161\u00ed zem\u011b a na\u0161eho regionu.<\/p>\n<p>Jen\u017ee vl\u00e1da se hl\u00e1s\u00ed k t\u011bsn\u00e9mu spojenectv\u00ed se Z\u00e1padem. Proto nev\u00e1h\u00e1 obvinit lidi z nel\u00e1sky k Z\u00e1padu. A vin\u00edk? Vin\u00edkem jsou samoz\u0159ejm\u011b dezinformace. Nikoli pokryteck\u00e1 politika z\u00e1padn\u00edch st\u00e1t\u016f. Nikoli genderov\u00e9 a BLM \u0161\u00edlenstv\u00ed na Z\u00e1pad\u011b. To je podle ministerstva v po\u0159\u00e1dku. Vad\u00ed my\u0161len\u00ed vlastn\u00ed hlavou.<br \/>\n\u201eSystematick\u00e9 budov\u00e1n\u00ed tohoto typu politick\u00e9 identity (st\u0159edoevropanstv\u00ed &#8211; pozn. Sputniku) nicm\u00e9n\u011b m\u016f\u017ee m\u00edt za d\u016fsledek tak\u00e9 posilov\u00e1n\u00ed izolacionistick\u00e9ho sm\u00fd\u0161len\u00ed o sob\u011b sama nebo oslabov\u00e1n\u00ed mezin\u00e1rodn\u00ed solidarity \u010di pocitu p\u0159in\u00e1le\u017eitosti k Evropsk\u00e9 unii nebo Z\u00e1padu jako civiliza\u010dn\u00edho okruhu. To m\u016f\u017ee v dlouhodob\u00e9m m\u011b\u0159\u00edtku znamenat riziko pro pozici \u010cesk\u00e9 republiky v mezin\u00e1rodn\u00edm syst\u00e9mu,&#8220; p\u00ed\u0161e se v textu ministerstva vnitra.<\/p>\n<p>Jen\u017ee lidi z vnitra to ch\u00e1pou \u0161patn\u011b. \u010cesk\u00e9 spole\u010dnosti nejde o to, aby se uzav\u0159ela p\u0159ed okoln\u00edm sv\u011btem. \u010ce\u0161i se cht\u011bj\u00ed izolovat p\u0159ed zhoubn\u00fdmi vlivy ideologi\u00ed, kter\u00e9 k n\u00e1m p\u0159ich\u00e1zej\u00ed ze Z\u00e1padu. Chceme, aby na\u0161e kultura a tradice p\u0159e\u017eily a nebyly nahrazeny z\u00e1padn\u00edmi zmetky, kter\u00e9 vznikly ve washingtonsk\u00fdch kav\u00e1rn\u00e1ch.<\/p>\n<p>Na\u0161\u00ed povinnost\u00ed nen\u00ed vybrat si stranu. Nemus\u00edme ani na V\u00fdchod, ani na Z\u00e1pad. M\u016f\u017eeme b\u00fdt v\u011brni sami sob\u011b. A to navzdory skute\u010dnosti, \u017ee jsme \u010dleny EU i NATO.<\/p>\n<p><a href=\"https:\/\/cz.sputniknews.com\/20220221\/cesi-malo-miluji-zapad-ministerstvo-vnitra-chce-zasahnout-17722891.html\">Alena Novotn\u00e1<\/a><\/p>\n<p>&nbsp;<\/p>\n","protected":false},"excerpt":{"rendered":"<p>Ministerstvo vnitra se zhrozilo. \u010ce\u0161i se nehl\u00e1s\u00ed k Z\u00e1padu. Maj\u00ed vlastn\u00ed identitu. Podle rezortu V\u00edta&#8230;<\/p>\n","protected":false},"author":2,"featured_media":8481,"comment_status":"closed","ping_status":"closed","sticky":false,"template":"","format":"standard","meta":[],"categories":[6],"tags":[670,76,28,1809,365],"_links":{"self":[{"href":"https:\/\/www.infokuryr.cz\/n\/wp-json\/wp\/v2\/posts\/8480"}],"collection":[{"href":"https:\/\/www.infokuryr.cz\/n\/wp-json\/wp\/v2\/posts"}],"about":[{"href":"https:\/\/www.infokuryr.cz\/n\/wp-json\/wp\/v2\/types\/post"}],"author":[{"embeddable":true,"href":"https:\/\/www.infokuryr.cz\/n\/wp-json\/wp\/v2\/users\/2"}],"replies":[{"embeddable":true,"href":"https:\/\/www.infokuryr.cz\/n\/wp-json\/wp\/v2\/comments?post=8480"}],"version-history":[{"count":1,"href":"https:\/\/www.infokuryr.cz\/n\/wp-json\/wp\/v2\/posts\/8480\/revisions"}],"predecessor-version":[{"id":8482,"href":"https:\/\/www.infokuryr.cz\/n\/wp-json\/wp\/v2\/posts\/8480\/revisions\/8482"}],"wp:featuredmedia":[{"embeddable":true,"href":"https:\/\/www.infokuryr.cz\/n\/wp-json\/wp\/v2\/media\/8481"}],"wp:attachment":[{"href":"https:\/\/www.infokuryr.cz\/n\/wp-json\/wp\/v2\/media?parent=8480"}],"wp:term":[{"taxonomy":"category","embeddable":true,"href":"https:\/\/www.infokuryr.cz\/n\/wp-json\/wp\/v2\/categories?post=8480"},{"taxonomy":"post_tag","embeddable":true,"href":"https:\/\/www.infokuryr.cz\/n\/wp-json\/wp\/v2\/tags?post=8480"}],"curies":[{"name":"wp","href":"https:\/\/api.w.org\/{rel}","templated":true}]}}