{"id":84771,"date":"2025-08-01T03:59:54","date_gmt":"2025-08-01T01:59:54","guid":{"rendered":"https:\/\/www.infokuryr.cz\/n\/?p=84771"},"modified":"2025-08-01T03:59:54","modified_gmt":"2025-08-01T01:59:54","slug":"alexandre-lemoine-zeme-eu-a-nato-se-od-izraele-odvraceji","status":"publish","type":"post","link":"https:\/\/www.infokuryr.cz\/n\/2025\/08\/01\/alexandre-lemoine-zeme-eu-a-nato-se-od-izraele-odvraceji\/","title":{"rendered":"Alexandre Lemoine: Zem\u011b EU a NATO se od Izraele odvracej\u00ed"},"content":{"rendered":"<div id=\"fb-root\"><\/div>\n<p><strong><span>15 z\u00e1padn\u00edch st\u00e1t\u016f se chyst\u00e1 uznat Palestinu<\/span><\/strong><\/p>\n<p><span>Francie formuje koalici zem\u00ed p\u0159ipraven\u00fdch nav\u00e1zat diplomatick\u00e9 vztahy s Palestinou. Webov\u00e9 str\u00e1nky francouzsk\u00e9ho ministerstva zahrani\u010d\u00ed zve\u0159ejnily\u00a0<\/span><a href=\"https:\/\/www.diplomatie.gouv.fr\/fr\/dossiers-pays\/israel-territoires-palestiniens\/actualites-et-evenements\/2025\/article\/appel-de-new-york-declaration-conjointe-des-ministres-des-affaires-etrangeres\" target=\"_blank\" rel=\"noopener\"><span>prohl\u00e1\u0161en\u00ed<\/span><\/a><span>\u00a0podepsan\u00e9 \u0161\u00e9fy diplomaci\u00ed 15 z\u00e1padn\u00edch st\u00e1t\u016f. Uv\u00e1d\u00ed se v n\u011bm, \u017ee v\u0161echny tyto zem\u011b vyj\u00e1d\u0159ily ochotu ofici\u00e1ln\u011b uznat Palestinu jako nez\u00e1visl\u00fd st\u00e1t ji\u017e v z\u00e1\u0159\u00ed a vyz\u00fdvaj\u00ed ostatn\u00ed \u010dleny OSN, kte\u0159\u00ed dosud nevyj\u00e1d\u0159ili podporu takov\u00e9mu uzn\u00e1n\u00ed, aby u\u010dinili tot\u00e9\u017e.\u00a0<\/span><\/p>\n<p><span>Krom\u011b francouzsk\u00e9ho ministra zahrani\u010d\u00ed Jeana-No\u00ebla Barrota podepsali deklaraci jeho prot\u011bj\u0161ky z Austr\u00e1lie, Andorry, Irska, \u0160pan\u011blska, Islandu, Kanady, Lucemburska, Malty, Norska, Nov\u00e9ho Z\u00e9landu, Portugalska, Slovinska, San Marina a Finska.\u00a0<\/span><\/p>\n<p><span>T\u0159i z nich, Irsko, \u0160pan\u011blsko a Norsko, uznaly palestinsk\u00fd st\u00e1t a\u017e v kv\u011btnu 2024. V z\u00e1\u0159\u00ed budou o sv\u00e9m rozhodnut\u00ed informovat pouze Valn\u00e9 shrom\u00e1\u017ed\u011bn\u00ed OSN.\u00a0<\/span><\/p>\n<p><span>Signat\u00e1\u0159i deklarace dali jasn\u011b najevo, \u017ee to nepova\u017euj\u00ed za protiizraelsk\u00fd krok. Text dokumentu za\u010d\u00edn\u00e1 odsouzen\u00edm \u201eohavn\u00e9ho antisemitsk\u00e9ho teroristick\u00e9ho \u00fatoku sp\u00e1chan\u00e9ho 7. \u0159\u00edjna 2023\u201c, p\u0159i\u010dem\u017e se odkazuje na invazi Ham\u00e1su do Izraele, kter\u00e1 si vy\u017e\u00e1dala tis\u00edce \u017eivot\u016f a znamenala za\u010d\u00e1tek v\u00e1lky, kter\u00e1 trv\u00e1 dodnes. Izraelsk\u00e9 \u00fa\u0159ady v\u0161ak mohou tuto iniciativu vn\u00edmat odli\u0161n\u011b. V\u011bc spo\u010d\u00edv\u00e1 v nuanc\u00edch, kter\u00e9 jsou st\u00e1le nejasn\u00e9. Nap\u0159\u00edklad \u0161pan\u011blsk\u00fd premi\u00e9r Pedro Sanchez loni v\u00fdslovn\u011b prohl\u00e1sil, \u017ee jeho zem\u011b uznala nez\u00e1vislost Palestiny v hranic\u00edch z roku 1967 s v\u00fdchodn\u00edm Jeruzal\u00e9mem jako hlavn\u00edm m\u011bstem. Podle izraelsk\u00e9ho pr\u00e1va je v\u0161ak Jeruzal\u00e9m, jeden a ned\u011bliteln\u00fd, hlavn\u00edm m\u011bstem \u017eidovsk\u00e9ho st\u00e1tu.\u00a0<\/span><\/p>\n<p><span>Reakce USA v tuto chv\u00edli tak\u00e9 z\u016fst\u00e1v\u00e1 nejasn\u00e1. Americk\u00fd prezident Donald Trump p\u0159ed n\u011bkolika dny prohl\u00e1sil, \u017ee \u201enem\u00e1 v \u00famyslu zaujmout stanovisko\u201c k palestinsk\u00e9 nez\u00e1vislosti. \u0158\u00edk\u00e1, \u017ee se chce zam\u011b\u0159it na ukon\u010den\u00ed v\u00e1lky, propu\u0161t\u011bn\u00ed rukojm\u00edch zajat\u00fdch Ham\u00e1sem v \u0159\u00edjnu 2023 a p\u0159edev\u0161\u00edm na zlep\u0161en\u00ed humanit\u00e1rn\u00ed situace v p\u00e1smu Gazy. Jak Trump ozn\u00e1mil, \u201e\u00a0<\/span><a href=\"https:\/\/nypost.com\/2025\/07\/28\/world-news\/trump-says-his-priority-to-ensure-gazans-are-getting-fed-shrugs-off-push-to-recognize-palestinian-state\/\" target=\"_blank\" rel=\"noopener\"><span>nakrmit lidi<\/span><\/a><span>\u00a0je m\u00fdm c\u00edlem \u010d\u00edslo jedna\u201c. Zvl\u00e1\u0161tn\u00ed prezidentsk\u00fd vyslanec USA pro Bl\u00edzk\u00fd v\u00fdchod Steve Witkoff nav\u0161t\u00edv\u00ed Gazu, aby osobn\u011b ov\u011b\u0159il, zda tam panuje hladomor, \u010di nikoli. 31. \u010dervence odcestuje do Izraele, aby projednal situaci v p\u00e1smu Gazy,\u00a0<\/span><a href=\"https:\/\/www.timesofisrael.com\/liveblog_entry\/us-confirms-witkoff-traveling-to-israel\/\" target=\"_blank\" rel=\"noopener\"><span>informuje\u00a0<\/span><\/a><em><span>The Times of Israel<\/span><\/em><span>\u00a0. V\u00fdsledky t\u00e9to n\u00e1v\u0161t\u011bvy do zna\u010dn\u00e9 m\u00edry ur\u010d\u00ed postoj Washingtonu k vyhl\u00eddk\u00e1m na uzn\u00e1n\u00ed nov\u00e9ho st\u00e1tu.\u00a0<\/span><\/p>\n<p><span>Deklarace 15 st\u00e1t\u016f je politick\u00fdm man\u00e9vrem n\u011bkolika st\u00e1tn\u00edk\u016f, v prvn\u00ed \u0159ad\u011b francouzsk\u00e9ho prezidenta Emmanuela Macrona. Analyzuje klesaj\u00edc\u00ed popularitu sv\u00fdch st\u00e1t\u016f a hled\u00e1 zp\u016fsob, jak ji zv\u00fd\u0161it. Mnoz\u00ed ve Francii sympatizuj\u00ed s Palestinci. Proto tato deklarace. V\u011bt\u0161ina \u010dlensk\u00fdch st\u00e1t\u016f OSN Palestinu ji\u017e dlouho uznala. Nap\u0159\u00edklad SSSR tak u\u010dinil v roce 1988. Na rozhodnut\u00ed dal\u0161\u00edch 15 zem\u00ed p\u0159ipojit se k t\u00e9to v\u011bt\u0161in\u011b proto nen\u00ed nic revolu\u010dn\u00edho.\u00a0<\/span><\/p>\n<p><span>Toto prohl\u00e1\u0161en\u00ed je v\u0161ak d\u016fle\u017eit\u00e9 i v jin\u00e9m ohledu. Izraelsk\u00fdm \u00fa\u0159ad\u016fm signalizuje, \u017ee sympatie, kter\u00e9 v Evrop\u011b existovaly v\u016f\u010di Izraelc\u016fm po 7. \u0159\u00edjnu 2023, nyn\u00ed ustoupily soucitu s Palestinci. A izraelsk\u00fd premi\u00e9r Benjamin Netanjahu to bude muset vz\u00edt v \u00favahu.<\/span><\/p>\n<p><a href=\"https:\/\/www.observateur-continental.fr\/?module=articles&amp;action=view&amp;id=7130\"><em><span>Alexandre Lemoine<\/span><\/em><\/a><\/p>\n<p>&nbsp;<\/p>\n","protected":false},"excerpt":{"rendered":"<p>15 z\u00e1padn\u00edch st\u00e1t\u016f se chyst\u00e1 uznat Palestinu Francie formuje koalici zem\u00ed p\u0159ipraven\u00fdch nav\u00e1zat diplomatick\u00e9 vztahy&#8230;<\/p>\n","protected":false},"author":2,"featured_media":84772,"comment_status":"closed","ping_status":"closed","sticky":false,"template":"","format":"standard","meta":[],"categories":[7],"tags":[107,39,312,4200,365],"_links":{"self":[{"href":"https:\/\/www.infokuryr.cz\/n\/wp-json\/wp\/v2\/posts\/84771"}],"collection":[{"href":"https:\/\/www.infokuryr.cz\/n\/wp-json\/wp\/v2\/posts"}],"about":[{"href":"https:\/\/www.infokuryr.cz\/n\/wp-json\/wp\/v2\/types\/post"}],"author":[{"embeddable":true,"href":"https:\/\/www.infokuryr.cz\/n\/wp-json\/wp\/v2\/users\/2"}],"replies":[{"embeddable":true,"href":"https:\/\/www.infokuryr.cz\/n\/wp-json\/wp\/v2\/comments?post=84771"}],"version-history":[{"count":0,"href":"https:\/\/www.infokuryr.cz\/n\/wp-json\/wp\/v2\/posts\/84771\/revisions"}],"wp:featuredmedia":[{"embeddable":true,"href":"https:\/\/www.infokuryr.cz\/n\/wp-json\/wp\/v2\/media\/84772"}],"wp:attachment":[{"href":"https:\/\/www.infokuryr.cz\/n\/wp-json\/wp\/v2\/media?parent=84771"}],"wp:term":[{"taxonomy":"category","embeddable":true,"href":"https:\/\/www.infokuryr.cz\/n\/wp-json\/wp\/v2\/categories?post=84771"},{"taxonomy":"post_tag","embeddable":true,"href":"https:\/\/www.infokuryr.cz\/n\/wp-json\/wp\/v2\/tags?post=84771"}],"curies":[{"name":"wp","href":"https:\/\/api.w.org\/{rel}","templated":true}]}}