{"id":84767,"date":"2025-08-01T03:55:55","date_gmt":"2025-08-01T01:55:55","guid":{"rendered":"https:\/\/www.infokuryr.cz\/n\/?p=84767"},"modified":"2025-08-01T03:55:55","modified_gmt":"2025-08-01T01:55:55","slug":"zeme-pod-kontrolou-domu-sion-dostaly-z-londyna-pokyn-k-uznani-statnosti-palestiny","status":"publish","type":"post","link":"https:\/\/www.infokuryr.cz\/n\/2025\/08\/01\/zeme-pod-kontrolou-domu-sion-dostaly-z-londyna-pokyn-k-uznani-statnosti-palestiny\/","title":{"rendered":"Zem\u011b pod kontrolou Domu Sion dostaly z Lond\u00fdna pokyn k uzn\u00e1n\u00ed st\u00e1tnosti Palestiny &#8230;"},"content":{"rendered":"<div id=\"fb-root\"><\/div>\n<h4>Zem\u011b pod kontrolou Domu Sion dostaly z Lond\u00fdna pokyn k uzn\u00e1n\u00ed st\u00e1tnosti Palestiny a k zablokov\u00e1n\u00ed Trumpova chabadistick\u00e9ho procesu na ukotven\u00ed Velk\u00e9ho Izraele, ke kter\u00e9mu se schyluje hrozbou anexe Z\u00e1padn\u00edho b\u0159ehu a genocidn\u011b za\u010di\u0161\u0165ovan\u00e9 Gazy! Zem\u011b britsk\u00e9 koruny a Francie ji\u017e ozn\u00e1mily, \u017ee uznaj\u00ed Palestinu na 80. Valn\u00e9m shrom\u00e1\u017ed\u011bn\u00ed OSN! Trump hroz\u00ed sankcemi zem\u00edm, kter\u00e9 Palestinu uznaj\u00ed! Co se to najednou d\u011bje?<\/h4>\n<p>V\u00e1lka mezi \u017e a \u017d se po uvalen\u00ed 15% cel na EU ze strany \u201cskopov\u00e9 hlavy\u201d rozjela podle v\u0161eho naplno, a to s neuv\u011b\u0159iteln\u011b brut\u00e1ln\u00ed a a\u017e absurdn\u00ed razanc\u00ed. Postupn\u011b v rozestupu doslova n\u011bkolika hodin hned nejv\u011bt\u0161\u00ed zem\u011b britsk\u00e9 koruny spole\u010dn\u011b s Franci\u00ed, tedy v\u0161echno zem\u011b Domu Sion pod kontrolou Rothschildova klanu, ozn\u00e1mily p\u0159ipravenost uznat st\u00e1tnost Palestiny, a to ji\u017e v z\u00e1\u0159\u00ed tohoto roku na 80. Valn\u00e9m shrom\u00e1\u017ed\u011bn\u00ed OSN.<\/p>\n<p><strong>Nejprve tuto informaci odhalil Rothschild\u016fv \u201csynek\u201d Emmanuel Macron, \u017ee Francie uzn\u00e1 st\u00e1tnost Palestiny v OSN v z\u00e1\u0159\u00ed, a vz\u00e1p\u011bt\u00ed to sam\u00e9 zopakoval i britsk\u00fd premi\u00e9r Keir Starmer<\/strong>, tot\u00e9\u017e zazn\u011blo s Austr\u00e1lie a nyn\u00ed toto rozhodnut\u00ed zazn\u011blo i od Marka Carneyho, kanadsk\u00e9ho premi\u00e9ra.\u00a0Velk\u00e1 Brit\u00e1nie, Kanada, Austr\u00e1lie, v\u0161echno zem\u011b britsk\u00e9ho Commonwealthu. A vedle toho Francie pod veden\u00edm prezidenta, kter\u00fd se kari\u00e9rn\u011b vypracoval v pa\u0159\u00ed\u017esk\u00e9 pobo\u010dce Rothschildovy banky.<\/p>\n<p>&nbsp;<\/p>\n<div id=\"rumble_v6urgvg\">\n<div id=\"vid_v6urgvg\" class=\"rumble_v6urgvg-Rumble-cls\" tabindex=\"-1\"><div class='videoWrapper'>\r\n\t            <iframe src='https:\/\/rumble.com\/embed\/pj.v6urgvg\/' frameborder='0' allowfullscreen><\/iframe>\r\n\t        <\/div><\/div>\n<\/div>\n<p>&nbsp;<\/p>\n<p>Co se najednou d\u011bje? Co vlastn\u011b stalo? Z\u00e1padn\u00ed zem\u011b skupiny G7 nikdy ani omylem o uzn\u00e1n\u00ed Palestiny neuva\u017eovaly, proto\u017ee Palestinci byli jenom n\u00e1strojem na destabilizaci pl\u00e1n\u016f Chabadu v Izraeli na ukotven\u00ed Velk\u00e9ho Izraele. To byla a dosud je role Palestinc\u016f z pohledu Domu Sion v Lond\u00fdn\u011b, pokud byste tomu nerozum\u011bli, pro\u010d zem\u011b EU a D\u016fm Sion tak dlouh\u00e9 dek\u00e1dy podporovaly Ham\u00e1s, Fatt\u00e1h a pos\u00edlaly Palestinc\u016fm humanit\u00e1rn\u00ed pomoc a prvn\u00ed posledn\u00ed.<\/p>\n<h3>Trump varuje p\u0159ed uzn\u00e1n\u00edm st\u00e1tnosti Palestiny, Kanad\u011b i dal\u0161\u00edm zem\u00edm u\u017e hroz\u00ed cly a dal\u0161\u00edmi sankcemi<\/h3>\n<p>Jen\u017ee poka\u017ed\u00e9 to byla jen humanit\u00e1rn\u00ed a technick\u00e1 pomoc, ale nikdy ne to, o co Palestinci usilovali \u2013 tedy o uzn\u00e1n\u00ed nez\u00e1vislosti a st\u00e1tnosti Palestiny v mezin\u00e1rodn\u011b uznan\u00fdch hranic\u00edch ze strany mocn\u00fdch zem\u00ed kolektivn\u00edho Z\u00e1padu. Tohle toti\u017e D\u016fm Sion necht\u011bl Palestinc\u016fm splnit.\u00a0<strong>C\u00edlem bylo pom\u00e1hat ze strany EU a Lond\u00fdna palestinsk\u00fdm organizac\u00edm, ale pouze k tomu, aby udr\u017eovaly sionistick\u00fd Izrael v nestabilit\u011b.<\/strong><\/p>\n<p>A to proto, aby nedo\u0161lo k napln\u011bn\u00ed d\u011bsiv\u00e9ho okultn\u00edho proroctv\u00ed o ukotven\u00ed Velk\u00e9ho Izraele, kter\u00e9 se stane rozn\u011btkou obrovsk\u00e9 v\u00e1lky mezi Severem a Jihem, ne jej\u00edm\u017e konci Gog Magog zni\u010d\u00ed Evropu, Britsk\u00e9 ostrovy, a cel\u00fd evropsk\u00fd kontinent od Lvova a\u017e po Faersk\u00e9 ostrovy skon\u010d\u00ed v ohni a lehne popelem. A tento proces p\u0159edpov\u011bzen\u00fd v Tanachu se za\u010dal po p\u0159\u00edchodu skopov\u00e9 hlavy do B\u00edl\u00e9ho domu napl\u0148ovat.<\/p>\n<p>&nbsp;<\/p>\n<div id=\"rumble_v6urhai\">\n<div id=\"vid_v6urhai\" class=\"rumble_v6urhai-Rumble-cls\" tabindex=\"-1\">\n<div><div class='videoWrapper'>\r\n\t            <iframe src='https:\/\/rumble.com\/embed\/pj.v6urhai\/' frameborder='0' allowfullscreen><\/iframe>\r\n\t        <\/div><\/div>\n<\/div>\n<\/div>\n<p>&nbsp;<\/p>\n<p>Trump v reakci na pl\u00e1n zem\u00ed Domu Sion ji\u017e ve \u010dtvrtek reagoval a pohrozil na s\u00edti Truth uvalen\u00edm cel na Kanadu, pokud uzn\u00e1 Palestinu. Trump je pod halachou Chabadu Lubavitch a nav\u00edc nen\u00ed s\u00e1m, pod halachou je i jeho dcera Ivanka, kter\u00e1 konvertovala k judaismu po s\u0148atku s Jaredem Kushnerem, realitn\u00edm magn\u00e1tem, kter\u00fd Trumpa i jeho dceru p\u0159ivedl k Chabadu v bostonsk\u00e9 centr\u00e1le ji\u017e p\u0159ed prvn\u00edmi Trumpov\u00fdmi volbami v roce 2016.<\/p>\n<p>A Trump dostal minul\u00fd rok v \u0159\u00edjnu u hrobu Menachem Mendel Schneersona \u00fakol. T\u00edm \u00fakolem je splnit sen a c\u00edl Chabadu uveden\u00fd nejen v Tanachu, ale zejm\u00e9na v knize Tanya, kde v proroctv\u00ed se p\u00ed\u0161e, \u017ee Velk\u00fd Izrael bude zalo\u017een na biblick\u00fdch z\u00e1kladech Judeje, Zajord\u00e1nska a Sama\u0159\u00ed, tedy na \u00fazem\u00edch Palestiny. Bude se jednat o z\u00e1klad Velk\u00e9ho Izraele, tedy v\u00fdchoz\u00ed bod a po\u010d\u00e1tek oznamuj\u00edc\u00ed p\u0159\u00edchod Mesi\u00e1\u0161e, kter\u00fd bude \u201cvelet\u201d stavb\u011b Velk\u00e9ho Izraele a jeho velk\u00e9ho d\u00edla.<\/p>\n<h3 data-start=\"44\" data-end=\"59\">Francie<\/h3>\n<ul>\n<li data-start=\"62\" data-end=\"138\"><span class=\"relative -mx-px my-[-0.2rem] rounded px-px py-[0.2rem] transition-colors duration-100 ease-in-out\">Prezident Macron ofici\u00e1ln\u011b ozn\u00e1mil, \u017ee Francie\u00a0<strong data-start=\"47\" data-end=\"103\" data-is-last-node=\"\">uzn\u00e1 st\u00e1t Palestinu v\u202fz\u00e1\u0159\u00ed na Valn\u00e9m shrom\u00e1\u017ed\u011bn\u00ed OSN.<\/strong><\/span><\/li>\n<li data-start=\"141\" data-end=\"217\"><span class=\"relative -mx-px my-[-0.2rem] rounded px-px py-[0.2rem] transition-colors duration-100 ease-in-out\">Spolu s Franci\u00ed vydalo\u00a0<strong data-start=\"23\" data-end=\"35\">15 st\u00e1t\u016f<\/strong>\u00a0spole\u010dn\u00e9 prohl\u00e1\u0161en\u00ed vyz\u00fdvaj\u00edc\u00ed ostatn\u00ed zem\u011b k uzn\u00e1n\u00ed st\u00e1tnosti Palestiny.<\/span><\/li>\n<\/ul>\n<h3 data-start=\"219\" data-end=\"245\">Spojen\u00e9 kr\u00e1lovstv\u00ed<\/h3>\n<ul>\n<li data-start=\"248\" data-end=\"324\"><span class=\"relative -mx-px my-[-0.2rem] rounded px-px py-[0.2rem] transition-colors duration-100 ease-in-out\">Premi\u00e9r Keir Starmer ozn\u00e1mil, \u017ee\u00a0<strong data-start=\"33\" data-end=\"77\">Brit\u00e1nie uzn\u00e1 st\u00e1t Palestinu v\u202fz\u00e1\u0159\u00ed 2025<\/strong>, pokud Izrael nep\u0159ijme kl\u00ed\u010dov\u00e1 opat\u0159en\u00ed \u2013 v\u010detn\u011b p\u0159\u00edm\u011b\u0159\u00ed v Gaze a postupu k m\u00edru a dvoust\u00e1tn\u00edmu \u0159e\u0161en\u00ed.<\/span><\/li>\n<li data-start=\"327\" data-end=\"403\"><span class=\"relative -mx-px my-[-0.2rem] rounded px-px py-[0.2rem] transition-colors duration-100 ease-in-out\">Uzn\u00e1n\u00ed je p\u0159edm\u011btem intenzivn\u00ed ve\u0159ejn\u00e9 i pr\u00e1vn\u00ed debaty ve Velk\u00e9 Brit\u00e1nii.<\/span><\/li>\n<\/ul>\n<h3 data-start=\"405\" data-end=\"419\">Kanada<\/h3>\n<ul>\n<li data-start=\"422\" data-end=\"500\"><span class=\"relative -mx-px my-[-0.2rem] rounded px-px py-[0.2rem] transition-colors duration-100 ease-in-out\">Kanadsk\u00fd premi\u00e9r Mark Carney potvrdil p\u0159ipravenost Kanady\u00a0<strong data-start=\"58\" data-end=\"89\">uznat Palestinu v\u202fz\u00e1\u0159\u00ed 2025<\/strong>, pokud Palestinsk\u00e1 samospr\u00e1va provede reformy (nap\u0159. volby v roce 2026 bez \u00fa\u010dasti Ham\u00e1su).<\/span><\/li>\n<\/ul>\n<h3 data-start=\"502\" data-end=\"519\">Austr\u00e1lie<\/h3>\n<ul>\n<li data-start=\"522\" data-end=\"602\"><span class=\"relative -mx-px my-[-0.2rem] rounded px-px py-[0.2rem] transition-colors duration-100 ease-in-out\">Premi\u00e9r Anthony Albanese osobn\u011b deklaroval podporu uzn\u00e1n\u00ed Palestiny v\u202fsouvislosti s dvoust\u00e1tn\u00edm \u0159e\u0161en\u00edm a zva\u017euje ozn\u00e1men\u00ed v z\u00e1\u0159\u00ed 2025, i kdy\u017e form\u00e1ln\u00ed rozhodnut\u00ed zat\u00edm nebylo vyd\u00e1no.<\/span><\/li>\n<\/ul>\n<h3 data-start=\"604\" data-end=\"646\">Malta, Kanada a Singapur<\/h3>\n<ul>\n<li data-start=\"649\" data-end=\"729\"><span class=\"relative -mx-px my-[-0.2rem] rounded px-px py-[0.2rem] transition-colors duration-100 ease-in-out\">Na konferenci OSN spolupo\u0159\u00e1dan\u00e9 Franci\u00ed a Sa\u00fadskou Ar\u00e1bi\u00ed dos\u00e1hly v\u00fdzvy k uzn\u00e1n\u00ed palestinsk\u00e9 st\u00e1tnosti.\u00a0<strong data-start=\"104\" data-end=\"113\">Malta<\/strong>\u00a0ji\u017e potvrdila z\u00e1m\u011br uznat Palestinu v\u202fz\u00e1\u0159\u00ed,\u00a0<strong data-start=\"158\" data-end=\"168\">Kanada<\/strong>\u00a0to z\u00e1rove\u0148 sd\u011blila, a\u00a0<strong data-start=\"191\" data-end=\"203\">Singapur<\/strong>\u00a0pr\u00fd \u201e<em>v z\u00e1sad\u011b p\u0159ipraven<\/em>\u201c, p\u0159i dodr\u017een\u00ed podm\u00ednek pro m\u00edrov\u00fd proces.<\/span><\/li>\n<\/ul>\n<h3>\ud83d\udccb P\u0159ehled v tabulce<\/h3>\n<table border=\"1\" cellspacing=\"0\" cellpadding=\"6\">\n<thead>\n<tr>\n<th>St\u00e1t<\/th>\n<th>Stav k\u202f\u010dervenci 2025<\/th>\n<th>Podm\u00ednky \/ Koment\u00e1\u0159<\/th>\n<\/tr>\n<\/thead>\n<tbody>\n<tr>\n<td>Francie<\/td>\n<td>Ozn\u00e1meno: uzn\u00e1n\u00ed v z\u00e1\u0159\u00ed 2025<\/td>\n<td>\u017d\u00e1d\u00e1 politick\u00e9 kroky a postoj ke dvoust\u00e1tn\u00edmu \u0159e\u0161en\u00ed<\/td>\n<\/tr>\n<tr>\n<td>Spojen\u00e9 kr\u00e1lovstv\u00ed<\/td>\n<td>Ozn\u00e1meno: uzn\u00e1n\u00ed v z\u00e1\u0159\u00ed 2025 (pokud Izrael neukon\u010d\u00ed operace v Gaze a hladomor)<\/td>\n<td>Podm\u00edn\u011bno p\u0159\u00edm\u011b\u0159\u00edm a reformami<\/td>\n<\/tr>\n<tr>\n<td>Kanada<\/td>\n<td>Ozn\u00e1meno: uzn\u00e1n\u00ed v z\u00e1\u0159\u00ed 2025<\/td>\n<td>Po proveden\u00ed reforem ve spr\u00e1v\u011b PNA, volby 2026<\/td>\n<\/tr>\n<tr>\n<td>Austr\u00e1lie<\/td>\n<td>Zva\u017euje: premi\u00e9r signalizoval podporu<\/td>\n<td>Form\u00e1ln\u00ed rozhodnut\u00ed dosud nep\u0159ijato<\/td>\n<\/tr>\n<tr>\n<td>Malta<\/td>\n<td>Potvrdila: uzn\u00e1n\u00ed v z\u00e1\u0159\u00ed po konferenci<\/td>\n<td>Souvisej\u00edc\u00ed s v\u00fdsledky konference OSN a Sa\u00fadsk\u00e9 Ar\u00e1bie<\/td>\n<\/tr>\n<tr>\n<td>Singapur<\/td>\n<td>P\u0159ipraven v z\u00e1sad\u011b uznat<\/td>\n<td>Za ur\u010dit\u00fdch podm\u00ednek m\u00edrov\u00e9ho procesu<\/td>\n<\/tr>\n<\/tbody>\n<\/table>\n<h3 data-start=\"1631\" data-end=\"1659\">\u270d\ufe0f Kontext &amp; \u0161ir\u0161\u00ed pozad\u00ed<\/h3>\n<ul>\n<li data-start=\"1662\" data-end=\"1742\"><span class=\"relative -mx-px my-[-0.2rem] rounded px-px py-[0.2rem] transition-colors duration-100 ease-in-out\">K \u010dervenci 2025 ji\u017e\u00a0<strong data-start=\"20\" data-end=\"54\">147 ze 193 \u010dlensk\u00fdch st\u00e1t\u016f OSN<\/strong>\u00a0Palestinu uzn\u00e1valo jako samostatn\u00fd st\u00e1t.<\/span><\/li>\n<li data-start=\"1745\" data-end=\"1825\"><span class=\"relative -mx-px my-[-0.2rem] rounded px-px py-[0.2rem] transition-colors duration-100 ease-in-out\">Od za\u010d\u00e1tku roku 2024 p\u0159istoupily ke st\u00e1tn\u00edmu uzn\u00e1n\u00ed v\u00fdznamn\u00e9 evropsk\u00e9 zem\u011b:\u00a0<strong data-start=\"76\" data-end=\"115\">\u0160pan\u011blsko, Irsko, Norsko, Slovinsko<\/strong>\u00a0(ji\u017e ve 2024).<\/span><\/li>\n<li data-start=\"1911\" data-end=\"1991\"><span class=\"relative -mx-px my-[-0.2rem] rounded px-px py-[0.2rem] transition-colors duration-100 ease-in-out\">Konferen\u010dn\u00ed iniciativa OSN ve spolupr\u00e1ci se Sa\u00fadskou Ar\u00e1bi\u00ed m\u00e1 jasn\u00fd c\u00edl: roz\u0161\u00ed\u0159it st\u00e1tn\u00ed uzn\u00e1n\u00ed Palestiny a obnovit dvoust\u00e1tn\u00ed \u0159e\u0161en\u00ed.<\/span><\/li>\n<\/ul>\n<h3 data-start=\"1998\" data-end=\"2011\">\ud83e\udded Shrnut\u00ed<\/h3>\n<p data-start=\"2012\" data-end=\"2098\">V z\u00e1\u0159\u00ed 2025 je pravd\u011bpodobn\u00e9, \u017ee n\u011bkter\u00e9 z\u00e1padn\u00ed zem\u011b ofici\u00e1ln\u011b uznaj\u00ed st\u00e1t Palestinu:<\/p>\n<ul>\n<li data-start=\"2101\" data-end=\"2200\"><strong data-start=\"2101\" data-end=\"2112\">Francie<\/strong>,\u00a0<strong data-start=\"2114\" data-end=\"2136\">Spojen\u00e9 kr\u00e1lovstv\u00ed<\/strong>,\u00a0<strong data-start=\"2138\" data-end=\"2148\">Kanada<\/strong>\u00a0\u2013 ozn\u00e1mily sv\u00e9 z\u00e1m\u011bry a p\u0159ipravuj\u00ed form\u00e1ln\u00ed uzn\u00e1n\u00ed.<\/li>\n<li data-start=\"2203\" data-end=\"2258\"><strong data-start=\"2203\" data-end=\"2216\">Austr\u00e1lie<\/strong>\u00a0\u2013 zva\u017euje, ale je\u0161t\u011b neform\u00e1ln\u011b rozhodla.<\/li>\n<li data-start=\"2261\" data-end=\"2336\"><strong data-start=\"2261\" data-end=\"2270\">Malta<\/strong>\u00a0a\u00a0<strong data-start=\"2273\" data-end=\"2285\">Singapur<\/strong>\u00a0\u2013 potvrdily nebo signalizovaly p\u0159ipravenost uznat.<\/li>\n<\/ul>\n<p data-start=\"2338\" data-end=\"2565\">Tyto kroky p\u0159edstavuj\u00ed v\u00fdznamn\u00fd posun v mezin\u00e1rodn\u00ed diplomacii a pravd\u011bpodobn\u011b pos\u00edl\u00ed tlak na dal\u0161\u00ed evropsk\u00e9 st\u00e1ty jako Belgii, Lucembursko, Slovinsko nebo Portugalsko, aby n\u00e1sledovaly b\u011bhem Valn\u00e9ho shrom\u00e1\u017ed\u011bn\u00ed nebo konferenc\u00ed. Tedy pozor, abyste tomu rozum\u011bli \u2013 z\u00e1klady Velk\u00e9ho Izraele vych\u00e1z\u00ed z Gazy a ze Z\u00e1padn\u00edho b\u0159ehu! A oboj\u00ed se po n\u00e1stupu skopov\u00e9 a Chabadu pod\u0159\u00edzen\u00e9 hlavy za\u010dalo urychlen\u011b realizovat.<\/p>\n<div class=\"twitter-tweet twitter-tweet-rendered\"><iframe id=\"twitter-widget-0\" class=\"\" title=\"X Post\" src=\"https:\/\/platform.twitter.com\/embed\/Tweet.html?dnt=false&amp;embedId=twitter-widget-0&amp;features=eyJ0ZndfdGltZWxpbmVfbGlzdCI6eyJidWNrZXQiOltdLCJ2ZXJzaW9uIjpudWxsfSwidGZ3X2ZvbGxvd2VyX2NvdW50X3N1bnNldCI6eyJidWNrZXQiOnRydWUsInZlcnNpb24iOm51bGx9LCJ0ZndfdHdlZXRfZWRpdF9iYWNrZW5kIjp7ImJ1Y2tldCI6Im9uIiwidmVyc2lvbiI6bnVsbH0sInRmd19yZWZzcmNfc2Vzc2lvbiI6eyJidWNrZXQiOiJvbiIsInZlcnNpb24iOm51bGx9LCJ0ZndfZm9zbnJfc29mdF9pbnRlcnZlbnRpb25zX2VuYWJsZWQiOnsiYnVja2V0Ijoib24iLCJ2ZXJzaW9uIjpudWxsfSwidGZ3X21peGVkX21lZGlhXzE1ODk3Ijp7ImJ1Y2tldCI6InRyZWF0bWVudCIsInZlcnNpb24iOm51bGx9LCJ0ZndfZXhwZXJpbWVudHNfY29va2llX2V4cGlyYXRpb24iOnsiYnVja2V0IjoxMjA5NjAwLCJ2ZXJzaW9uIjpudWxsfSwidGZ3X3Nob3dfYmlyZHdhdGNoX3Bpdm90c19lbmFibGVkIjp7ImJ1Y2tldCI6Im9uIiwidmVyc2lvbiI6bnVsbH0sInRmd19kdXBsaWNhdGVfc2NyaWJlc190b19zZXR0aW5ncyI6eyJidWNrZXQiOiJvbiIsInZlcnNpb24iOm51bGx9LCJ0ZndfdXNlX3Byb2ZpbGVfaW1hZ2Vfc2hhcGVfZW5hYmxlZCI6eyJidWNrZXQiOiJvbiIsInZlcnNpb24iOm51bGx9LCJ0ZndfdmlkZW9faGxzX2R5bmFtaWNfbWFuaWZlc3RzXzE1MDgyIjp7ImJ1Y2tldCI6InRydWVfYml0cmF0ZSIsInZlcnNpb24iOm51bGx9LCJ0ZndfbGVnYWN5X3RpbWVsaW5lX3N1bnNldCI6eyJidWNrZXQiOnRydWUsInZlcnNpb24iOm51bGx9LCJ0ZndfdHdlZXRfZWRpdF9mcm9udGVuZCI6eyJidWNrZXQiOiJvbiIsInZlcnNpb24iOm51bGx9fQ%3D%3D&amp;frame=false&amp;hideCard=false&amp;hideThread=false&amp;id=1950785163228516659&amp;lang=cs&amp;origin=https%3A%2F%2Faeronet.news%2Fzeme-pod-kontrolou-domu-sion-dostaly-z-londyna-pokyn-k-uznani-statnosti-palestiny-a-k-zablokovani-trumpova-chabadistickeho-procesu-na-ukotveni-velkeho-izraele-ke-kteremu-se-schyluje-hrozbou-anexe%2F&amp;sessionId=9b4275312ea20da35c64387073e439290492da0a&amp;theme=light&amp;widgetsVersion=2615f7e52b7e0%3A1702314776716&amp;width=550px\" frameborder=\"0\" scrolling=\"no\" allowfullscreen=\"allowfullscreen\" data-tweet-id=\"1950785163228516659\" data-mce-fragment=\"1\"><\/iframe><\/div>\n<p data-start=\"2338\" data-end=\"2565\">Sionistick\u00e9 jednotky vyhladily Gazu a te\u010f tam prob\u00edh\u00e1\u00a0<strong>proces \u0159\u00edzen\u00e9ho hladomoru<\/strong>\u00a0pod otev\u0159en\u00fdm nebem s c\u00edlem vyhnat Palestince do exilu, tedy hladem je vyhnat z Palestiny, anebo je tam nechat um\u0159\u00edt hladem. A pokud jde o z\u00e1padn\u00ed b\u0159eh, p\u0159ed t\u00fddnem Knesset p\u0159ijal usnesen\u00ed\u00a0<strong>[<a href=\"https:\/\/aeronet.news\/palestinci-musi-hladovet-jiz-5-000-jich-vyuzilo-vystehovalecky-program-a-opustili-gazu-natrvalo-je-potreba-jich-vystehovat-mnohem-a-mnohem-vice-gaza-je-vymazana-a-cela-bude-zidovska\/\">1<\/a>]<\/strong>, ve kter\u00e9m vyz\u00fdv\u00e1 Netanjahuovu vl\u00e1du k anexi Z\u00e1padn\u00edho b\u0159ehu. A nen\u00ed to tak d\u00e1vno, co Trump ozn\u00e1mil\u00a0<strong>[<a href=\"https:\/\/aeronet.news\/donald-trump-na-palube-air-force-one-vyzval-k-etnickemu-vycisteni-pasma-gazy-od-15-milionu-palestincu-kteri-maji-byt-z-pasma-zdemolovaneho-americkymi-bombami-odsunuti-do-sousedniho-jordanska\/\">2<\/a>]<\/strong>\u00a0\u201c<em>p\u0159ekr\u00e1sn\u00fd<\/em>\u201d pl\u00e1n na vyst\u011bhov\u00e1n\u00ed v\u0161ech obyvatel Gazy do jin\u00fdch zem\u00ed, zat\u00edmco Gaza m\u00e1 b\u00fdt p\u0159em\u011bn\u011bna na pl\u00e1\u017eov\u00fd resort Izraele.<\/p>\n<h3 data-start=\"2338\" data-end=\"2565\">Do B\u00edl\u00e9ho domu se po 4 letech Trump vr\u00e1til jako ten, kdo m\u00e1 v Izraeli obnovit z\u00e1klady Velk\u00e9ho Izraele<\/h3>\n<p><strong>Trump prost\u011b byl zachr\u00e1n\u011bn v roce 2024 p\u0159ed krimin\u00e1lem a odsouzen\u00edm za \u00faplatk\u00e1\u0159stv\u00ed prostitutky jen proto, aby Chabadu splnil jeho sen \u2013\u00a0ukotven\u00ed z\u00e1klad\u016f Velk\u00e9ho Izraele!<\/strong>\u00a0To je to tajemstv\u00ed, pro\u010d byl Trump tak hladce a bez protahov\u00e1n\u00ed s\u010d\u00edt\u00e1n\u00ed hlas\u016f zvolen vloni v listopadu. M\u00e1 toti\u017e \u00fakol ukotvit Izrael do v\u00fdchoz\u00edho stavu Judeje, Zajord\u00e1nska a Sama\u0159\u00ed. To je v\u00fdchoz\u00ed bod pro Velk\u00fd Izrael a rovn\u011b\u017e bod p\u0159\u00edchodu Mesi\u00e1\u0161e, kter\u00fd na stavbu Velk\u00e9ho Izraele m\u00e1 dohl\u00ed\u017eet. Hraje se o nejv\u011bt\u0161\u00ed biblick\u00e9 proroctv\u00ed! Tedy my\u0161leno hebrejsk\u00e9 Bible \u2013 Tanachu.<\/p>\n<figure id=\"attachment_62595\" class=\"wp-caption aligncenter\" style=\"width: 705px;\"><a href=\"https:\/\/aeronet.news\/wp-content\/uploads\/TrumpSchneersonGraveReadingFT.jpg\"><img decoding=\"async\" loading=\"lazy\" class=\"wp-image-62595 \" src=\"https:\/\/aeronet.news\/wp-content\/uploads\/TrumpSchneersonGraveReadingFT-1024x576.jpg\" sizes=\"(max-width: 700px) 100vw, 700px\" srcset=\"https:\/\/aeronet.news\/wp-content\/uploads\/TrumpSchneersonGraveReadingFT-1024x576.jpg 1024w, https:\/\/aeronet.news\/wp-content\/uploads\/TrumpSchneersonGraveReadingFT-300x169.jpg 300w, https:\/\/aeronet.news\/wp-content\/uploads\/TrumpSchneersonGraveReadingFT-768x432.jpg 768w, https:\/\/aeronet.news\/wp-content\/uploads\/TrumpSchneersonGraveReadingFT-700x394.jpg 700w, https:\/\/aeronet.news\/wp-content\/uploads\/TrumpSchneersonGraveReadingFT-635x357.jpg 635w, https:\/\/aeronet.news\/wp-content\/uploads\/TrumpSchneersonGraveReadingFT-859x483.jpg 859w, https:\/\/aeronet.news\/wp-content\/uploads\/TrumpSchneersonGraveReadingFT.jpg 1280w\" alt=\"\" width=\"705\" height=\"397\" \/><\/a><figcaption class=\"wp-caption-text\">Trump u hrobu vele-rab\u00edna Menachem Mendel Schneersona v New Yorku, 7. \u0159\u00edjna 2024<\/figcaption><\/figure>\n<p>A v t\u00e9to situaci si najednou Lond\u00fdn a D\u016fm Sion uv\u011bdomuj\u00ed, \u017ee je zle! Trumpovi a Chabadu se to m\u016f\u017ee pov\u00e9st, dojde k napln\u011bn\u00ed proroctv\u00ed a Evropa i Lond\u00fdn (<em>rozum\u011bj evropsk\u00fd Edom<\/em>) budou zni\u010deny v obrovsk\u00e9 v\u00e1lce na evropsk\u00e9m kontinentu. V obrovsk\u00e9 a nejv\u011bt\u0161\u00ed v\u00e1lce v historii lidstva, jak je uvedeno v proroctv\u00ed.<\/p>\n<p><em>T\u011bla goyim budou v\u00fdbuchy ohn\u011b na evropsk\u00e9m kontinentu l\u00e9tat a\u017e k nebes\u016fm, a ne\u017e dopadnou zp\u00e1tky na zem, prom\u011bn\u00ed se b\u011bhem p\u00e1du dol\u016f v prach a kosti.\u00a0Ha\u0161em nebude m\u00edt slitov\u00e1n\u00ed s Edomem.<\/em>\u00a0Apokalyptick\u00e9 popisy nen\u00ed pot\u0159eba nijak l\u00ed\u010dit, proto\u017ee je jasn\u00e9, \u017ee t\u011bmto proroctv\u00edm nemus\u00edme v\u011b\u0159it, ale podstatn\u00e9 je, \u017ee jim v\u011b\u0159\u00ed ti, kte\u0159\u00ed kontroluj\u00ed procesy na t\u00e9to planet\u011b. Anebo p\u0159inejmen\u0161\u00edm spolu-kontroluj\u00ed. A oni maj\u00ed d\u011bs a strach.<\/p>\n<h3>Hrozba vzniku z\u00e1kladn\u00ed platformy Velk\u00e9ho Izraele donutila D\u016fm Sion k z\u00e1chran\u011b Palestiny! Ale nen\u00ed ji\u017e pozd\u011b?<\/h3>\n<p>Proto do\u0161lo po t\u00e9m\u011b\u0159 80 letech k n\u011b\u010demu, co nikdo ne\u010dekal. Zem\u011b Domu Sion na \u010dele se zem\u011bmi britsk\u00e9 koruny a rovn\u011b\u017e Francie vyzvaly k uzn\u00e1n\u00ed st\u00e1tnosti Palestiny.\u00a0<strong>Je to z\u00e1chrann\u00fd mechanismus Domu Sion, kter\u00fd za\u010dal tahat za krat\u0161\u00ed provaz ve v\u00e1lce mezi \u017e a \u017d.<\/strong>\u00a0Trump podle ve\u0159ejn\u011b dostupn\u00fdch z\u00e1znam\u016f americk\u00e9 feder\u00e1ln\u00ed volebn\u00ed komise p\u0159ijal od d\u00e1rc\u016f napojen\u00fdch na pro-izraelsk\u00e9 skupiny a organizaci AIPAC v\u00edce ne\u017e 230 milion\u016f USD.<\/p>\n<p>Abyste tomu rozum\u011bli \u2013 uzn\u00e1n\u00ed st\u00e1tnosti od kl\u00ed\u010dov\u00fdch zem\u00ed kolektivn\u00edho Z\u00e1padu a rovn\u011b\u017e \u010dlen\u016f skupiny G7 podle mezin\u00e1rodn\u00edho pr\u00e1va zma\u0159\u00ed pl\u00e1n Chabadu na likvidaci a vyhlazen\u00ed Palestiny z mapy Bl\u00edzk\u00e9ho v\u00fdchodu, co\u017e zma\u0159\u00ed pl\u00e1n Chabadu na ukotven\u00ed z\u00e1klad\u016f Velk\u00e9ho Izraele. Ten proces bude sice pokra\u010dovat, Trump a Netanyahu budou nad\u00e1le o ten pl\u00e1n vyhn\u00e1n\u00ed Palestinc\u016f z Gazy a o anexi Z\u00e1padn\u00edho b\u0159ehu usilovat, ale u\u017e to nebude tak jednoduch\u00e9.<\/p>\n<figure id=\"attachment_64309\" class=\"wp-caption aligncenter\" style=\"width: 650px;\"><a href=\"https:\/\/aeronet.news\/wp-content\/uploads\/TrumpAipacTrack.jpg\"><img decoding=\"async\" loading=\"lazy\" class=\"wp-image-64309 \" src=\"https:\/\/aeronet.news\/wp-content\/uploads\/TrumpAipacTrack-1024x1024.jpg\" sizes=\"(max-width: 700px) 100vw, 700px\" srcset=\"https:\/\/aeronet.news\/wp-content\/uploads\/TrumpAipacTrack-1024x1024.jpg 1024w, https:\/\/aeronet.news\/wp-content\/uploads\/TrumpAipacTrack-150x150.jpg 150w, https:\/\/aeronet.news\/wp-content\/uploads\/TrumpAipacTrack-300x300.jpg 300w, https:\/\/aeronet.news\/wp-content\/uploads\/TrumpAipacTrack-768x768.jpg 768w, https:\/\/aeronet.news\/wp-content\/uploads\/TrumpAipacTrack-700x700.jpg 700w, https:\/\/aeronet.news\/wp-content\/uploads\/TrumpAipacTrack-357x357.jpg 357w, https:\/\/aeronet.news\/wp-content\/uploads\/TrumpAipacTrack-483x483.jpg 483w, https:\/\/aeronet.news\/wp-content\/uploads\/TrumpAipacTrack-210x210.jpg 210w, https:\/\/aeronet.news\/wp-content\/uploads\/TrumpAipacTrack.jpg 1070w\" alt=\"\" width=\"650\" height=\"650\" \/><\/a><figcaption class=\"wp-caption-text\">Trump je Izraeli zav\u00e1z\u00e1n velk\u00fdmi pen\u011bzi za svoji volebn\u00ed kampa\u0148 v roce 2024<\/figcaption><\/figure>\n<p>U\u017e to bude agrese nejen podle mezin\u00e1rodn\u00edho, ale i pode \u201c<em>z\u00e1padn\u00edho<\/em>\u201d pr\u00e1va, a prost\u011b u\u017e to bude p\u0159\u00edli\u0161 komplikovan\u00e9. V Lond\u00fdn\u011b vid\u00ed v projektoru, co se stane po z\u00e1niku Palestiny a vytvo\u0159en\u00ed Izraele na p\u016fdorysu p\u016fvodn\u00ed Judeje, Zajord\u00e1nska a Sama\u0159\u00ed. Vid\u00ed, co se bude d\u00edt v Evrop\u011b. A vid\u00ed sv\u016fj konec v Lond\u00fdn\u011b. A proto najednou a zni\u010dehonic vyhla\u0161uj\u00ed uzn\u00e1n\u00ed Palestiny. Ve chv\u00edli, kdy Chabad kontroluje Kreml, B\u00edl\u00fd d\u016fm a Jeruzal\u00e9m. A tak jest d\u00e1no! Proto najednou propukla takov\u00e1 fale\u0161n\u00e1 p\u00e9\u010de od zem\u00ed Domu Sion o palestinskou svrchovanost.<\/p>\n<p><a href=\"https:\/\/aeronet.news\/zeme-pod-kontrolou-domu-sion-dostaly-z-londyna-pokyn-k-uznani-statnosti-palestiny-a-k-zablokovani-trumpova-chabadistickeho-procesu-na-ukotveni-velkeho-izraele-ke-kteremu-se-schyluje-hrozbou-anexe\/\">-VK-<\/a><\/p>\n<p>&nbsp;<\/p>\n","protected":false},"excerpt":{"rendered":"<p>Zem\u011b pod kontrolou Domu Sion dostaly z Lond\u00fdna pokyn k uzn\u00e1n\u00ed st\u00e1tnosti Palestiny a k&#8230;<\/p>\n","protected":false},"author":2,"featured_media":84768,"comment_status":"closed","ping_status":"closed","sticky":false,"template":"","format":"standard","meta":[],"categories":[6],"tags":[1042,107,312,404,4200],"_links":{"self":[{"href":"https:\/\/www.infokuryr.cz\/n\/wp-json\/wp\/v2\/posts\/84767"}],"collection":[{"href":"https:\/\/www.infokuryr.cz\/n\/wp-json\/wp\/v2\/posts"}],"about":[{"href":"https:\/\/www.infokuryr.cz\/n\/wp-json\/wp\/v2\/types\/post"}],"author":[{"embeddable":true,"href":"https:\/\/www.infokuryr.cz\/n\/wp-json\/wp\/v2\/users\/2"}],"replies":[{"embeddable":true,"href":"https:\/\/www.infokuryr.cz\/n\/wp-json\/wp\/v2\/comments?post=84767"}],"version-history":[{"count":0,"href":"https:\/\/www.infokuryr.cz\/n\/wp-json\/wp\/v2\/posts\/84767\/revisions"}],"wp:featuredmedia":[{"embeddable":true,"href":"https:\/\/www.infokuryr.cz\/n\/wp-json\/wp\/v2\/media\/84768"}],"wp:attachment":[{"href":"https:\/\/www.infokuryr.cz\/n\/wp-json\/wp\/v2\/media?parent=84767"}],"wp:term":[{"taxonomy":"category","embeddable":true,"href":"https:\/\/www.infokuryr.cz\/n\/wp-json\/wp\/v2\/categories?post=84767"},{"taxonomy":"post_tag","embeddable":true,"href":"https:\/\/www.infokuryr.cz\/n\/wp-json\/wp\/v2\/tags?post=84767"}],"curies":[{"name":"wp","href":"https:\/\/api.w.org\/{rel}","templated":true}]}}