{"id":84759,"date":"2025-08-01T00:33:24","date_gmt":"2025-07-31T22:33:24","guid":{"rendered":"https:\/\/www.infokuryr.cz\/n\/?p=84759"},"modified":"2025-07-31T18:57:12","modified_gmt":"2025-07-31T16:57:12","slug":"jiri-paroubek-armadni-spioni-smiruji-lidi","status":"publish","type":"post","link":"https:\/\/www.infokuryr.cz\/n\/2025\/08\/01\/jiri-paroubek-armadni-spioni-smiruji-lidi\/","title":{"rendered":"Ji\u0159\u00ed Paroubek: Arm\u00e1dn\u00ed \u0161pi\u00f3ni \u0161m\u00edruj\u00ed lidi"},"content":{"rendered":"<div id=\"fb-root\"><\/div>\n<p><strong>Sou\u010dasn\u00e1 vl\u00e1da je opravdu poda\u0159en\u00e1. To, \u017ee zamet\u00e1 stopy kolem bitcoinov\u00e9 af\u00e9ry zcela primitivn\u00edm zp\u016fsobem, to bych j\u00ed je\u0161t\u011b odpustil, ale \u0161m\u00edrov\u00e1n\u00ed \u0159\u00e1dn\u00fdch ob\u010dan\u016f arm\u00e1dn\u00edmi \u0161pi\u00f3ny, to u\u017e je mimo m\u00e9 ch\u00e1p\u00e1n\u00ed. Mohu si to vysv\u011btlit jenom tak, \u017ee volby do poslaneck\u00e9 sn\u011bmovny za\u010d\u00e1tkem \u0159\u00edjna stra\u0161\u00ed tuhle vl\u00e1du natolik, \u017ee je ochotn\u00e1 ud\u011blat cokoliv, slovy cokoliv, aby z\u00edskala t\u0159eba i podp\u00e1sov\u00fdmi \u00fadery politickou v\u00fdhodu. (O v\u00edt\u011bzstv\u00ed ve volb\u00e1ch u\u017e ale nem\u016f\u017ee ani sn\u00edt).<\/strong><\/p>\n<p style=\"font-weight: 400;\">Je\u0161t\u011b se mi snad nestalo, \u017ee bych vyu\u017eil \u010dl\u00e1nek napsan\u00fd \u010desk\u00fdm politikem, v\u00a0tomto p\u0159\u00edpad\u011b se jedn\u00e1 o \u010dl\u00e1nek pod n\u00e1zvem \u201eArm\u00e1da p\u0159ekro\u010dila rubikon. Voj\u00e1ci tajn\u011b sledovali ob\u010dany i opozici\u201c k naps\u00e1n\u00ed vlastn\u00edho \u010dl\u00e1nku. Ten \u010dl\u00e1nek, na n\u011bj\u017e navazuji, napsal \u0161\u00e9f nejsiln\u011bj\u0161\u00ed opozi\u010dn\u00ed strany a pravd\u011bpodobn\u00fd budouc\u00ed premi\u00e9r Andrej Babi\u0161. S\u00a0t\u00edmto, jak se zd\u00e1, nezpochybniteln\u00fdm Babi\u0161ov\u00fdm tvrzen\u00edm p\u0159ich\u00e1z\u00ed v MFD pr\u00e1v\u011b dnes (\u010dtvrtek 31.8.), dva m\u011bs\u00edce p\u0159ed volbami. Je to opravdu skand\u00e1l monument\u00e1ln\u00edch rozm\u011br\u016f, kter\u00fd se bohu\u017eel op\u00edr\u00e1 o re\u00e1ln\u00e1 zji\u0161t\u011bn\u00ed. Podle A. Babi\u0161e \u2013 a j\u00e1 o tom nepochybuji \u2013 Velitelstv\u00ed informa\u010dn\u00edch a kybernetick\u00fdch sil a pod\u0159\u00edzen\u00e1 91. skupina informa\u010dn\u00edho boje, potaj\u00ed \u0161m\u00edrovaly vybran\u00e9 \u010desk\u00e9 ob\u010dany. To, \u017ee se tak d\u011blo bez jak\u00e9koliv parlamentn\u00ed kontroly, je \u00fapln\u011b skand\u00e1ln\u00ed z\u00e1le\u017eitost. Skupina provl\u00e1dn\u00edch arm\u00e1dn\u00edch poskok\u016f, \u0161pi\u00f3n\u016f, \u0161m\u00edrovala nikoliv zahrani\u010dn\u00ed agenty nebo teroristy, ale\u00a0 novin\u00e1\u0159e, d\u00e1le lidi, kte\u0159\u00ed jsou aktivn\u00ed na soci\u00e1ln\u00edch s\u00edt\u00edch a opozi\u010dn\u00ed politiky. Tato, zat\u00edm mal\u00e1 \u010desk\u00e1 Watergate je v\u00e1\u017en\u00e1 v\u011bc zj. proto, \u017ee v\u00a0s\u00edt\u00edch \u0161m\u00edrov\u00e1n\u00ed uv\u00edzl mj. pr\u00e1v\u011b \u0161\u00e9f nejv\u011bt\u0161\u00ed opozi\u010dn\u00ed strany Andrej Babi\u0161. Je to prost\u011b Watergate po \u010desku.<\/p>\n<p style=\"font-weight: 400;\">Po\u010d\u00ednaje rokem 2024 v\u00a0r\u00e1mci sv\u00e9 tajn\u00e9 operace vojen\u0161t\u00ed \u0161pi\u00f3ni pod fale\u0161nou identitou nejen, \u017ee sledovali debaty na soci\u00e1ln\u00edch s\u00edt\u00edch, ale dokonce do nich i zasahovali. A to je obzvl\u00e1\u0161\u0165 nebezpe\u010dn\u00e9 a z\u00e1ke\u0159n\u00e9.<\/p>\n<p style=\"font-weight: 400;\">Jak to \u0159ekl p\u0159\u00edsed\u00edc\u00ed u soudu s\u00a0dobr\u00fdm voj\u00e1kem \u0160vejkem, kdy\u017e tomu hrozil hrdeln\u00ed trest:.\u201eMus\u00edme hledat nitky a dal\u0161\u00ed nitky\u201c\u2026 \u0160lo jim\u00a0 p\u0159edev\u0161\u00edm o to, sledovat postoje diskutuj\u00edc\u00edch k v\u00e1lce na Ukrajin\u011b, ministerstvu obrany, ale tak\u00e9 k\u00a0politick\u00fdm ot\u00e1zk\u00e1m. Docela by bylo z\u00e1bavn\u00e9 v\u011bd\u011bt v\u00a0jak\u00e9 \u0161k\u00e1le, \u0159ekl bych p\u0159\u00edmo v jak\u00e9 Flanderkov\u011b stupnici od I.a) a\u017e po \u201etot\u00e1ln\u011b nespolehliv\u00e9\u201c, se hodnocen\u00ed diskut\u00e9r\u016f arm\u00e1dn\u00edmi \u0161pi\u00f3ny na soci\u00e1ln\u00edch s\u00edt\u00edch pohybovalo&#8230; \u0160pi\u00f3ni ur\u010dit\u011b nechl\u00e1cholili veden\u00ed arm\u00e1dy a sv\u00e9ho ministerstva, \u017ee je n\u00e1lada obyvatelstva\u00a0 I.a)\u2026.<\/p>\n<p style=\"font-weight: 400;\">Za pomoci specializovan\u00e9ho softwaru dokonce vznikaly \u00fadajn\u011b slo\u017eky na konkr\u00e9tn\u00ed osoby i analytick\u00e9 v\u00fdstupy. A to s\u00a0konkr\u00e9tn\u00edm politick\u00fdm vyzn\u011bn\u00edm, j\u00edm\u017e byl 40ti str\u00e1nkov\u00fd dokument s\u00a0n\u00e1zvem \u201eVolby 2025\u201c.<\/p>\n<p style=\"font-weight: 400;\">Jen politick\u00fd debil se m\u016f\u017ee pustit t\u011bsn\u011b p\u0159ed volbami do akce tohoto typu. V\u017edy\u0165 mus\u00ed p\u0159edpokl\u00e1dat, \u017ee ani lid\u00e9 v t\u00e9to skupin\u011b arm\u00e1dn\u00edch zpravodajc\u016f nemohou b\u00fdt v\u0161ichni voli\u010di vl\u00e1dn\u00edch stran. A proto bylo jen ot\u00e1zkou \u010dasu, kdy se cel\u00e1 v\u011bc proval\u00ed. V\u0161echny tyto informace zjistil, zkompletoval a zve\u0159ejnil poslanec hnut\u00ed ANO Pavel R\u016f\u017ei\u010dka, m\u00edstop\u0159edseda sn\u011bmovn\u00edho bezpe\u010dnostn\u00edho v\u00fdboru. Samoz\u0159ejm\u011b, \u017ee se stal ihned c\u00edlem kampan\u011b ze strany provl\u00e1dn\u00edch m\u00e9di\u00ed, kter\u00e1 jej za\u010dala hovadit. Pr\u00fd t\u00edm R\u016f\u017ei\u010dka nahr\u00e1v\u00e1 Putinovi. No, argument k\u00a0sm\u00edchu. P\u0159eci, kdy\u017e n\u011bkdo jedn\u00e1 nez\u00e1konn\u011b, nen\u00ed mo\u017en\u00e9 o\u010dek\u00e1vat, \u017ee se bude cel\u00e1 v\u011bc zametat pod koberec jen proto, \u017ee by se to \u0161pi\u00f3n\u016fm hodilo. Zat\u00edm se podle v\u0161eho Ministerstvo obrany a ani arm\u00e1da k\u00a0t\u011bmto z\u00e1va\u017en\u00fdm obvin\u011bn\u00edm v\u016fbec nevyj\u00e1d\u0159ily. Podle \u010dinitel\u016f arm\u00e1dy se jednalo p\u0159i t\u00e9to operaci jen o \u201ecvi\u010den\u00ed\u201c. Je smutn\u00e9, \u017ee voj\u00e1ci, kte\u0159\u00ed by r\u00e1di neust\u00e1le navy\u0161ovali sv\u00e9 stavy a sv\u00e9 platy, si mohli dovolit hru &#8211; cvi\u010den\u00ed na \u201e\u0161pi\u00f3ny\u201c, hru kter\u00e1 by k\u00a0ni\u010demu nevedla, jen k poru\u0161en\u00ed z\u00e1kona. Toto \u0161pi\u00f3nov\u00e1n\u00ed\u00a0 ze strany arm\u00e1dy, \u00a0je nesl\u00fdchan\u00fdm z\u00e1sahem do \u00fastavn\u00edho po\u0159\u00e1dku zem\u011b, do demokratick\u00fdch svobod. A pokud se prok\u00e1\u017ee, \u017ee arm\u00e1da, respektive jej\u00ed v\u00fdznamn\u00e1 slo\u017eka byla zneu\u017eita jako n\u00e1stroj politick\u00e9ho boje, mus\u00ed figury v\u00a0\u010dele ministerstva obrany z\u00a0toho vyvodit z\u00e1sadn\u00ed politickou odpov\u011bdnost. Ministryn\u011b obrany \u010cernochov\u00e1 jist\u011b bude tvrdit, \u017ee o ni\u010dem nev\u011bd\u011bla. Bude celou v\u011bc bagatelizovat a sunout pomalu, ale jist\u011b pod koberec. V\u00a0dan\u00e9 chv\u00edli bude ml\u010det. Mysl\u00edm, \u017ee by A. Babi\u0161 a jeho hnut\u00ed a tak\u00e9 SPD m\u011bli okam\u017eit\u011b svolat mimo\u0159\u00e1dnou sch\u016fzi poslaneck\u00e9 sn\u011bmovny a do\u017eadovat se pod\u00e1n\u00ed informac\u00ed a vysv\u011btlen\u00ed k\u00a0cel\u00e9mu p\u0159\u00edpadu. A tak\u00e9 k vyvozen\u00ed politick\u00e9 odpov\u011bdnosti&#8230;.<\/p>\n<p><a href=\"https:\/\/vasevec.info\/domaci-politika\/armadni-spioni-smiruji-lidi\">Ji\u0159\u00ed Paroubek<\/a><\/p>\n<p><img decoding=\"async\" loading=\"lazy\" class=\"alignnone size-medium wp-image-2342\" src=\"http:\/\/www.infokuryr.cz\/n\/wp-content\/uploads\/2021\/06\/paroubek-300x208.jpg\" alt=\"\" width=\"300\" height=\"208\" srcset=\"https:\/\/www.infokuryr.cz\/n\/wp-content\/uploads\/2021\/06\/paroubek-300x208.jpg 300w, https:\/\/www.infokuryr.cz\/n\/wp-content\/uploads\/2021\/06\/paroubek.jpg 318w\" sizes=\"(max-width: 300px) 100vw, 300px\" \/><\/p>\n<p>&nbsp;<\/p>\n","protected":false},"excerpt":{"rendered":"<p>Sou\u010dasn\u00e1 vl\u00e1da je opravdu poda\u0159en\u00e1. To, \u017ee zamet\u00e1 stopy kolem bitcoinov\u00e9 af\u00e9ry zcela primitivn\u00edm zp\u016fsobem,&#8230;<\/p>\n","protected":false},"author":2,"featured_media":15661,"comment_status":"closed","ping_status":"closed","sticky":false,"template":"","format":"standard","meta":[],"categories":[6],"tags":[9583,1503,1430,142],"_links":{"self":[{"href":"https:\/\/www.infokuryr.cz\/n\/wp-json\/wp\/v2\/posts\/84759"}],"collection":[{"href":"https:\/\/www.infokuryr.cz\/n\/wp-json\/wp\/v2\/posts"}],"about":[{"href":"https:\/\/www.infokuryr.cz\/n\/wp-json\/wp\/v2\/types\/post"}],"author":[{"embeddable":true,"href":"https:\/\/www.infokuryr.cz\/n\/wp-json\/wp\/v2\/users\/2"}],"replies":[{"embeddable":true,"href":"https:\/\/www.infokuryr.cz\/n\/wp-json\/wp\/v2\/comments?post=84759"}],"version-history":[{"count":1,"href":"https:\/\/www.infokuryr.cz\/n\/wp-json\/wp\/v2\/posts\/84759\/revisions"}],"predecessor-version":[{"id":84760,"href":"https:\/\/www.infokuryr.cz\/n\/wp-json\/wp\/v2\/posts\/84759\/revisions\/84760"}],"wp:featuredmedia":[{"embeddable":true,"href":"https:\/\/www.infokuryr.cz\/n\/wp-json\/wp\/v2\/media\/15661"}],"wp:attachment":[{"href":"https:\/\/www.infokuryr.cz\/n\/wp-json\/wp\/v2\/media?parent=84759"}],"wp:term":[{"taxonomy":"category","embeddable":true,"href":"https:\/\/www.infokuryr.cz\/n\/wp-json\/wp\/v2\/categories?post=84759"},{"taxonomy":"post_tag","embeddable":true,"href":"https:\/\/www.infokuryr.cz\/n\/wp-json\/wp\/v2\/tags?post=84759"}],"curies":[{"name":"wp","href":"https:\/\/api.w.org\/{rel}","templated":true}]}}