{"id":84753,"date":"2025-08-01T00:30:18","date_gmt":"2025-07-31T22:30:18","guid":{"rendered":"https:\/\/www.infokuryr.cz\/n\/?p=84753"},"modified":"2025-07-31T18:34:54","modified_gmt":"2025-07-31T16:34:54","slug":"trump-rusi-zakaz-spalovacich-motoru-berlin-pokracuje-v-klimatickem-silenstvi","status":"publish","type":"post","link":"https:\/\/www.infokuryr.cz\/n\/2025\/08\/01\/trump-rusi-zakaz-spalovacich-motoru-berlin-pokracuje-v-klimatickem-silenstvi\/","title":{"rendered":"Trump ru\u0161\u00ed z\u00e1kaz spalovac\u00edch motor\u016f \u2013 Berl\u00edn pokra\u010duje v klimatick\u00e9m \u0161\u00edlenstv\u00ed"},"content":{"rendered":"<div id=\"fb-root\"><\/div>\n<p><strong><span>Washington DC\/Berl\u00edn \u2013 Zat\u00edmco N\u011bmecko pod novou koali\u010dn\u00ed vl\u00e1dou nad\u00e1le dodr\u017euje destruktivn\u00ed klimatick\u00e9 c\u00edle EU, americk\u00fd prezident Donald Trump se s ekologick\u00fdm \u0161\u00edlenstv\u00edm vypo\u0159\u00e1d\u00e1v\u00e1: Z\u00e1kaz spalovac\u00edch motor\u016f pl\u00e1novan\u00fd demokraty je zru\u0161en a nadm\u011brn\u00e9 emisn\u00ed p\u0159edpisy jsou zru\u0161eny.<\/span><\/strong><\/p>\n<p><span>Trump tak vys\u00edl\u00e1 jasn\u00fd sign\u00e1l pro svobodu, ekonomickou racionalitu a technologickou otev\u0159enost. V USA si ob\u010dan\u00e9 budou i nad\u00e1le moci sami rozhodnout, zda budou \u0159\u00eddit naftov\u00e9, benz\u00ednov\u00e9 nebo elektrick\u00e9 auto. V N\u011bmecku v\u0161ak politick\u00e1 t\u0159\u00edda nad\u00e1le sn\u00ed o klimaticky neutr\u00e1ln\u00edm, donucovac\u00edm st\u00e1t\u011b.<\/span><\/p>\n<h3 id=\"h-afd-politik-fur-das-volk\" class=\"wp-block-heading\"><span>AfD: \u201ePolitika pro lidi\u201c<\/span><\/h3>\n<p><span>V N\u011bmecku AfD dlouhodob\u011b vyz\u00fdv\u00e1 k ukon\u010den\u00ed emisn\u00edch p\u0159edpis\u016f, kter\u00e9 po\u0161kozuj\u00ed ekonomiku zem\u011b. Expert EU na zahrani\u010dn\u00ed politiku Petr Bystro\u0148 (AfD) uvedl:<\/span><\/p>\n<p><em>\u201eDonald Trump si uv\u011bdomil, co je v Evrop\u011b st\u00e1le pop\u00edr\u00e1no: Zelen\u00e1 klimatick\u00e1 diktatura ni\u010d\u00ed ekonomiku, vyvlast\u0148uje ob\u010dany a nep\u0159in\u00e1\u0161\u00ed \u017e\u00e1dn\u00fd skute\u010dn\u00fd prosp\u011bch pro klima. Zru\u0161en\u00edm z\u00e1kazu spalovac\u00edch motor\u016f Trump d\u00e1v\u00e1 p\u0159\u00edklad rozumu, svobody a ekonomick\u00e9 s\u00edly. To je politika pro lidi.\u201c<\/em><\/p>\n<h3 id=\"h-usa-markt-und-realitat-setzen-sich-durch\" class=\"wp-block-heading\"><span>USA: Trh a realita v\u00edt\u011bz\u00ed<\/span><\/h3>\n<p><span>P\u0159edpisy p\u0159ipraven\u00e9 Bidenovou administrativou stanovily, \u017ee do roku 2032 budou dv\u011b t\u0159etiny v\u0161ech nov\u00fdch automobil\u016f pln\u011b elektrick\u00e9. Realita v\u0161ak tyto pl\u00e1ny p\u0159edb\u011bhla: Popt\u00e1vka po elektromobilech se hrout\u00ed, chyb\u00ed nab\u00edjec\u00ed infrastruktura a suroviny a n\u00e1klady prudce rostou. Trump reaguje \u2013 a z legislativy odstra\u0148uje ekologick\u00e9 zbo\u017en\u00e9 p\u0159\u00e1n\u00ed.<\/span><\/p>\n<h3 id=\"h-deutschland-neue-regierung-alte-ideologie\" class=\"wp-block-heading\"><span>N\u011bmecko: Nov\u00e1 vl\u00e1da, star\u00e1 ideologie<\/span><\/h3>\n<p><span>Navzdory zm\u011bn\u011b vl\u00e1dy v Berl\u00edn\u011b z\u016fst\u00e1v\u00e1 kurz prakticky nezm\u011bn\u011bn. Pod veden\u00edm kancl\u00e9\u0159e Merze a jeho \u010derveno-\u010dern\u00e9 koalice jsou na\u0159\u00edzen\u00ed vydan\u00e1 v Bruselu p\u0159edsedkyn\u00ed Komise Ursulou von der Leyen nad\u00e1le sv\u011bdomit\u011b pln\u011bna. De facto z\u00e1kaz spalovac\u00edch motor\u016f od roku 2035, kter\u00fd p\u0159edstavuje tak\u00e9 obrovskou hrozbu pro n\u011bmeck\u00e9 mal\u00e9 a st\u0159edn\u00ed podniky, z\u016fst\u00e1v\u00e1 v platnosti.<\/span><\/p>\n<h3 id=\"h-wahrend-trump-freiheit-bringt-stranguliert-berlin-die-industrie\" class=\"wp-block-heading\"><span>Zat\u00edmco Trump p\u0159in\u00e1\u0161\u00ed svobodu, Berl\u00edn dus\u00ed pr\u016fmysl<\/span><\/h3>\n<p><span>USA se osvobozuj\u00ed z ideologick\u00fdch pout \u2013 N\u011bmecko se naopak dr\u017e\u00ed centr\u00e1ln\u011b pl\u00e1novan\u00fdch ekonomik, kter\u00e9 ani nezachra\u0148uj\u00ed klima, ani nezapojuj\u00ed obyvatelstvo. Zat\u00edmco miliony Ameri\u010dan\u016f si oddechuj\u00ed, doj\u00ed\u017ed\u011bj\u00edc\u00ed, \u0159emesln\u00edci a rodiny v t\u00e9to zemi jsou i nad\u00e1le nuceni platit \u2013 to v\u0161e ve jm\u00e9nu \u201eklimatick\u00e9 spravedlnosti\u201c.<\/span><\/p>\n<p><img decoding=\"async\" loading=\"lazy\" class=\"alignnone size-full wp-image-1185\" src=\"http:\/\/www.infokuryr.cz\/n\/wp-content\/uploads\/2021\/04\/kuryr-podpis.png\" alt=\"\" width=\"84\" height=\"24\" \/><\/p>\n<p>&nbsp;<\/p>\n","protected":false},"excerpt":{"rendered":"<p>Washington DC\/Berl\u00edn \u2013 Zat\u00edmco N\u011bmecko pod novou koali\u010dn\u00ed vl\u00e1dou nad\u00e1le dodr\u017euje destruktivn\u00ed klimatick\u00e9 c\u00edle EU,&#8230;<\/p>\n","protected":false},"author":2,"featured_media":84754,"comment_status":"closed","ping_status":"closed","sticky":false,"template":"","format":"standard","meta":[],"categories":[7],"tags":[84,6200,452],"_links":{"self":[{"href":"https:\/\/www.infokuryr.cz\/n\/wp-json\/wp\/v2\/posts\/84753"}],"collection":[{"href":"https:\/\/www.infokuryr.cz\/n\/wp-json\/wp\/v2\/posts"}],"about":[{"href":"https:\/\/www.infokuryr.cz\/n\/wp-json\/wp\/v2\/types\/post"}],"author":[{"embeddable":true,"href":"https:\/\/www.infokuryr.cz\/n\/wp-json\/wp\/v2\/users\/2"}],"replies":[{"embeddable":true,"href":"https:\/\/www.infokuryr.cz\/n\/wp-json\/wp\/v2\/comments?post=84753"}],"version-history":[{"count":0,"href":"https:\/\/www.infokuryr.cz\/n\/wp-json\/wp\/v2\/posts\/84753\/revisions"}],"wp:featuredmedia":[{"embeddable":true,"href":"https:\/\/www.infokuryr.cz\/n\/wp-json\/wp\/v2\/media\/84754"}],"wp:attachment":[{"href":"https:\/\/www.infokuryr.cz\/n\/wp-json\/wp\/v2\/media?parent=84753"}],"wp:term":[{"taxonomy":"category","embeddable":true,"href":"https:\/\/www.infokuryr.cz\/n\/wp-json\/wp\/v2\/categories?post=84753"},{"taxonomy":"post_tag","embeddable":true,"href":"https:\/\/www.infokuryr.cz\/n\/wp-json\/wp\/v2\/tags?post=84753"}],"curies":[{"name":"wp","href":"https:\/\/api.w.org\/{rel}","templated":true}]}}