{"id":84750,"date":"2025-08-01T00:29:39","date_gmt":"2025-07-31T22:29:39","guid":{"rendered":"https:\/\/www.infokuryr.cz\/n\/?p=84750"},"modified":"2025-07-31T18:31:27","modified_gmt":"2025-07-31T16:31:27","slug":"petr-pokorny-proc-je-na-politicke-univerzite-karlove-patologicka-az-predsudecna-nenavist-k-spd","status":"publish","type":"post","link":"https:\/\/www.infokuryr.cz\/n\/2025\/08\/01\/petr-pokorny-proc-je-na-politicke-univerzite-karlove-patologicka-az-predsudecna-nenavist-k-spd\/","title":{"rendered":"Petr Pokorn\u00fd: Pro\u010d je na politick\u00e9 Univerzit\u011b Karlov\u011b patologick\u00e1, a\u017e p\u0159edsude\u010dn\u00e1 nen\u00e1vist k SPD?"},"content":{"rendered":"<div id=\"fb-root\"><\/div>\n<div class=\"introtext\">\n<h4>Filozofick\u00e1 a politick\u00e1 fakulta UK m\u00e1 vytv\u00e1\u0159et prost\u0159ed\u00ed pro svobodnou diskuzi, ale dle v\u00fdstup\u016f a hr\u016fz se zd\u00e1, \u017ee se zde utvo\u0159ilo &#8222;patologick\u00e9 hn\u00edzdo nen\u00e1visti&#8220;!<\/h4>\n<\/div>\n<div class=\"fulltext\">\n<p>\u201eNedostatky ve zdravotnictv\u00ed nevy\u0159e\u0161\u00ed chirurgov\u00e9 z dovozu\u201c. \u201eA\u010dkoliv jde o svobodu slova, tak si mysl\u00edm, \u017ee st\u00e1tn\u00ed z\u00e1stupce by m\u011bl podat ob\u017ealobu na hnut\u00ed SPD a na Tomia Okamuru,\u201c soud\u00ed v po\u0159adu Interview Plus<strong>\u00a0Ale\u0161 Michal z Institutu politologick\u00fdch studi\u00ed<\/strong>\u00a0<strong>Fakulty soci\u00e1ln\u00edch v\u011bd UK.<\/strong><\/p>\n<p><img decoding=\"async\" loading=\"lazy\" class=\"aligncenter\" src=\"https:\/\/www.skrytapravda.cz\/images\/blogy\/805\/2025\/7cervenec\/Sn%C3%ADmek_obrazovky_4087_3cc69.webp\" alt=\"Sn\u00edmek obrazovky 4087 3cc69\" width=\"594\" height=\"421\" \/><\/p>\n<p>Tento mlad\u00fd mu\u017e tedy schvaluje, aby mu\u017ei \u010dern\u00e9 pleti ohro\u017eovali, napadali a dokonce zab\u00edjeli ob\u010dany Evropy a kdo protestuje a m\u00e1 strach o sv\u00e9 d\u011bti, sv\u00e9 dcery a man\u017eelky, je ve skute\u010dnosti zlo\u010dinec?<\/p>\n<p>Pod\u00edvejte se na \u00favodn\u00ed kol\u00e1\u017e z origin\u00e1l\u016f. Toto je autentick\u00e9 z kraje roku. Pokud se boj\u00edte t\u011bchto \u00fatok\u016f a d\u00e1te to na plak\u00e1t, st\u00e1v\u00e1 se z v\u00e1s rasista. U\u017e na filozofick\u00e9 fakult\u011b odborn\u00edci na extremismus (je\u0161t\u011b jednou: &#8222;<strong>odborn\u00edci na extremismus&#8220;<\/strong>\u00a0) oto\u010d\u00ed strach na slova nen\u00e1vist a rasismus.<\/p>\n<p><strong>Lze nam\u00edtnout, \u017ee i b\u00edl\u00ed, \u010di \u010ce\u0161i toto mohou d\u011blat.<\/strong> Mohou. Ale kdy\u017e sem nepust\u00edme ty, co zakl\u00e1daj\u00ed NO-GO z\u00f3ny, o tyto \u00fatoky automaticky bude m\u00e9n\u011b. A dal\u0161\u00ed je\u0161t\u011b d\u016fle\u017eit\u011bj\u0161\u00ed argument: p\u0159edev\u0161\u00edm na POLITICK\u00c9 A FILOZOFICK\u00c9 FAKULT\u011a by m\u011bli v\u011bd\u011bt, \u017ee kdy\u017e jeden se up\u00e1l\u00ed, hned iniciuje n\u011bkolik cvok\u016f, kte\u0159\u00ed se up\u00e1l\u00ed tak\u00e9. A tot\u00e9\u017e je se zbran\u011bmi: kdy\u017e n\u011bkdo ud\u011bl\u00e1 pseudohrdinsk\u00fd \u010din s no\u017eem, hned se toho chytne n\u011bkolik cvok\u016f a sna\u017e\u00ed se napodobovat.<\/p>\n<p>Tak\u017ee chceme li zahnat strach o sv\u00e9 \u017eeny, hol\u010di\u010dky a rodiny, mus\u00edme se vyst\u0159\u00edhat v\u0161ech podn\u011bt\u016f, kter\u00e9 by pak skon\u010dily smrt\u00ed n\u011bkoho milovan\u00e9ho.<\/p>\n<p><img decoding=\"async\" class=\"aligncenter\" src=\"https:\/\/www.skrytapravda.cz\/images\/blogy\/805\/2025\/7cervenec\/524301394_1272649991136366_7177282663929562266_n_129d8.webp\" alt=\"524301394 1272649991136366 7177282663929562266 n 129d8\" \/><\/p>\n<p>Ne, nejv\u011bt\u0161\u00ed zlo je, \u017ee n\u00e1s nut\u00ed tito extremist\u00e9 do strachu, zoufalstv\u00ed a mus\u00edme sv\u00e9 \u017eeny a d\u011bti p\u0159ed\u00e1vat \u0161\u00edlenc\u016fm a pokud se br\u00e1n\u00edme, jsme extremist\u00e9 a rasist\u00e9.\u00a0<strong>Neuv\u011b\u0159iteln\u011b zvr\u00e1cen\u00e1 doba<\/strong>, kdy zlo se naz\u00fdv\u00e1 dobro a dobro mus\u00edme naz\u00fdvati zlem. V\u00e1lka je m\u00edr a m\u00edr je v\u00e1lka.<\/p>\n<p>Ve skute\u010dnosti je rasista a extremista ten, co\u00a0<strong>ze z\u00e1bavy, \u010di vy\u0161inut\u00e9 zvr\u00e1cenosti ni\u010d\u00ed bezd\u016fvodn\u011b jin\u00e9 osoby<\/strong>,\u00a0p\u0159edev\u0161\u00edm odli\u0161n\u00e9. Pokud toto zam\u011bn\u00ed n\u011bjak\u00fd dareb\u00e1k za strach a ochranu sv\u00fdch d\u011bti, nejen, \u017ee by m\u011bl b\u00fdt bez titulu prapodivn\u00e9ho vzd\u011bl\u00e1n\u00ed, ale je\u0161t\u011b ozna\u010den jako osoba vyvol\u00e1vaj\u00edc\u00ed nen\u00e1vist p\u0159edsude\u010dnou nen\u00e1vist\u00ed.<\/p>\n<p>P\u0159evr\u00e1tila se Karlova univerzita na hlavu, nebo tam p\u0159elo\u017eili bl\u00e1zinec?<\/p>\n<h4><strong>V\u00e1\u017en\u011b tyto z\u00e1kladn\u00ed atributy lidsk\u00e9ho chov\u00e1n\u00ed vy\u0161inut\u00fdch jedinc\u016f na fakult\u00e1ch UK neznaj\u00ed? Tak co se tam u\u010d\u00ed, kdy\u017e se tituluj\u00ed jako &#8222;odborn\u00edci na extremismus&#8220;?\u00a0<\/strong><\/h4>\n<p><a href=\"https:\/\/www.skrytapravda.cz\/z-domova\/2696-proc-je-na-politicke-univerzite-karlove-patologicka-az-predsudecna-nenavist-k-spd\">Petr Pokorn\u00fd<\/a><\/p>\n<p>&nbsp;<\/p>\n<\/div>\n","protected":false},"excerpt":{"rendered":"<p>Filozofick\u00e1 a politick\u00e1 fakulta UK m\u00e1 vytv\u00e1\u0159et prost\u0159ed\u00ed pro svobodnou diskuzi, ale dle v\u00fdstup\u016f a&#8230;<\/p>\n","protected":false},"author":2,"featured_media":84751,"comment_status":"closed","ping_status":"closed","sticky":false,"template":"","format":"standard","meta":[],"categories":[6],"tags":[6532,896,4985,176],"_links":{"self":[{"href":"https:\/\/www.infokuryr.cz\/n\/wp-json\/wp\/v2\/posts\/84750"}],"collection":[{"href":"https:\/\/www.infokuryr.cz\/n\/wp-json\/wp\/v2\/posts"}],"about":[{"href":"https:\/\/www.infokuryr.cz\/n\/wp-json\/wp\/v2\/types\/post"}],"author":[{"embeddable":true,"href":"https:\/\/www.infokuryr.cz\/n\/wp-json\/wp\/v2\/users\/2"}],"replies":[{"embeddable":true,"href":"https:\/\/www.infokuryr.cz\/n\/wp-json\/wp\/v2\/comments?post=84750"}],"version-history":[{"count":1,"href":"https:\/\/www.infokuryr.cz\/n\/wp-json\/wp\/v2\/posts\/84750\/revisions"}],"predecessor-version":[{"id":84752,"href":"https:\/\/www.infokuryr.cz\/n\/wp-json\/wp\/v2\/posts\/84750\/revisions\/84752"}],"wp:featuredmedia":[{"embeddable":true,"href":"https:\/\/www.infokuryr.cz\/n\/wp-json\/wp\/v2\/media\/84751"}],"wp:attachment":[{"href":"https:\/\/www.infokuryr.cz\/n\/wp-json\/wp\/v2\/media?parent=84750"}],"wp:term":[{"taxonomy":"category","embeddable":true,"href":"https:\/\/www.infokuryr.cz\/n\/wp-json\/wp\/v2\/categories?post=84750"},{"taxonomy":"post_tag","embeddable":true,"href":"https:\/\/www.infokuryr.cz\/n\/wp-json\/wp\/v2\/tags?post=84750"}],"curies":[{"name":"wp","href":"https:\/\/api.w.org\/{rel}","templated":true}]}}