{"id":84738,"date":"2025-08-01T00:13:31","date_gmt":"2025-07-31T22:13:31","guid":{"rendered":"https:\/\/www.infokuryr.cz\/n\/?p=84738"},"modified":"2025-07-31T13:19:26","modified_gmt":"2025-07-31T11:19:26","slug":"erik-best-bradacova-na-scenu","status":"publish","type":"post","link":"https:\/\/www.infokuryr.cz\/n\/2025\/08\/01\/erik-best-bradacova-na-scenu\/","title":{"rendered":"Erik Best: Brad\u00e1\u010dov\u00e1 na sc\u00e9nu"},"content":{"rendered":"<div id=\"fb-root\"><\/div>\n<p>Nez\u00e1visl\u00fd justi\u010dn\u00ed syst\u00e9m je nejhor\u0161\u00ed no\u010dn\u00ed m\u016frou ministra spravedlnosti, kter\u00fd m\u00e1 za \u00fakol zam\u00e9st pod koberec \u201e<a href=\"https:\/\/www.novinky.cz\/clanek\/domaci-prezident-pavel-je-ve-snemovne-40524038\" target=\"_blank\" rel=\"noopener\">velk\u00fd pr\u016f\u0161vih<\/a>\u201c, jak s\u00e1m prezident Petr Pavel ozna\u010dil bitcoinovou kauzu b\u00fdval\u00e9ho ministra spravedlnosti Pavla Bla\u017eka.<\/p>\n<p>Pokud kdy existovaly n\u011bjak\u00e9 pochybnosti ohledn\u011b role Bla\u017ekovy n\u00e1stupkyn\u011b Evy Decroix, jej\u00ed v\u010derej\u0161\u00ed koment\u00e1\u0159e je rozpt\u00fdlily. Nejen\u017ee si n\u011bkolikr\u00e1t proti\u0159e\u010dila p\u0159i vysv\u011btlov\u00e1n\u00ed, pro\u010d b\u00fdval\u00fd soudce \u00dastavn\u00edho soudu David Uhl\u00ed\u0159, kter\u00e9ho si sama vybrala, skon\u010dil ve funkci extern\u00edho koordin\u00e1tora objas\u0148ov\u00e1n\u00ed skand\u00e1lu, ale tak\u00e9 si post\u011b\u017eovala, \u017ee od vrchn\u00edho st\u00e1tn\u00edho z\u00e1stupce v\u00a0Olomouci Radima Dragouna\u00a0<a href=\"https:\/\/www.ceskenoviny.cz\/zpravy\/denik-n-koordinator-objasnovani-bitcoinove-kauzy-uhlir-skoncil-ve-funkci\/2702920\" target=\"_blank\" rel=\"noopener\">nedost\u00e1v\u00e1 adekv\u00e1tn\u00ed odpov\u011bdi<\/a>.<\/p>\n<p>Decroix nyn\u00ed chce, aby se do dohledu zapojila nejvy\u0161\u0161\u00ed st\u00e1tn\u00ed z\u00e1stupkyn\u011b Lenka Brad\u00e1\u010dov\u00e1. Jedn\u00edm z\u00a0mo\u017en\u00fdch v\u00fdklad\u016f je, \u017ee se Dragoun p\u0159\u00edli\u0161 p\u0159ibli\u017euje pravd\u011b a\u00a0je t\u0159eba ho zkrotit. A\u00a0kdo by to m\u011bl ud\u011blat l\u00e9pe ne\u017e\u00a0<a href=\"https:\/\/www.fsfinalword.cz\/?page=archive&amp;show=1&amp;day=2025-3-31\" target=\"_blank\" rel=\"noopener\">selektivn\u00ed st\u00e1tn\u00ed z\u00e1stupkyn\u011b<\/a>, kter\u00e1 ji\u017e v\u00edce ne\u017e deset let rozhoduje o\u00a0tom, kter\u00e9 v\u00fdznamn\u00e9 korup\u010dn\u00ed kauzy budou projedn\u00e1v\u00e1ny a\u00a0komu se dostane odpu\u0161t\u011bn\u00ed? Skute\u010dn\u011b nez\u00e1visl\u00fd vrchn\u00ed st\u00e1tn\u00ed z\u00e1stupce by to vn\u00edmal jako sign\u00e1l k\u00a0rychl\u00e9mu zah\u00e1jen\u00ed trestn\u00edch st\u00edh\u00e1n\u00ed.<\/p>\n<p><a href=\"https:\/\/www.fsfinalword.cz\/?page=archive&amp;day=2025-07-29&amp;utm_source=utm_source%3Dnewsletter&amp;utm_medium=utm_medium%3De-mail&amp;utm_campaign=utm_campaign%3Dfinal_word_29.7.2025\">Erik Best<\/a><\/p>\n<p><img decoding=\"async\" loading=\"lazy\" class=\"alignnone  wp-image-1179\" src=\"http:\/\/www.infokuryr.cz\/n\/wp-content\/uploads\/2021\/04\/erik-best.jpg\" alt=\"\" width=\"136\" height=\"153\" \/><\/p>\n<p>&nbsp;<\/p>\n","protected":false},"excerpt":{"rendered":"<p>Nez\u00e1visl\u00fd justi\u010dn\u00ed syst\u00e9m je nejhor\u0161\u00ed no\u010dn\u00ed m\u016frou ministra spravedlnosti, kter\u00fd m\u00e1 za \u00fakol zam\u00e9st pod&#8230;<\/p>\n","protected":false},"author":2,"featured_media":69914,"comment_status":"closed","ping_status":"closed","sticky":false,"template":"","format":"standard","meta":[],"categories":[6],"tags":[9250,8238,1503],"_links":{"self":[{"href":"https:\/\/www.infokuryr.cz\/n\/wp-json\/wp\/v2\/posts\/84738"}],"collection":[{"href":"https:\/\/www.infokuryr.cz\/n\/wp-json\/wp\/v2\/posts"}],"about":[{"href":"https:\/\/www.infokuryr.cz\/n\/wp-json\/wp\/v2\/types\/post"}],"author":[{"embeddable":true,"href":"https:\/\/www.infokuryr.cz\/n\/wp-json\/wp\/v2\/users\/2"}],"replies":[{"embeddable":true,"href":"https:\/\/www.infokuryr.cz\/n\/wp-json\/wp\/v2\/comments?post=84738"}],"version-history":[{"count":0,"href":"https:\/\/www.infokuryr.cz\/n\/wp-json\/wp\/v2\/posts\/84738\/revisions"}],"wp:featuredmedia":[{"embeddable":true,"href":"https:\/\/www.infokuryr.cz\/n\/wp-json\/wp\/v2\/media\/69914"}],"wp:attachment":[{"href":"https:\/\/www.infokuryr.cz\/n\/wp-json\/wp\/v2\/media?parent=84738"}],"wp:term":[{"taxonomy":"category","embeddable":true,"href":"https:\/\/www.infokuryr.cz\/n\/wp-json\/wp\/v2\/categories?post=84738"},{"taxonomy":"post_tag","embeddable":true,"href":"https:\/\/www.infokuryr.cz\/n\/wp-json\/wp\/v2\/tags?post=84738"}],"curies":[{"name":"wp","href":"https:\/\/api.w.org\/{rel}","templated":true}]}}